{"id":5251,"date":"2020-05-14T18:55:27","date_gmt":"2020-05-14T17:55:27","guid":{"rendered":"http:\/\/lbcomunicazione.org\/?p=5251"},"modified":"2020-05-14T18:55:28","modified_gmt":"2020-05-14T17:55:28","slug":"albano-e-romina-il-diario","status":"publish","type":"post","link":"https:\/\/lbcomunicazione.org\/index.php\/2020\/05\/14\/albano-e-romina-il-diario\/","title":{"rendered":"Albano e Romina &#8211; il diario"},"content":{"rendered":"<p>Albano e Romina &#8211; il diario<\/p>\n<p>Nel silenzio dei giorni rinchiusi, si \u00e8 svegliata la primavera senza essere disturbata. Dal grigio sono spuntati i colori della vita. Nell\u2019assurdit\u00e0 dell\u2019essenza di essa i sensi hanno ripreso il proprio respiro, avvolgendo l\u2019anima in una seta pi\u00f9 fine e pi\u00f9 pura che esista.<\/p>\n<h2>Me ne rendo conto che l\u2019amore \u00e8 l&#8217;unica salvezza. Lo \u00e8 stata e lo sar\u00e0 per sempre!<\/h2>\n<p>Ho combattuto per qualche istante con le lacrime e hanno vinto loro&#8230;sto piangendo! Sto piangendo l\u2019amore, l\u2019amicizia, la famiglia, l\u2019affetto e tutto il bene che c\u2019\u00e8 in questo mondo!<\/p>\n<p>Vuotando il bicchiere di lambrusco, si sta riempiendo di pensieri e mi accorgo che sto notando le cose che conoscevo gi\u00e0 ma nel bel mezzo di questo silenzio appaiono diverse.<\/p>\n<p>Comprendo che il mio voler bene alle persone si \u00e8 amplificato ancora di pi\u00f9. Sar\u00e0 per l\u2019assenza del calore di quell&#8217; abbraccio, sar\u00e0 perch\u00e9 sto invecchiando, sar\u00e0 per la primavera&#8230; Sar\u00e0&#8230;<\/p>\n<p>Poi ti abituerai&#8230;<\/p>\n<h2>No, non mi abituer\u00f2 mai! Che mondo sarebbe senza l\u2019affetto fisico?<\/h2>\n<div id=\"attachment_5260\" style=\"width: 310px\" class=\"wp-caption alignnone\"><img loading=\"lazy\" decoding=\"async\" aria-describedby=\"caption-attachment-5260\" class=\"size-medium wp-image-5260\" src=\"https:\/\/lbcomunicazione.org\/wp-content\/uploads\/2020\/05\/Finestra-300x300.jpg\" alt=\"Finestra sulla vita\" width=\"300\" height=\"300\" srcset=\"https:\/\/lbcomunicazione.org\/wp-content\/uploads\/2020\/05\/Finestra-300x300.jpg 300w, https:\/\/lbcomunicazione.org\/wp-content\/uploads\/2020\/05\/Finestra-1024x1024.jpg 1024w, https:\/\/lbcomunicazione.org\/wp-content\/uploads\/2020\/05\/Finestra-150x150.jpg 150w, https:\/\/lbcomunicazione.org\/wp-content\/uploads\/2020\/05\/Finestra-768x768.jpg 768w, https:\/\/lbcomunicazione.org\/wp-content\/uploads\/2020\/05\/Finestra-1536x1536.jpg 1536w, https:\/\/lbcomunicazione.org\/wp-content\/uploads\/2020\/05\/Finestra-2048x2048.jpg 2048w, https:\/\/lbcomunicazione.org\/wp-content\/uploads\/2020\/05\/Finestra-160x160.jpg 160w, https:\/\/lbcomunicazione.org\/wp-content\/uploads\/2020\/05\/Finestra-320x320.jpg 320w, https:\/\/lbcomunicazione.org\/wp-content\/uploads\/2020\/05\/Finestra-520x520.jpg 520w\" sizes=\"auto, (max-width: 300px) 100vw, 300px\" \/><p id=\"caption-attachment-5260\" class=\"wp-caption-text\"><em>Finestra sulla vita<\/em><\/p><\/div>\n<p>Se ne va via un altro giorno, silenziosamente, cos\u00ec com&#8217;era nato. Ormai sembrano tutti uguali, si distinguono dalle date.<\/p>\n<p>Noi invece da cosa ci distinguiamo?<\/p>\n<p>Scopro con forte delusione che noi uomini ci distinguiamo da quanto cuore mettiamo in ogni attimo delle nostre vite. Dovrebbe essere una cosa normale&#8230;<\/p>\n<p>Troppe cose, troppi giorni, troppo isolamento, troppa sofferenza, troppo dolore, troppe morti, troppi pensieri, troppi fogli&#8230;<\/p>\n<p>Arriva una nuova alba, quella invece non \u00e8 mai uguale. Porta sempre qualcosa di nuovo ma soprattutto la speranza. \u00c8 strano questo risveglio, non vi pare?<\/p>\n<p>Anche le parole si amplificano perch\u00e9, oltre agli sguardi, ci sono rimaste solo quelle da scambiare in questi giorni. Mentre sorseggio il mio caff\u00e8 in terrazza, respiro aria fresca, ascolto la natura e penso&#8230;<\/p>\n<p>Nel silenzio della distanza, come le campane tibetane, vibrano le parole e gli sguardi. Avete mai fatto l\u2019amore guardando negli occhi la persona che amate mentre vi parlate?<\/p>\n<p>In questi giorni ho scoperto la nuova canzone di Albano e Romina, \u201cRaccogli l\u2019attimo\u201d. Per me rimane sempre una grande emozione sentirli cantare insieme!<\/p>\n<p><em>\u201cGuardami<\/em><br><em>Fissa nei tuoi occhi anche l&#8217;anima<\/em><br><em>Come questa nostra storia magica<\/em><br><em>Come il tempo fermo intorno a noi\u201d<\/em><\/p>\n<p>Abbiamo lasciato la primavera svegliarsi senza essere disturbata. In cambio la natura ci ha dato dei colori e profumi meravigliosi insegnandoci tanto. Forse l\u2019ignoranza inizier\u00e0 a vergognarsi da sola. Forse la gente diventer\u00e0 migliore anche quando non \u00e8 il Natale.<\/p>\n<h3>Forse.<\/h3>\n<div id=\"attachment_5254\" style=\"width: 236px\" class=\"wp-caption alignleft\"><img loading=\"lazy\" decoding=\"async\" aria-describedby=\"caption-attachment-5254\" class=\"wp-image-5254 size-medium\" src=\"https:\/\/lbcomunicazione.org\/wp-content\/uploads\/2020\/05\/C15FCE95-6C52-404A-AA22-907A1A8CA572-226x300.jpeg\" alt=\"L'affetto....\" width=\"226\" height=\"300\" srcset=\"https:\/\/lbcomunicazione.org\/wp-content\/uploads\/2020\/05\/C15FCE95-6C52-404A-AA22-907A1A8CA572-226x300.jpeg 226w, https:\/\/lbcomunicazione.org\/wp-content\/uploads\/2020\/05\/C15FCE95-6C52-404A-AA22-907A1A8CA572.jpeg 392w\" sizes=\"auto, (max-width: 226px) 100vw, 226px\" \/><p id=\"caption-attachment-5254\" class=\"wp-caption-text\"><em>L&#8217;affetto&#8230;<\/em><\/p><\/div>\n\n\n<p class=\"wp-block-paragraph\"><\/p>\n","protected":false},"excerpt":{"rendered":"<p>Nel silenzio dei giorni rinchiusi, si \u00e8 svegliata la primavera senza essere disturbata. Dal grigio sono spuntati i colori della vita. Nell\u2019assurdit\u00e0 dell\u2019essenza di essa i sensi hanno ripreso il proprio respiro, avvolgendo l\u2019anima in una seta pi\u00f9 fine e pi\u00f9 pura che esista.<\/p>\n","protected":false},"author":31,"featured_media":5253,"comment_status":"open","ping_status":"closed","sticky":false,"template":"","format":"image","meta":{"footnotes":""},"categories":[6,181],"tags":[494,303,493],"class_list":["post-5251","post","type-post","status-publish","format-image","has-post-thumbnail","hentry","category-attualita","category-riflessioni","tag-affetto","tag-coronavirus","tag-diario","post_format-post-format-image"],"_links":{"self":[{"href":"https:\/\/lbcomunicazione.org\/index.php\/wp-json\/wp\/v2\/posts\/5251","targetHints":{"allow":["GET"]}}],"collection":[{"href":"https:\/\/lbcomunicazione.org\/index.php\/wp-json\/wp\/v2\/posts"}],"about":[{"href":"https:\/\/lbcomunicazione.org\/index.php\/wp-json\/wp\/v2\/types\/post"}],"author":[{"embeddable":true,"href":"https:\/\/lbcomunicazione.org\/index.php\/wp-json\/wp\/v2\/users\/31"}],"replies":[{"embeddable":true,"href":"https:\/\/lbcomunicazione.org\/index.php\/wp-json\/wp\/v2\/comments?post=5251"}],"version-history":[{"count":0,"href":"https:\/\/lbcomunicazione.org\/index.php\/wp-json\/wp\/v2\/posts\/5251\/revisions"}],"wp:featuredmedia":[{"embeddable":true,"href":"https:\/\/lbcomunicazione.org\/index.php\/wp-json\/wp\/v2\/media\/5253"}],"wp:attachment":[{"href":"https:\/\/lbcomunicazione.org\/index.php\/wp-json\/wp\/v2\/media?parent=5251"}],"wp:term":[{"taxonomy":"category","embeddable":true,"href":"https:\/\/lbcomunicazione.org\/index.php\/wp-json\/wp\/v2\/categories?post=5251"},{"taxonomy":"post_tag","embeddable":true,"href":"https:\/\/lbcomunicazione.org\/index.php\/wp-json\/wp\/v2\/tags?post=5251"}],"curies":[{"name":"wp","href":"https:\/\/api.w.org\/{rel}","templated":true}]}}