{"id":5066,"date":"2020-05-03T10:55:16","date_gmt":"2020-05-03T09:55:16","guid":{"rendered":"http:\/\/lbcomunicazione.org\/?p=5066"},"modified":"2020-05-06T00:09:32","modified_gmt":"2020-05-05T23:09:32","slug":"la-condivisione-laiuto-perfetto","status":"publish","type":"post","link":"https:\/\/lbcomunicazione.org\/index.php\/2020\/05\/03\/la-condivisione-laiuto-perfetto\/","title":{"rendered":"La Condivisione, l&#8217;aiuto perfetto."},"content":{"rendered":"<blockquote><p><em>\u201c<strong><span lang=\"de-DE\">L&#8217;amore<\/span> non sta nell&#8217;altro, ma dentro noi stessi. Siamo noi che lo risvegliamo. Ma, perch\u00e9 questo accada, abbiamo bisogno dell&#8217;altro. <span lang=\"de-DE\">L&#8217;universo ha senso <\/span>solo quando abbiamo qualcuno con cui <span lang=\"de-DE\">condividere <\/span>le nostre <span lang=\"de-DE\">emozioni<\/span><\/strong><\/em>.\u201d<br \/>\n<cite><span lang=\"de-DE\">Paulo Coelho<\/span><\/cite><\/p><\/blockquote>\n<p><!--more--><\/p>\n<div class=\"video-container\"><iframe loading=\"lazy\" title=\"blog TG24 la comunicazione : &quot;  La Condivisione, l&#039;aiuto perfetto. &quot;\" width=\"500\" height=\"281\" src=\"https:\/\/www.youtube.com\/embed\/HpmKSjMGzd4?feature=oembed&#038;wmode=opaque\" frameborder=\"0\" allow=\"accelerometer; autoplay; clipboard-write; encrypted-media; gyroscope; picture-in-picture; web-share\" referrerpolicy=\"strict-origin-when-cross-origin\" allowfullscreen><\/iframe><\/div>\n<p>&nbsp;<\/p>\n<p>Di <strong>Maria Diana<\/strong><\/p>\n<h2><em><cite><span lang=\"de-DE\">Siamo Esseri indivisibili&#8230;<\/span><\/cite><\/em><\/h2>\n<div id=\"attachment_5069\" style=\"width: 310px\" class=\"wp-caption alignright\"><img loading=\"lazy\" decoding=\"async\" aria-describedby=\"caption-attachment-5069\" class=\"wp-image-5069 size-medium\" src=\"https:\/\/lbcomunicazione.org\/wp-content\/uploads\/2020\/04\/photo_2020-04-10_01-30-55-300x211.jpg\" alt=\"\" width=\"300\" height=\"211\" srcset=\"https:\/\/lbcomunicazione.org\/wp-content\/uploads\/2020\/04\/photo_2020-04-10_01-30-55-300x211.jpg 300w, https:\/\/lbcomunicazione.org\/wp-content\/uploads\/2020\/04\/photo_2020-04-10_01-30-55-1024x721.jpg 1024w, https:\/\/lbcomunicazione.org\/wp-content\/uploads\/2020\/04\/photo_2020-04-10_01-30-55-768x541.jpg 768w, https:\/\/lbcomunicazione.org\/wp-content\/uploads\/2020\/04\/photo_2020-04-10_01-30-55-520x366.jpg 520w, https:\/\/lbcomunicazione.org\/wp-content\/uploads\/2020\/04\/photo_2020-04-10_01-30-55.jpg 1280w\" sizes=\"auto, (max-width: 300px) 100vw, 300px\" \/><p id=\"caption-attachment-5069\" class=\"wp-caption-text\">Esseri indivisibili e accolti&#8230;<\/p><\/div>\n<p><cite><span lang=\"de-DE\">La condivisione, questa stupenda esperienza nella nostra vita, ci porta a riconoscere che siamo esseri indivisibili, che facciamo parte di un creato inimaginabile e senza fine, dove ognuno di noi occupa un posto e ne \u00e9 accolto.<\/span><\/cite><\/p>\n<blockquote><p><cite><span lang=\"de-DE\"><strong>Ora siamo in tanti a riscoprire il valore della vita, del ritorno alla natura, del rispetto per i suoi abitanti, animali e piante compresi<\/strong>.<\/span><\/cite><\/p><\/blockquote>\n<p><cite><span lang=\"de-DE\">Ma molti ancora tutto questo non lo capiscono, e vivono pensando che la vita sia fatta di cose materiali, di beni di consumo, e che tutto sia loro dovuto in qualche modo.<\/span><\/cite><\/p>\n<h2><cite><span lang=\"de-DE\">Siamo messi alla prova&#8230;<\/span><\/cite><\/h2>\n<div id=\"attachment_5070\" style=\"width: 310px\" class=\"wp-caption alignleft\"><img loading=\"lazy\" decoding=\"async\" aria-describedby=\"caption-attachment-5070\" class=\"wp-image-5070 size-medium\" src=\"https:\/\/lbcomunicazione.org\/wp-content\/uploads\/2020\/04\/251135-Sepik-300x225.jpg\" alt=\"\" width=\"300\" height=\"225\" srcset=\"https:\/\/lbcomunicazione.org\/wp-content\/uploads\/2020\/04\/251135-Sepik-300x225.jpg 300w, https:\/\/lbcomunicazione.org\/wp-content\/uploads\/2020\/04\/251135-Sepik-1024x769.jpg 1024w, https:\/\/lbcomunicazione.org\/wp-content\/uploads\/2020\/04\/251135-Sepik-768x576.jpg 768w, https:\/\/lbcomunicazione.org\/wp-content\/uploads\/2020\/04\/251135-Sepik-1536x1153.jpg 1536w, https:\/\/lbcomunicazione.org\/wp-content\/uploads\/2020\/04\/251135-Sepik-2048x1537.jpg 2048w, https:\/\/lbcomunicazione.org\/wp-content\/uploads\/2020\/04\/251135-Sepik-520x390.jpg 520w\" sizes=\"auto, (max-width: 300px) 100vw, 300px\" \/><p id=\"caption-attachment-5070\" class=\"wp-caption-text\">Riscoprire la nostra forza e la nostra debolezza&#8230;<\/p><\/div>\n<p><cite><span lang=\"de-DE\">Sicuramente, oggi come oggi, ognuno di noi viene messo a prova, e le nostre parti nascoste vengono piano piano a galla.<\/span><\/cite><\/p>\n<p><cite><span lang=\"de-DE\">In questo clima che stiamo vivendo, chi pi\u00fa chi meno, sta riconoscendo che il modo che abbiamo vissuto fino ad oggi era anomalo: tutto di corsa, senza sosta, con ritmi frenetici, tutti divisi e lontani tra di noi, pur potendo ancora viaggiare liberamente in paesi lontani.<\/span><\/cite><\/p>\n<p><cite><span lang=\"de-DE\">Stiamo vivendo una repressione che, al di l\u00e1 delle motivazioni per le quali sia stata creata, ci sta portando a riscoprire i nostri punti deboli, ma anche quelli forti.<\/span><\/cite><\/p>\n<h2><\/h2>\n<h2><cite><span lang=\"de-DE\">Quanti di noi sono pronti?<\/span><\/cite><\/h2>\n<div id=\"attachment_5071\" style=\"width: 271px\" class=\"wp-caption alignright\"><img loading=\"lazy\" decoding=\"async\" aria-describedby=\"caption-attachment-5071\" class=\"wp-image-5071 size-medium\" src=\"https:\/\/lbcomunicazione.org\/wp-content\/uploads\/2020\/04\/photo_2020-04-10_01-30-31-1-261x300.jpg\" alt=\"\" width=\"261\" height=\"300\" srcset=\"https:\/\/lbcomunicazione.org\/wp-content\/uploads\/2020\/04\/photo_2020-04-10_01-30-31-1-261x300.jpg 261w, https:\/\/lbcomunicazione.org\/wp-content\/uploads\/2020\/04\/photo_2020-04-10_01-30-31-1-890x1024.jpg 890w, https:\/\/lbcomunicazione.org\/wp-content\/uploads\/2020\/04\/photo_2020-04-10_01-30-31-1-768x883.jpg 768w, https:\/\/lbcomunicazione.org\/wp-content\/uploads\/2020\/04\/photo_2020-04-10_01-30-31-1-520x598.jpg 520w, https:\/\/lbcomunicazione.org\/wp-content\/uploads\/2020\/04\/photo_2020-04-10_01-30-31-1.jpg 1113w\" sizes=\"auto, (max-width: 261px) 100vw, 261px\" \/><p id=\"caption-attachment-5071\" class=\"wp-caption-text\">Il crollo prima della rinascita&#8230;<\/p><\/div>\n<p><cite><span lang=\"de-DE\">Quanti di noi oggi riconoscono che il valore che davamo alla vita di prima sta per crollare?<\/span><\/cite><\/p>\n<p><cite><span lang=\"de-DE\">Quanti di noi, invece, riconoscono sempre di pi\u00fa che la vita della quale ne facciamo parte ha un valore fondamentale, immenso, e va rispettata?<\/span><\/cite><\/p>\n<blockquote><p><cite><span lang=\"de-DE\"><strong>Assisteremo ad un crollo, non solo finanziario ma anche psicologico, emozionale&#8230; ma assisteremo anche ad una rinascita<\/strong>.<\/span><\/cite><\/p><\/blockquote>\n<p><cite><span lang=\"de-DE\">Tutto dovr\u00e1 riprendere un ruolo ben preciso per ristabilire l&#8217;equilibrio perduto.<\/span><\/cite><\/p>\n<p>&nbsp;<\/p>\n<p>&nbsp;<\/p>\n<h2><\/h2>\n<div id=\"attachment_5072\" style=\"width: 310px\" class=\"wp-caption alignleft\"><img loading=\"lazy\" decoding=\"async\" aria-describedby=\"caption-attachment-5072\" class=\"wp-image-5072 size-medium\" src=\"https:\/\/lbcomunicazione.org\/wp-content\/uploads\/2020\/04\/photo_2020-04-10_01-26-22-300x232.jpg\" alt=\"\" width=\"300\" height=\"232\" srcset=\"https:\/\/lbcomunicazione.org\/wp-content\/uploads\/2020\/04\/photo_2020-04-10_01-26-22-300x232.jpg 300w, https:\/\/lbcomunicazione.org\/wp-content\/uploads\/2020\/04\/photo_2020-04-10_01-26-22-1024x790.jpg 1024w, https:\/\/lbcomunicazione.org\/wp-content\/uploads\/2020\/04\/photo_2020-04-10_01-26-22-768x593.jpg 768w, https:\/\/lbcomunicazione.org\/wp-content\/uploads\/2020\/04\/photo_2020-04-10_01-26-22-520x401.jpg 520w, https:\/\/lbcomunicazione.org\/wp-content\/uploads\/2020\/04\/photo_2020-04-10_01-26-22.jpg 1280w\" sizes=\"auto, (max-width: 300px) 100vw, 300px\" \/><p id=\"caption-attachment-5072\" class=\"wp-caption-text\">Una grande occasione di rigenerarsi&#8230;<cite><span lang=\"de-DE\">La Condivisione: un aiuto fondamentale&#8230;<\/span><\/cite><\/p><\/div>\n<h2><cite><span lang=\"de-DE\">La condivisione, l&#8217;aiuto perfetto&#8230;<\/span><\/cite><\/h2>\n<p><cite><span lang=\"de-DE\">Ecco che la condivisione, l&#8217;essere pi\u00fa che mai uniti, l&#8217;aiutarsi reciprocamente lasciando da parte ruoli, contrasti, prese di posizione, divisioni in genere, potr\u00e1 essere la soluzione fondamentale che far\u00e1 scaturire le basi per una nuova umanit\u00e1.<\/span><\/cite><\/p>\n<p><cite><span lang=\"de-DE\">L&#8217;essere umano, negli ultimi decenni, ha perso la sua identit\u00e1 trasformandosi quasi in un robot.<\/span><\/cite><\/p>\n<p><cite><span lang=\"de-DE\">Oggi ha l&#8217;occasione di riprendere il cammino verso una nuova era ma, si sa, come tutte le ferite, quando vengono curate, all&#8217;inizio fanno male. <\/span><\/cite><cite><span lang=\"de-DE\">Dobbiamo riconoscere i danni che abbiamo creato a questo pianeta e ai suoi abitanti.<\/span><\/cite><\/p>\n<h2><cite><span lang=\"de-DE\">Il mondo cambia il suo volto&#8230;<\/span><\/cite><\/h2>\n<div id=\"attachment_5074\" style=\"width: 258px\" class=\"wp-caption alignright\"><img loading=\"lazy\" decoding=\"async\" aria-describedby=\"caption-attachment-5074\" class=\"wp-image-5074 size-medium\" src=\"https:\/\/lbcomunicazione.org\/wp-content\/uploads\/2020\/04\/photo_2020-04-10_01-28-02-248x300.jpg\" alt=\"\" width=\"248\" height=\"300\" srcset=\"https:\/\/lbcomunicazione.org\/wp-content\/uploads\/2020\/04\/photo_2020-04-10_01-28-02-248x300.jpg 248w, https:\/\/lbcomunicazione.org\/wp-content\/uploads\/2020\/04\/photo_2020-04-10_01-28-02-846x1024.jpg 846w, https:\/\/lbcomunicazione.org\/wp-content\/uploads\/2020\/04\/photo_2020-04-10_01-28-02-768x929.jpg 768w, https:\/\/lbcomunicazione.org\/wp-content\/uploads\/2020\/04\/photo_2020-04-10_01-28-02-520x629.jpg 520w, https:\/\/lbcomunicazione.org\/wp-content\/uploads\/2020\/04\/photo_2020-04-10_01-28-02.jpg 1058w\" sizes=\"auto, (max-width: 248px) 100vw, 248px\" \/><p id=\"caption-attachment-5074\" class=\"wp-caption-text\">Un nuovo mondo&#8230;<\/p><\/div>\n<p><cite><span lang=\"de-DE\">Non \u00e9 possibile, oggi, cambiare le cose se non si fa un&#8217;inversione a 360gradi, e questa inversione comporter\u00e1 comunque degli sconvolgimenti, sconvolgimenti che stiamo gi\u00e1 vivendo.<\/span><\/cite><\/p>\n<blockquote><p><strong><cite><span lang=\"de-DE\">Il mondo, come lo conoscevamo prima, non ci sar\u00e1 pi\u00fa.<\/span><\/cite><\/strong><\/p><\/blockquote>\n<p><cite><span lang=\"de-DE\">Il suo volto sta cambiando, come anche quello della nostra Madre Terra.<\/span><\/cite><\/p>\n<p><cite><span lang=\"de-DE\">Ben venga la rinascita, ben venga un nuovo mondo.<\/span><\/cite><\/p>\n<h2><\/h2>\n<h2><\/h2>\n<h2><cite><span lang=\"de-DE\">Il rischio di estinzione&#8230;<\/span><\/cite><\/h2>\n<div id=\"attachment_5073\" style=\"width: 310px\" class=\"wp-caption alignleft\"><img loading=\"lazy\" decoding=\"async\" aria-describedby=\"caption-attachment-5073\" class=\"wp-image-5073 size-medium\" src=\"https:\/\/lbcomunicazione.org\/wp-content\/uploads\/2020\/04\/photo_2020-04-10_01-55-08-300x300.jpg\" alt=\"\" width=\"300\" height=\"300\" srcset=\"https:\/\/lbcomunicazione.org\/wp-content\/uploads\/2020\/04\/photo_2020-04-10_01-55-08-300x300.jpg 300w, https:\/\/lbcomunicazione.org\/wp-content\/uploads\/2020\/04\/photo_2020-04-10_01-55-08-150x150.jpg 150w, https:\/\/lbcomunicazione.org\/wp-content\/uploads\/2020\/04\/photo_2020-04-10_01-55-08-160x160.jpg 160w, https:\/\/lbcomunicazione.org\/wp-content\/uploads\/2020\/04\/photo_2020-04-10_01-55-08-320x320.jpg 320w, https:\/\/lbcomunicazione.org\/wp-content\/uploads\/2020\/04\/photo_2020-04-10_01-55-08-520x520.jpg 520w, https:\/\/lbcomunicazione.org\/wp-content\/uploads\/2020\/04\/photo_2020-04-10_01-55-08.jpg 540w\" sizes=\"auto, (max-width: 300px) 100vw, 300px\" \/><p id=\"caption-attachment-5073\" class=\"wp-caption-text\">La via d&#8217;uscita la troviamo dentro di noi&#8230;<\/p><\/div>\n<p><cite><span lang=\"de-DE\">Se la condivisione non verr\u00e1 attuata, soprattutto nei momenti difficili, l&#8217;essere umano rischia l&#8217;estinzione.<\/span><\/cite><\/p>\n<p><cite>\u201c<span lang=\"de-DE\"><strong>L&#8217;amore non sta nell&#8217;altro, ma dentro noi stessi. Siamo noi che lo risvegliamo. Ma, perch\u00e9 questo accada, abbiamo bisogno dell&#8217;altro. L&#8217;universo ha senso solo quando abbiamo qualcuno con cui condividere le nostre emozioni<\/strong>.\u201d<br \/>\n<\/span><\/cite><cite><span lang=\"de-DE\">Paulo Coelho<\/span><\/cite><\/p>\n<p><cite><span lang=\"de-DE\">Questo amore fa parte di questa condivisione, di questo aiutarsi reciprocamente, di questa Unit\u00e1, senza la quale non esisterebbe nemmeno la vita.<\/span><\/cite><\/p>\n<p><cite><span lang=\"de-DE\">Se si comprendesse ci\u00f3, quello che sta accadendo assumer\u00e1 un ruolo differente, e a livello emozionale e psicologico, tutto verr\u00e1 vissuto in modo maggiormente \u201esopportabile\u201c, pi\u00fa fluido e pi\u00fa leggero, nonostante le dure prove che dovremo affrontare.<\/span><\/cite><\/p>\n<p><cite><span lang=\"de-DE\">La condivisione potrebbe veramente operare un vero e proprio miracolo.<\/span><\/cite><\/p>\n<p><cite><span lang=\"de-DE\">Termino con una citazione di Platone:<\/span><\/cite><\/p>\n<p><cite>\u201c<span lang=\"de-DE\"><strong><em>Prima di pensare a cambiare il mondo, fare le rivoluzioni, meditare nuove costituzioni, stabilire un nuovo ordine, scendete prima di tutto nel vostro cuore, fatevi regnare l&#8217; ordine, l&#8217; armonia e la pace. Soltanto dopo, cercate delle anime che vi assomigliano e passate all&#8217; azione<\/em>.<\/strong>\u201d<br \/>\n<\/span><\/cite><\/p>\n<p>Se ti \u00e9 piaciuto l&#8217;articolo puoi condividerne altri a questi link:<\/p>\n<p><a href=\"https:\/\/lbcomunicazione.org\/index.php\/pittricediparole\/\">https:\/\/lbcomunicazione.org\/index.php\/pittricediparole\/<\/a><\/p>\n<p><a href=\"https:\/\/lbcomunicazione.org\/index.php\/author\/maria\/\">https:\/\/lbcomunicazione.org\/index.php\/author\/maria\/<\/a><\/p>\n<p>&nbsp;<\/p>\n<p>&nbsp;<\/p>\n<p>&nbsp;<\/p>\n","protected":false},"excerpt":{"rendered":"<p>\u201cL&#8217;amore non sta nell&#8217;altro, ma dentro noi stessi. Siamo noi che lo risvegliamo. Ma, perch\u00e9 questo accada, abbiamo bisogno dell&#8217;altro. L&#8217;universo ha senso solo quando abbiamo qualcuno con cui condividere le nostre emozioni.\u201d Paulo Coelho<\/p>\n","protected":false},"author":12,"featured_media":5068,"comment_status":"open","ping_status":"closed","sticky":false,"template":"","format":"image","meta":{"footnotes":""},"categories":[181],"tags":[263,473],"class_list":["post-5066","post","type-post","status-publish","format-image","has-post-thumbnail","hentry","category-riflessioni","tag-cambiamento","tag-condivisione","post_format-post-format-image"],"_links":{"self":[{"href":"https:\/\/lbcomunicazione.org\/index.php\/wp-json\/wp\/v2\/posts\/5066","targetHints":{"allow":["GET"]}}],"collection":[{"href":"https:\/\/lbcomunicazione.org\/index.php\/wp-json\/wp\/v2\/posts"}],"about":[{"href":"https:\/\/lbcomunicazione.org\/index.php\/wp-json\/wp\/v2\/types\/post"}],"author":[{"embeddable":true,"href":"https:\/\/lbcomunicazione.org\/index.php\/wp-json\/wp\/v2\/users\/12"}],"replies":[{"embeddable":true,"href":"https:\/\/lbcomunicazione.org\/index.php\/wp-json\/wp\/v2\/comments?post=5066"}],"version-history":[{"count":0,"href":"https:\/\/lbcomunicazione.org\/index.php\/wp-json\/wp\/v2\/posts\/5066\/revisions"}],"wp:featuredmedia":[{"embeddable":true,"href":"https:\/\/lbcomunicazione.org\/index.php\/wp-json\/wp\/v2\/media\/5068"}],"wp:attachment":[{"href":"https:\/\/lbcomunicazione.org\/index.php\/wp-json\/wp\/v2\/media?parent=5066"}],"wp:term":[{"taxonomy":"category","embeddable":true,"href":"https:\/\/lbcomunicazione.org\/index.php\/wp-json\/wp\/v2\/categories?post=5066"},{"taxonomy":"post_tag","embeddable":true,"href":"https:\/\/lbcomunicazione.org\/index.php\/wp-json\/wp\/v2\/tags?post=5066"}],"curies":[{"name":"wp","href":"https:\/\/api.w.org\/{rel}","templated":true}]}}