{"id":5024,"date":"2020-04-27T23:49:42","date_gmt":"2020-04-27T22:49:42","guid":{"rendered":"http:\/\/lbcomunicazione.org\/?p=5024"},"modified":"2020-04-28T11:08:33","modified_gmt":"2020-04-28T10:08:33","slug":"torta-sbrisolona","status":"publish","type":"post","link":"https:\/\/lbcomunicazione.org\/index.php\/2020\/04\/27\/torta-sbrisolona\/","title":{"rendered":"TORTA SBRISOLONA"},"content":{"rendered":"<h3 style=\"text-align: center\">TORTA SBRISOLONA<\/h3>\n<p>La torta sbrisolona \u00e8 originaria della citt\u00e0 di Mantova.<br \/>\nTecnicamente \u00e8 una pasta frolla composta da farina bianca e farina di mais arricchita con mandorle.<br \/>\nNon \u00e8 complicato realizzarla se si sa come impastare una pasta frolla.<br \/>\nNon si utilizza nessun apparecchio elettrico, solo le mani e nemmeno per troppo tempo o il loro calore scioglierebbe il burro.<br \/>\nSembra complicata ma \u00e8 facilissima e pure buonissima.<br \/>\nA fine pasto \u00e8 ottima se ridotta in pezzi che ognuno prender\u00e0 nella quantit\u00e0 che desidera,<br \/>\nnon sar\u00e0 quindi il classico spicchio di dolce.<\/p>\n<h3>Ingredienti:<\/h3>\n<p>250 gr di farina 00<br \/>\n200 gr di farina di mais<br \/>\n1 bustina di vanillina<br \/>\n200 gr di zucchero<br \/>\nla scorza grattugiata di 1\/2 limone<br \/>\n200 gr di burro<br \/>\n250 gr di mandorle sgusciate<br \/>\n2 tuorli d&#8217;uovo<\/p>\n<h3>Preparazione:<\/h3>\n<p>Lasciare ammorbidire il burro a pezzetti fuori dal frigorifero a temperatura ambiente.<br \/>\nSu un spianatoia formare una fontana con le due farine e metterci al centro tutti gli ingredienti per fare la frolla<\/p>\n<p><img loading=\"lazy\" decoding=\"async\" class=\"alignnone size-medium wp-image-5025 aligncenter\" src=\"https:\/\/lbcomunicazione.org\/wp-content\/uploads\/2020\/04\/Sbrisolona-1-1-300x200.jpg\" alt=\"\" width=\"300\" height=\"200\" srcset=\"https:\/\/lbcomunicazione.org\/wp-content\/uploads\/2020\/04\/Sbrisolona-1-1-300x200.jpg 300w, https:\/\/lbcomunicazione.org\/wp-content\/uploads\/2020\/04\/Sbrisolona-1-1-520x347.jpg 520w, https:\/\/lbcomunicazione.org\/wp-content\/uploads\/2020\/04\/Sbrisolona-1-1.jpg 567w\" sizes=\"auto, (max-width: 300px) 100vw, 300px\" \/><\/p>\n<p>con l\u2019aggiunta della farina di mais.<\/p>\n<p><img loading=\"lazy\" decoding=\"async\" class=\"alignnone size-medium wp-image-5026 aligncenter\" src=\"https:\/\/lbcomunicazione.org\/wp-content\/uploads\/2020\/04\/Sbrisolona-2-7-300x155.jpg\" alt=\"\" width=\"300\" height=\"155\" srcset=\"https:\/\/lbcomunicazione.org\/wp-content\/uploads\/2020\/04\/Sbrisolona-2-7-300x155.jpg 300w, https:\/\/lbcomunicazione.org\/wp-content\/uploads\/2020\/04\/Sbrisolona-2-7-520x269.jpg 520w, https:\/\/lbcomunicazione.org\/wp-content\/uploads\/2020\/04\/Sbrisolona-2-7.jpg 567w\" sizes=\"auto, (max-width: 300px) 100vw, 300px\" \/><\/p>\n<p>Lavorare l&#8217;impasto con le mani per incorporare lo zucchero al burro<br \/>\ne impastarlo come se si dovessero creare delle briciole ma a differenza di come si fa solitamente non cercare di renderlo liscio e omogeneo: dovr\u00e0 rimanere discontinuo e si dovranno sentire i grumi.<br \/>\nAggiungervi le mandorle intere.<\/p>\n<p><img loading=\"lazy\" decoding=\"async\" class=\"alignnone size-medium wp-image-5027 aligncenter\" src=\"https:\/\/lbcomunicazione.org\/wp-content\/uploads\/2020\/04\/Sbrisolona-3-2-300x199.jpg\" alt=\"\" width=\"300\" height=\"199\" srcset=\"https:\/\/lbcomunicazione.org\/wp-content\/uploads\/2020\/04\/Sbrisolona-3-2-300x199.jpg 300w, https:\/\/lbcomunicazione.org\/wp-content\/uploads\/2020\/04\/Sbrisolona-3-2-520x346.jpg 520w, https:\/\/lbcomunicazione.org\/wp-content\/uploads\/2020\/04\/Sbrisolona-3-2.jpg 567w\" sizes=\"auto, (max-width: 300px) 100vw, 300px\" \/><\/p>\n<p class=\"western\" align=\"left\">Imburrare e infarinare o ungere con dello staccante una tortiera con i bordi bassi.<br \/>\nMetterci l&#8217;impasto senza comprimerlo e cuocerlo per 40 minuti a 180\u2070.<br \/>\nSfornarlo, rimuoverlo dallo stampo quando si sar\u00e0 raffreddato e spolverizzarlo in superficie con dello zucchero a velo.<br \/>\nServire la sbrisolona fredda.<\/p>\n<p><img loading=\"lazy\" decoding=\"async\" class=\"alignnone size-medium wp-image-5028 aligncenter\" src=\"https:\/\/lbcomunicazione.org\/wp-content\/uploads\/2020\/04\/Sbrisolona-4-2-300x207.jpg\" alt=\"\" width=\"300\" height=\"207\" srcset=\"https:\/\/lbcomunicazione.org\/wp-content\/uploads\/2020\/04\/Sbrisolona-4-2-300x207.jpg 300w, https:\/\/lbcomunicazione.org\/wp-content\/uploads\/2020\/04\/Sbrisolona-4-2-520x359.jpg 520w, https:\/\/lbcomunicazione.org\/wp-content\/uploads\/2020\/04\/Sbrisolona-4-2.jpg 567w\" sizes=\"auto, (max-width: 300px) 100vw, 300px\" \/><\/p>\n","protected":false},"excerpt":{"rendered":"<p>TORTA SBRISOLONA La torta sbrisolona \u00e8 originaria della citt\u00e0 di Mantova. Tecnicamente \u00e8 una pasta frolla composta da farina bianca e farina di mais arricchita con mandorle. Non \u00e8 complicato realizzarla se si sa come impastare&#46;&#46;&#46;<\/p>\n","protected":false},"author":14,"featured_media":5034,"comment_status":"open","ping_status":"closed","sticky":false,"template":"","format":"image","meta":{"footnotes":""},"categories":[145],"tags":[],"class_list":["post-5024","post","type-post","status-publish","format-image","has-post-thumbnail","hentry","category-cucina-e-ricette","post_format-post-format-image"],"_links":{"self":[{"href":"https:\/\/lbcomunicazione.org\/index.php\/wp-json\/wp\/v2\/posts\/5024","targetHints":{"allow":["GET"]}}],"collection":[{"href":"https:\/\/lbcomunicazione.org\/index.php\/wp-json\/wp\/v2\/posts"}],"about":[{"href":"https:\/\/lbcomunicazione.org\/index.php\/wp-json\/wp\/v2\/types\/post"}],"author":[{"embeddable":true,"href":"https:\/\/lbcomunicazione.org\/index.php\/wp-json\/wp\/v2\/users\/14"}],"replies":[{"embeddable":true,"href":"https:\/\/lbcomunicazione.org\/index.php\/wp-json\/wp\/v2\/comments?post=5024"}],"version-history":[{"count":0,"href":"https:\/\/lbcomunicazione.org\/index.php\/wp-json\/wp\/v2\/posts\/5024\/revisions"}],"wp:featuredmedia":[{"embeddable":true,"href":"https:\/\/lbcomunicazione.org\/index.php\/wp-json\/wp\/v2\/media\/5034"}],"wp:attachment":[{"href":"https:\/\/lbcomunicazione.org\/index.php\/wp-json\/wp\/v2\/media?parent=5024"}],"wp:term":[{"taxonomy":"category","embeddable":true,"href":"https:\/\/lbcomunicazione.org\/index.php\/wp-json\/wp\/v2\/categories?post=5024"},{"taxonomy":"post_tag","embeddable":true,"href":"https:\/\/lbcomunicazione.org\/index.php\/wp-json\/wp\/v2\/tags?post=5024"}],"curies":[{"name":"wp","href":"https:\/\/api.w.org\/{rel}","templated":true}]}}