{"id":4965,"date":"2020-04-24T20:26:41","date_gmt":"2020-04-24T19:26:41","guid":{"rendered":"http:\/\/lbcomunicazione.org\/?p=4965"},"modified":"2020-04-24T20:26:41","modified_gmt":"2020-04-24T19:26:41","slug":"perche-il-25-aprile-festa-viene-spiegato-nellaula-virtuale-di-didattica","status":"publish","type":"post","link":"https:\/\/lbcomunicazione.org\/index.php\/2020\/04\/24\/perche-il-25-aprile-festa-viene-spiegato-nellaula-virtuale-di-didattica\/","title":{"rendered":"Perch\u00e9 il 25 aprile \u00e8 un giorno di festa? I bambini apprendono nell&#8217;aula virtuale"},"content":{"rendered":"<p>I bambini apprendono nell&#8217;aula virtuale di didattica da casa. Perch\u00e9 il 25 aprile \u00e8 un giorno di festa. La spiegazione \u00e8 con parole semplici, destinatari i bimbi di quinta elementare. Non si potr\u00e0 sfilare quest&#8217;anno, solo partecipare virtualmente a causa delle norme anti Covid-19. Il Comune di Canelli ha organizzato una lettura in diretta di una poesia sul sito. Altre organizzazioni pubblicano testi sul perch\u00e9 il 25 aprile \u00e8 cos\u00ec importante per la nostra memoria nazionale.<\/p>\n<h2>Perch\u00e9 il 25 aprile \u00e8 un giorno di festa?<\/h2>\n<p>&#8220;Bambini sabato prossimo \u00e8 il 25 aprile. Festa della Liberazione dell&#8217;Italia dalla dittatura nazi-fascista che segn\u00f2 anche la fine della guerra nel 1945.<br \/>\nLa Liberazione e la fine della guerra furono possibili per l&#8217;intervento degli esercito americano e di quello inglese, ma anche grazie all&#8217;impegno di tanti giovani partigiani che, anche nei nostri paesi del Monferrato e delle Langhe, rimasero nascosti, aiutati dalla popolazione.<\/p>\n<p>I partigiani combattevano con poche armi, compiendo azioni di disturbo e di &#8220;sabotaggio&#8221; nei confronti dei Tedeschi e dei Fascisti, (facevano esplodere ponti, distruggevano strade e ferrovie, bloccavano treni tedeschi carichi di viveri, armi &#8230;.) cos\u00ec facendo difendevano le loro terre<br \/>\naspettando l&#8217;arrivo dei soldati anglo-americani.<\/p>\n<p>Essi diedero vita a quella che viene chiamata <em>LA RESISTENZA<\/em> .<\/p>\n<div id=\"attachment_4966\" style=\"width: 235px\" class=\"wp-caption alignright\"><img loading=\"lazy\" decoding=\"async\" aria-describedby=\"caption-attachment-4966\" class=\"size-medium wp-image-4966\" src=\"https:\/\/lbcomunicazione.org\/wp-content\/uploads\/2020\/04\/Perch\u00e8-il-25-aprile-\u00e8-festa-225x300.jpg\" alt=\"\" width=\"225\" height=\"300\" srcset=\"https:\/\/lbcomunicazione.org\/wp-content\/uploads\/2020\/04\/Perch\u00e8-il-25-aprile-\u00e8-festa-225x300.jpg 225w, https:\/\/lbcomunicazione.org\/wp-content\/uploads\/2020\/04\/Perch\u00e8-il-25-aprile-\u00e8-festa-768x1024.jpg 768w, https:\/\/lbcomunicazione.org\/wp-content\/uploads\/2020\/04\/Perch\u00e8-il-25-aprile-\u00e8-festa-520x693.jpg 520w, https:\/\/lbcomunicazione.org\/wp-content\/uploads\/2020\/04\/Perch\u00e8-il-25-aprile-\u00e8-festa.jpg 960w\" sizes=\"auto, (max-width: 225px) 100vw, 225px\" \/><p id=\"caption-attachment-4966\" class=\"wp-caption-text\">Ai bambini facciamo una domanda: perch\u00e9 il 25 aprile \u00e8 festa<\/p><\/div>\n<h3>Libert\u00e0 quando avvenne finalmente<\/h3>\n<p>Quando il 25 aprile 1945, gli Italiani furono di nuovo liberi e si decise di istituire, proprio in quel giorno, la festa della Liberazione da celebrare in tutta l&#8217;Italia .<\/p>\n<p>In quel giorno le scuole, gli uffici, le fabbriche restano chiusi a memoria di quell&#8217;importante avvenimento.&#8221;<\/p>\n<p>La maestra assegna ai bambini un compito: ascoltate una canzone a scelta sul tema dei partigiani e poi disegnate una strofa che vi ha colpito.<\/p>\n<p>La canzone &#8220;<a href=\"https:\/\/www.youtube.com\/watch?v=4CI3lhyNKfo\">Bella ciao<\/a>&#8221; e &#8220;<a href=\"https:\/\/www.ildeposito.org\/canti\/e-io-ero-sandokan\">e io ero Sandokan<\/a>&#8221;\u00a0 sono solo alcune delle testimonianze musicali di quanto avvenne, cos\u00ec come lo sono i libri di Fenoglio, il cui protagonista Milton viaggi\u00f2 da Alba a Canelli fra le colline negli anni finali della seconda guerra mondiale ne: &#8220;Una questione <a href=\"https:\/\/it.wikipedia.org\/wiki\/Una_questione_privata_(Fenoglio)\">privata<\/a>&#8221; che consiglio di leggere.<\/p>\n<p>Aggiungo un&#8217; ulteriore considerazione: per essere davvero liberi la strada \u00e8 molto lunga, non basta avere accesso alla televisione e a servizi di vario genere, bisogna potersi esprimere liberamente, non avere pi\u00f9 paura e che la povert\u00e0 sia solo un brutto ricordo.<\/p>\n","protected":false},"excerpt":{"rendered":"<p>I bambini apprendono nell&#8217;aula virtuale di didattica da casa. Perch\u00e9 il 25 aprile \u00e8 un giorno di festa. La spiegazione \u00e8 con parole semplici, destinatari i bimbi di quinta elementare. Non si potr\u00e0 sfilare quest&#8217;anno, solo partecipare virtualmente a causa delle norme anti Covid-19. Il Comune di Canelli ha organizzato una lettura in diretta di una poesia sul sito. Altre organizzazioni pubblicano testi sul perch\u00e9 il 25 aprile \u00e8 cos\u00ec importante per la nostra memoria nazionale. Perch\u00e9 il 25 aprile \u00e8 un giorno di festa? &#8220;Bambini sabato prossimo \u00e8 il 25 aprile. Festa della Liberazione dell&#8217;Italia dalla dittatura nazi-fascista che segn\u00f2&#46;&#46;&#46;<\/p>\n","protected":false},"author":35,"featured_media":4968,"comment_status":"open","ping_status":"closed","sticky":false,"template":"","format":"image","meta":{"_crdt_document":"","footnotes":""},"categories":[7,20],"tags":[468],"class_list":["post-4965","post","type-post","status-publish","format-image","has-post-thumbnail","hentry","category-bambini","category-scuola","tag-festa-della-liberazione","post_format-post-format-image"],"yoast_head":"<!-- This site is optimized with the Yoast SEO plugin v26.9 - https:\/\/yoast.com\/product\/yoast-seo-wordpress\/ -->\n<title>Perch\u00e9 il 25 aprile \u00e8 un giorno di festa? I bambini apprendono nell&#039;aula virtuale - blog TG24 la comunicazione<\/title>\n<meta name=\"description\" content=\"Perch\u00e9 IL 25 aprile \u00e8 un giorno di festa? Viene spiegato nell&#039;aula virtuale di didattica\" \/>\n<meta name=\"robots\" content=\"index, follow, max-snippet:-1, max-image-preview:large, max-video-preview:-1\" \/>\n<link rel=\"canonical\" href=\"https:\/\/lbcomunicazione.org\/index.php\/2020\/04\/24\/perche-il-25-aprile-festa-viene-spiegato-nellaula-virtuale-di-didattica\/\" \/>\n<meta property=\"og:locale\" content=\"it_IT\" \/>\n<meta property=\"og:type\" content=\"article\" \/>\n<meta property=\"og:title\" content=\"Perch\u00e9 il 25 aprile \u00e8 un giorno di festa? I bambini apprendono nell&#039;aula virtuale - blog TG24 la comunicazione\" \/>\n<meta property=\"og:description\" content=\"Perch\u00e9 IL 25 aprile \u00e8 un giorno di festa? Viene spiegato nell&#039;aula virtuale di didattica\" \/>\n<meta property=\"og:url\" content=\"https:\/\/lbcomunicazione.org\/index.php\/2020\/04\/24\/perche-il-25-aprile-festa-viene-spiegato-nellaula-virtuale-di-didattica\/\" \/>\n<meta property=\"og:site_name\" content=\"blog TG24 la comunicazione\" \/>\n<meta property=\"article:publisher\" content=\"https:\/\/www.facebook.com\/beezzup\/\" \/>\n<meta property=\"article:published_time\" content=\"2020-04-24T19:26:41+00:00\" \/>\n<meta property=\"og:image\" content=\"https:\/\/lbcomunicazione.org\/wp-content\/uploads\/2020\/04\/soldati.jpg\" \/>\n\t<meta property=\"og:image:width\" content=\"960\" \/>\n\t<meta property=\"og:image:height\" content=\"572\" \/>\n\t<meta property=\"og:image:type\" content=\"image\/jpeg\" \/>\n<meta name=\"author\" content=\"Monica Brunettini\" \/>\n<meta name=\"twitter:card\" content=\"summary_large_image\" \/>\n<meta name=\"twitter:creator\" content=\"@beezzup\" \/>\n<meta name=\"twitter:site\" content=\"@beezzup\" \/>\n<meta name=\"twitter:label1\" content=\"Scritto da\" \/>\n\t<meta name=\"twitter:data1\" content=\"Monica Brunettini\" \/>\n\t<meta name=\"twitter:label2\" content=\"Tempo di lettura stimato\" \/>\n\t<meta name=\"twitter:data2\" content=\"2 minuti\" \/>\n<script type=\"application\/ld+json\" class=\"yoast-schema-graph\">{\"@context\":\"https:\/\/schema.org\",\"@graph\":[{\"@type\":\"Article\",\"@id\":\"https:\/\/lbcomunicazione.org\/index.php\/2020\/04\/24\/perche-il-25-aprile-festa-viene-spiegato-nellaula-virtuale-di-didattica\/#article\",\"isPartOf\":{\"@id\":\"https:\/\/lbcomunicazione.org\/index.php\/2020\/04\/24\/perche-il-25-aprile-festa-viene-spiegato-nellaula-virtuale-di-didattica\/\"},\"author\":{\"name\":\"Monica Brunettini\",\"@id\":\"https:\/\/lbcomunicazione.org\/#\/schema\/person\/a3189f42c12a6989c8b908702a062ff1\"},\"headline\":\"Perch\u00e9 il 25 aprile \u00e8 un giorno di festa? I bambini apprendono nell&#8217;aula virtuale\",\"datePublished\":\"2020-04-24T19:26:41+00:00\",\"mainEntityOfPage\":{\"@id\":\"https:\/\/lbcomunicazione.org\/index.php\/2020\/04\/24\/perche-il-25-aprile-festa-viene-spiegato-nellaula-virtuale-di-didattica\/\"},\"wordCount\":397,\"commentCount\":0,\"publisher\":{\"@id\":\"https:\/\/lbcomunicazione.org\/#organization\"},\"image\":{\"@id\":\"https:\/\/lbcomunicazione.org\/index.php\/2020\/04\/24\/perche-il-25-aprile-festa-viene-spiegato-nellaula-virtuale-di-didattica\/#primaryimage\"},\"thumbnailUrl\":\"https:\/\/lbcomunicazione.org\/wp-content\/uploads\/2020\/04\/soldati.jpg\",\"keywords\":[\"Festa della liberazione\"],\"articleSection\":[\"bambini\",\"scuola\"],\"inLanguage\":\"it-IT\",\"potentialAction\":[{\"@type\":\"CommentAction\",\"name\":\"Comment\",\"target\":[\"https:\/\/lbcomunicazione.org\/index.php\/2020\/04\/24\/perche-il-25-aprile-festa-viene-spiegato-nellaula-virtuale-di-didattica\/#respond\"]}]},{\"@type\":\"WebPage\",\"@id\":\"https:\/\/lbcomunicazione.org\/index.php\/2020\/04\/24\/perche-il-25-aprile-festa-viene-spiegato-nellaula-virtuale-di-didattica\/\",\"url\":\"https:\/\/lbcomunicazione.org\/index.php\/2020\/04\/24\/perche-il-25-aprile-festa-viene-spiegato-nellaula-virtuale-di-didattica\/\",\"name\":\"Perch\u00e9 il 25 aprile \u00e8 un giorno di festa? I bambini apprendono nell'aula virtuale - blog TG24 la comunicazione\",\"isPartOf\":{\"@id\":\"https:\/\/lbcomunicazione.org\/#website\"},\"primaryImageOfPage\":{\"@id\":\"https:\/\/lbcomunicazione.org\/index.php\/2020\/04\/24\/perche-il-25-aprile-festa-viene-spiegato-nellaula-virtuale-di-didattica\/#primaryimage\"},\"image\":{\"@id\":\"https:\/\/lbcomunicazione.org\/index.php\/2020\/04\/24\/perche-il-25-aprile-festa-viene-spiegato-nellaula-virtuale-di-didattica\/#primaryimage\"},\"thumbnailUrl\":\"https:\/\/lbcomunicazione.org\/wp-content\/uploads\/2020\/04\/soldati.jpg\",\"datePublished\":\"2020-04-24T19:26:41+00:00\",\"description\":\"Perch\u00e9 IL 25 aprile \u00e8 un giorno di festa? Viene spiegato nell'aula virtuale di didattica\",\"breadcrumb\":{\"@id\":\"https:\/\/lbcomunicazione.org\/index.php\/2020\/04\/24\/perche-il-25-aprile-festa-viene-spiegato-nellaula-virtuale-di-didattica\/#breadcrumb\"},\"inLanguage\":\"it-IT\",\"potentialAction\":[{\"@type\":\"ReadAction\",\"target\":[\"https:\/\/lbcomunicazione.org\/index.php\/2020\/04\/24\/perche-il-25-aprile-festa-viene-spiegato-nellaula-virtuale-di-didattica\/\"]}]},{\"@type\":\"ImageObject\",\"inLanguage\":\"it-IT\",\"@id\":\"https:\/\/lbcomunicazione.org\/index.php\/2020\/04\/24\/perche-il-25-aprile-festa-viene-spiegato-nellaula-virtuale-di-didattica\/#primaryimage\",\"url\":\"https:\/\/lbcomunicazione.org\/wp-content\/uploads\/2020\/04\/soldati.jpg\",\"contentUrl\":\"https:\/\/lbcomunicazione.org\/wp-content\/uploads\/2020\/04\/soldati.jpg\",\"width\":960,\"height\":572},{\"@type\":\"BreadcrumbList\",\"@id\":\"https:\/\/lbcomunicazione.org\/index.php\/2020\/04\/24\/perche-il-25-aprile-festa-viene-spiegato-nellaula-virtuale-di-didattica\/#breadcrumb\",\"itemListElement\":[{\"@type\":\"ListItem\",\"position\":1,\"name\":\"Home\",\"item\":\"https:\/\/lbcomunicazione.org\/\"},{\"@type\":\"ListItem\",\"position\":2,\"name\":\"Perch\u00e9 il 25 aprile \u00e8 un giorno di festa? I bambini apprendono nell&#8217;aula virtuale\"}]},{\"@type\":\"WebSite\",\"@id\":\"https:\/\/lbcomunicazione.org\/#website\",\"url\":\"https:\/\/lbcomunicazione.org\/\",\"name\":\"blogTG24lacomunicazione.org\",\"description\":\"Siamo una squadra di blogger, che desiderano dare voce a quelle notizie, realt\u00e0, associazioni, che non sono divulgate dai giornali e media\",\"publisher\":{\"@id\":\"https:\/\/lbcomunicazione.org\/#organization\"},\"potentialAction\":[{\"@type\":\"SearchAction\",\"target\":{\"@type\":\"EntryPoint\",\"urlTemplate\":\"https:\/\/lbcomunicazione.org\/?s={search_term_string}\"},\"query-input\":{\"@type\":\"PropertyValueSpecification\",\"valueRequired\":true,\"valueName\":\"search_term_string\"}}],\"inLanguage\":\"it-IT\"},{\"@type\":\"Organization\",\"@id\":\"https:\/\/lbcomunicazione.org\/#organization\",\"name\":\"blogtg24lacomunicazione\",\"url\":\"https:\/\/lbcomunicazione.org\/\",\"logo\":{\"@type\":\"ImageObject\",\"inLanguage\":\"it-IT\",\"@id\":\"https:\/\/lbcomunicazione.org\/#\/schema\/logo\/image\/\",\"url\":\"https:\/\/lbcomunicazione.org\/wp-content\/uploads\/2019\/01\/logo-cfpblogger.jpg\",\"contentUrl\":\"https:\/\/lbcomunicazione.org\/wp-content\/uploads\/2019\/01\/logo-cfpblogger.jpg\",\"width\":680,\"height\":709,\"caption\":\"blogtg24lacomunicazione\"},\"image\":{\"@id\":\"https:\/\/lbcomunicazione.org\/#\/schema\/logo\/image\/\"},\"sameAs\":[\"https:\/\/www.facebook.com\/beezzup\/\",\"https:\/\/x.com\/beezzup\",\"https:\/\/www.instagram.com\/beezzup\/\",\"https:\/\/www.pinterest.it\/beezzup\/\",\"https:\/\/www.youtube.com\/channel\/UCPeEGg5tKdoyOPK--mGE5Yg\"]},{\"@type\":\"Person\",\"@id\":\"https:\/\/lbcomunicazione.org\/#\/schema\/person\/a3189f42c12a6989c8b908702a062ff1\",\"name\":\"Monica Brunettini\",\"image\":{\"@type\":\"ImageObject\",\"inLanguage\":\"it-IT\",\"@id\":\"https:\/\/lbcomunicazione.org\/#\/schema\/person\/image\/\",\"url\":\"https:\/\/secure.gravatar.com\/avatar\/122d7c4bccfd8130f860359bac7f85694b41d7d842a5c58f33b9dfc1d97d7856?s=96&d=mm&r=g\",\"contentUrl\":\"https:\/\/secure.gravatar.com\/avatar\/122d7c4bccfd8130f860359bac7f85694b41d7d842a5c58f33b9dfc1d97d7856?s=96&d=mm&r=g\",\"caption\":\"Monica Brunettini\"},\"description\":\"Mamma, impiegata, blogger del Mondo Migliore\",\"url\":\"https:\/\/lbcomunicazione.org\/index.php\/author\/monica-brunettini\/\"}]}<\/script>\n<!-- \/ Yoast SEO plugin. -->","yoast_head_json":{"title":"Perch\u00e9 il 25 aprile \u00e8 un giorno di festa? I bambini apprendono nell'aula virtuale - blog TG24 la comunicazione","description":"Perch\u00e9 IL 25 aprile \u00e8 un giorno di festa? Viene spiegato nell'aula virtuale di didattica","robots":{"index":"index","follow":"follow","max-snippet":"max-snippet:-1","max-image-preview":"max-image-preview:large","max-video-preview":"max-video-preview:-1"},"canonical":"https:\/\/lbcomunicazione.org\/index.php\/2020\/04\/24\/perche-il-25-aprile-festa-viene-spiegato-nellaula-virtuale-di-didattica\/","og_locale":"it_IT","og_type":"article","og_title":"Perch\u00e9 il 25 aprile \u00e8 un giorno di festa? I bambini apprendono nell'aula virtuale - blog TG24 la comunicazione","og_description":"Perch\u00e9 IL 25 aprile \u00e8 un giorno di festa? Viene spiegato nell'aula virtuale di didattica","og_url":"https:\/\/lbcomunicazione.org\/index.php\/2020\/04\/24\/perche-il-25-aprile-festa-viene-spiegato-nellaula-virtuale-di-didattica\/","og_site_name":"blog TG24 la comunicazione","article_publisher":"https:\/\/www.facebook.com\/beezzup\/","article_published_time":"2020-04-24T19:26:41+00:00","og_image":[{"width":960,"height":572,"url":"https:\/\/lbcomunicazione.org\/wp-content\/uploads\/2020\/04\/soldati.jpg","type":"image\/jpeg"}],"author":"Monica Brunettini","twitter_card":"summary_large_image","twitter_creator":"@beezzup","twitter_site":"@beezzup","twitter_misc":{"Scritto da":"Monica Brunettini","Tempo di lettura stimato":"2 minuti"},"schema":{"@context":"https:\/\/schema.org","@graph":[{"@type":"Article","@id":"https:\/\/lbcomunicazione.org\/index.php\/2020\/04\/24\/perche-il-25-aprile-festa-viene-spiegato-nellaula-virtuale-di-didattica\/#article","isPartOf":{"@id":"https:\/\/lbcomunicazione.org\/index.php\/2020\/04\/24\/perche-il-25-aprile-festa-viene-spiegato-nellaula-virtuale-di-didattica\/"},"author":{"name":"Monica Brunettini","@id":"https:\/\/lbcomunicazione.org\/#\/schema\/person\/a3189f42c12a6989c8b908702a062ff1"},"headline":"Perch\u00e9 il 25 aprile \u00e8 un giorno di festa? I bambini apprendono nell&#8217;aula virtuale","datePublished":"2020-04-24T19:26:41+00:00","mainEntityOfPage":{"@id":"https:\/\/lbcomunicazione.org\/index.php\/2020\/04\/24\/perche-il-25-aprile-festa-viene-spiegato-nellaula-virtuale-di-didattica\/"},"wordCount":397,"commentCount":0,"publisher":{"@id":"https:\/\/lbcomunicazione.org\/#organization"},"image":{"@id":"https:\/\/lbcomunicazione.org\/index.php\/2020\/04\/24\/perche-il-25-aprile-festa-viene-spiegato-nellaula-virtuale-di-didattica\/#primaryimage"},"thumbnailUrl":"https:\/\/lbcomunicazione.org\/wp-content\/uploads\/2020\/04\/soldati.jpg","keywords":["Festa della liberazione"],"articleSection":["bambini","scuola"],"inLanguage":"it-IT","potentialAction":[{"@type":"CommentAction","name":"Comment","target":["https:\/\/lbcomunicazione.org\/index.php\/2020\/04\/24\/perche-il-25-aprile-festa-viene-spiegato-nellaula-virtuale-di-didattica\/#respond"]}]},{"@type":"WebPage","@id":"https:\/\/lbcomunicazione.org\/index.php\/2020\/04\/24\/perche-il-25-aprile-festa-viene-spiegato-nellaula-virtuale-di-didattica\/","url":"https:\/\/lbcomunicazione.org\/index.php\/2020\/04\/24\/perche-il-25-aprile-festa-viene-spiegato-nellaula-virtuale-di-didattica\/","name":"Perch\u00e9 il 25 aprile \u00e8 un giorno di festa? I bambini apprendono nell'aula virtuale - blog TG24 la comunicazione","isPartOf":{"@id":"https:\/\/lbcomunicazione.org\/#website"},"primaryImageOfPage":{"@id":"https:\/\/lbcomunicazione.org\/index.php\/2020\/04\/24\/perche-il-25-aprile-festa-viene-spiegato-nellaula-virtuale-di-didattica\/#primaryimage"},"image":{"@id":"https:\/\/lbcomunicazione.org\/index.php\/2020\/04\/24\/perche-il-25-aprile-festa-viene-spiegato-nellaula-virtuale-di-didattica\/#primaryimage"},"thumbnailUrl":"https:\/\/lbcomunicazione.org\/wp-content\/uploads\/2020\/04\/soldati.jpg","datePublished":"2020-04-24T19:26:41+00:00","description":"Perch\u00e9 IL 25 aprile \u00e8 un giorno di festa? Viene spiegato nell'aula virtuale di didattica","breadcrumb":{"@id":"https:\/\/lbcomunicazione.org\/index.php\/2020\/04\/24\/perche-il-25-aprile-festa-viene-spiegato-nellaula-virtuale-di-didattica\/#breadcrumb"},"inLanguage":"it-IT","potentialAction":[{"@type":"ReadAction","target":["https:\/\/lbcomunicazione.org\/index.php\/2020\/04\/24\/perche-il-25-aprile-festa-viene-spiegato-nellaula-virtuale-di-didattica\/"]}]},{"@type":"ImageObject","inLanguage":"it-IT","@id":"https:\/\/lbcomunicazione.org\/index.php\/2020\/04\/24\/perche-il-25-aprile-festa-viene-spiegato-nellaula-virtuale-di-didattica\/#primaryimage","url":"https:\/\/lbcomunicazione.org\/wp-content\/uploads\/2020\/04\/soldati.jpg","contentUrl":"https:\/\/lbcomunicazione.org\/wp-content\/uploads\/2020\/04\/soldati.jpg","width":960,"height":572},{"@type":"BreadcrumbList","@id":"https:\/\/lbcomunicazione.org\/index.php\/2020\/04\/24\/perche-il-25-aprile-festa-viene-spiegato-nellaula-virtuale-di-didattica\/#breadcrumb","itemListElement":[{"@type":"ListItem","position":1,"name":"Home","item":"https:\/\/lbcomunicazione.org\/"},{"@type":"ListItem","position":2,"name":"Perch\u00e9 il 25 aprile \u00e8 un giorno di festa? I bambini apprendono nell&#8217;aula virtuale"}]},{"@type":"WebSite","@id":"https:\/\/lbcomunicazione.org\/#website","url":"https:\/\/lbcomunicazione.org\/","name":"blogTG24lacomunicazione.org","description":"Siamo una squadra di blogger, che desiderano dare voce a quelle notizie, realt\u00e0, associazioni, che non sono divulgate dai giornali e media","publisher":{"@id":"https:\/\/lbcomunicazione.org\/#organization"},"potentialAction":[{"@type":"SearchAction","target":{"@type":"EntryPoint","urlTemplate":"https:\/\/lbcomunicazione.org\/?s={search_term_string}"},"query-input":{"@type":"PropertyValueSpecification","valueRequired":true,"valueName":"search_term_string"}}],"inLanguage":"it-IT"},{"@type":"Organization","@id":"https:\/\/lbcomunicazione.org\/#organization","name":"blogtg24lacomunicazione","url":"https:\/\/lbcomunicazione.org\/","logo":{"@type":"ImageObject","inLanguage":"it-IT","@id":"https:\/\/lbcomunicazione.org\/#\/schema\/logo\/image\/","url":"https:\/\/lbcomunicazione.org\/wp-content\/uploads\/2019\/01\/logo-cfpblogger.jpg","contentUrl":"https:\/\/lbcomunicazione.org\/wp-content\/uploads\/2019\/01\/logo-cfpblogger.jpg","width":680,"height":709,"caption":"blogtg24lacomunicazione"},"image":{"@id":"https:\/\/lbcomunicazione.org\/#\/schema\/logo\/image\/"},"sameAs":["https:\/\/www.facebook.com\/beezzup\/","https:\/\/x.com\/beezzup","https:\/\/www.instagram.com\/beezzup\/","https:\/\/www.pinterest.it\/beezzup\/","https:\/\/www.youtube.com\/channel\/UCPeEGg5tKdoyOPK--mGE5Yg"]},{"@type":"Person","@id":"https:\/\/lbcomunicazione.org\/#\/schema\/person\/a3189f42c12a6989c8b908702a062ff1","name":"Monica Brunettini","image":{"@type":"ImageObject","inLanguage":"it-IT","@id":"https:\/\/lbcomunicazione.org\/#\/schema\/person\/image\/","url":"https:\/\/secure.gravatar.com\/avatar\/122d7c4bccfd8130f860359bac7f85694b41d7d842a5c58f33b9dfc1d97d7856?s=96&d=mm&r=g","contentUrl":"https:\/\/secure.gravatar.com\/avatar\/122d7c4bccfd8130f860359bac7f85694b41d7d842a5c58f33b9dfc1d97d7856?s=96&d=mm&r=g","caption":"Monica Brunettini"},"description":"Mamma, impiegata, blogger del Mondo Migliore","url":"https:\/\/lbcomunicazione.org\/index.php\/author\/monica-brunettini\/"}]}},"_links":{"self":[{"href":"https:\/\/lbcomunicazione.org\/index.php\/wp-json\/wp\/v2\/posts\/4965","targetHints":{"allow":["GET"]}}],"collection":[{"href":"https:\/\/lbcomunicazione.org\/index.php\/wp-json\/wp\/v2\/posts"}],"about":[{"href":"https:\/\/lbcomunicazione.org\/index.php\/wp-json\/wp\/v2\/types\/post"}],"author":[{"embeddable":true,"href":"https:\/\/lbcomunicazione.org\/index.php\/wp-json\/wp\/v2\/users\/35"}],"replies":[{"embeddable":true,"href":"https:\/\/lbcomunicazione.org\/index.php\/wp-json\/wp\/v2\/comments?post=4965"}],"version-history":[{"count":0,"href":"https:\/\/lbcomunicazione.org\/index.php\/wp-json\/wp\/v2\/posts\/4965\/revisions"}],"wp:featuredmedia":[{"embeddable":true,"href":"https:\/\/lbcomunicazione.org\/index.php\/wp-json\/wp\/v2\/media\/4968"}],"wp:attachment":[{"href":"https:\/\/lbcomunicazione.org\/index.php\/wp-json\/wp\/v2\/media?parent=4965"}],"wp:term":[{"taxonomy":"category","embeddable":true,"href":"https:\/\/lbcomunicazione.org\/index.php\/wp-json\/wp\/v2\/categories?post=4965"},{"taxonomy":"post_tag","embeddable":true,"href":"https:\/\/lbcomunicazione.org\/index.php\/wp-json\/wp\/v2\/tags?post=4965"}],"curies":[{"name":"wp","href":"https:\/\/api.w.org\/{rel}","templated":true}]}}