{"id":4943,"date":"2020-04-22T17:30:24","date_gmt":"2020-04-22T16:30:24","guid":{"rendered":"http:\/\/lbcomunicazione.org\/?p=4943"},"modified":"2020-04-22T17:30:25","modified_gmt":"2020-04-22T16:30:25","slug":"il-momento-per-scegliere","status":"publish","type":"post","link":"https:\/\/lbcomunicazione.org\/index.php\/2020\/04\/22\/il-momento-per-scegliere\/","title":{"rendered":"Il momento per scegliere"},"content":{"rendered":"<p>Il momento per scegliere! Scelte pi\u00f9 belle, storiche, impossibili, sforzate&#8230;<\/p>\n<h2>Scelte Nostre!<\/h2>\n<p>Le scelte pi\u00f9 belle sono sempre quelle fatte col cuore, anche se si dovesse arrivare ad un punto rivelandosi sbagliata.<\/p>\n<p>Non c\u2019\u00e8 tanta filosofia; o vivi la tua vita con i polmoni pieni, o non l\u2019hai nemmeno vissuta! Perch\u00e9 credo fortemente che non bisogna permettere ad un epitaffio che il trattino separante le date di nascita e la morte rimanga solo un trattino!<\/p>\n<h2>Chi sono? Chi ero? Chi vorrei essere? Come vorrei essere ricordato?<\/h2>\n<p>Una cosa \u00e8 sicura &#8211; siamo tutti sulla stessa terra!<\/p>\n<p>Non sempre siamo capaci di capire se stiamo per fare la cosa giusta. E poi, se le nostre capacit\u00e0 si illuminano per aiutarci, capita che poi non siamo pronti a riconoscerle!<\/p>\n<p>Eh che cavolo! Beh ma chi se ne frega! Ho deciso di vivere, almeno nel mio piccolo e voglio che le mie tracce sulla terra siano segnate con l\u2019amore!<\/p>\n<p>Qualsiasi cosa io faccia, anche una sciocchezza, apparentemente senza significato, la compio dal profondo dell\u2019anima perch\u00e9 il mondo gira, ragazzi, il mondo maledettamente gira per tutti e per tutto!<\/p>\n<h3>Ed io non voglio vivere con i rancori, ripensamenti!<\/h3>\n<p>Voglio continuare a dormire la tranquillit\u00e0 del mio interno perch\u00e9 lo so che almeno due persone lo sapranno, perch\u00e9 lo so che la mia mano data nel bisogno l\u2019hanno vista i miei figli e a me basta perch\u00e9 loro sono il futuro!<\/p>\n<h3>Vorrei cambiare il mondo DA SEMPRE!<\/h3>\n<p>Da sempre c\u2019era qualcosa che non andava secondo i miei canoni istintivi! \u00c8 incredibile ma proprio in questo istante, mentre sto scrivendo, ho capito perch\u00e9 questo forte desiderio di migliorare il mondo!<\/p>\n<p>Sono cresciuta in una famiglia con tanto amore, tanto altruismo, tanto affetto, tante attenzioni, tanti discorsi&#8230;e crescendo, scoprendo il cammino, incontravo un mondo diverso da quello dove mi hanno inculcato i valori della vita che ritengo giusti! Ahhhhhh non volete mica ingannarmi a pensare che hanno sbagliato quelle due creature giovani che mi hanno dato il battito?<\/p>\n<p>Capita di cedere alle paure e davanti alla grandezza delle cose che ti mettono con le spalle contro il muro chiedendoti di scoprire il braccio ti senti impotente&#8230;capita! E pensi:<\/p>\n<h3>\u201dMa, questa piccola persona indifesa vuole cambiare il mondo???\u201d<\/h3>\n<p>Capita che non sempre siamo pronti a farlo ma finch\u00e9 io lo so che nella testa, nel cuore e nel DNA dei miei figli c\u2019\u00e8 il mio sangue, i miei insegnamenti ed il mio amore&#8230;sono sicura che anche quando non faccio \u201cniente\u201d, io ho gi\u00e0 cambiato qualcosa!<\/p>\n<h3>Tutti siamo capaci a cambiare! Tutti possiamo fare qualcosa!<\/h3>\n<p>Ogni scelta \u00e8 una scelta storica perch\u00e9 ognuno di noi fa parte della storia, e non solo quella all\u2019anagrafe di ogni comune! Siamo responsabili di ogni nostro respiro e oggi pi\u00f9 che mai bisogna prenderlo letteralmente!<\/p>\n<h3>Il momento per scegliere<\/h3>\n<p>Scelte impossibili al mio modesto parere non esistono. Ci hanno insegnato che c\u2019\u00e8 sempre almeno una scelta, poi l\u2019abbiamo scoperto anche da soli. Impossibile \u00e8 solo quello che non abbiamo nemmeno provato a cercare o risolvere!<\/p>\n<p>C\u2019\u00e8 troppa ingiustizia! Ma forse adesso ce ne renderemo conto in pi\u00f9 rispetto al \u201cpiccolo popolo sofferente\u201d che gi\u00e0 ne era consapevole! Ci \u00e8 voluto un virus, un\u2019emergenza sanitaria mondiale per capire che veramente siamo <strong>TUTTI UGUALI<\/strong> e vulnerabili!<\/p>\n<p>Abbiamo bisogno dei supereroi per questa vicenda perch\u00e9 sembra fantascienza!!! E sto gi\u00e0 male per tutte le piccole e medie imprese che dovranno chiudere&#8230;eh, la loro sar\u00e0 la scelta non-scelta&#8230;quella che fa pi\u00f9 male&#8230;<\/p>\n<h2>Siamo liberi?<\/h2>\n\n\n<div class=\"wp-block-image\"><figure class=\"alignleft size-large\"><img loading=\"lazy\" decoding=\"async\" width=\"640\" height=\"412\" src=\"https:\/\/lbcomunicazione.org\/wp-content\/uploads\/2020\/04\/Scelte-pi\u00f9-belle-storiche-impossibili-sforzate.jpg\" alt=\"\" class=\"wp-image-4947\" srcset=\"https:\/\/lbcomunicazione.org\/wp-content\/uploads\/2020\/04\/Scelte-pi\u00f9-belle-storiche-impossibili-sforzate.jpg 640w, https:\/\/lbcomunicazione.org\/wp-content\/uploads\/2020\/04\/Scelte-pi\u00f9-belle-storiche-impossibili-sforzate-300x193.jpg 300w, https:\/\/lbcomunicazione.org\/wp-content\/uploads\/2020\/04\/Scelte-pi\u00f9-belle-storiche-impossibili-sforzate-520x335.jpg 520w\" sizes=\"auto, (max-width: 640px) 100vw, 640px\" \/><figcaption><em>Il momento per scegliere<\/em><\/figcaption><\/figure><\/div>\n\n\n\n<p class=\"wp-block-paragraph\"><\/p>\n","protected":false},"excerpt":{"rendered":"<p>Il momento per scegliere! Scelte pi\u00f9 belle, storiche, impossibili, sforzate&#8230; Scelte Nostre! Le scelte pi\u00f9 belle sono sempre quelle fatte col cuore, anche se si dovesse arrivare ad un punto rivelandosi sbagliata. Non c\u2019\u00e8 tanta filosofia;&#46;&#46;&#46;<\/p>\n","protected":false},"author":31,"featured_media":4945,"comment_status":"open","ping_status":"closed","sticky":false,"template":"","format":"image","meta":{"footnotes":""},"categories":[6],"tags":[263,303,465],"class_list":["post-4943","post","type-post","status-publish","format-image","has-post-thumbnail","hentry","category-attualita","tag-cambiamento","tag-coronavirus","tag-scelte","post_format-post-format-image"],"_links":{"self":[{"href":"https:\/\/lbcomunicazione.org\/index.php\/wp-json\/wp\/v2\/posts\/4943","targetHints":{"allow":["GET"]}}],"collection":[{"href":"https:\/\/lbcomunicazione.org\/index.php\/wp-json\/wp\/v2\/posts"}],"about":[{"href":"https:\/\/lbcomunicazione.org\/index.php\/wp-json\/wp\/v2\/types\/post"}],"author":[{"embeddable":true,"href":"https:\/\/lbcomunicazione.org\/index.php\/wp-json\/wp\/v2\/users\/31"}],"replies":[{"embeddable":true,"href":"https:\/\/lbcomunicazione.org\/index.php\/wp-json\/wp\/v2\/comments?post=4943"}],"version-history":[{"count":0,"href":"https:\/\/lbcomunicazione.org\/index.php\/wp-json\/wp\/v2\/posts\/4943\/revisions"}],"wp:featuredmedia":[{"embeddable":true,"href":"https:\/\/lbcomunicazione.org\/index.php\/wp-json\/wp\/v2\/media\/4945"}],"wp:attachment":[{"href":"https:\/\/lbcomunicazione.org\/index.php\/wp-json\/wp\/v2\/media?parent=4943"}],"wp:term":[{"taxonomy":"category","embeddable":true,"href":"https:\/\/lbcomunicazione.org\/index.php\/wp-json\/wp\/v2\/categories?post=4943"},{"taxonomy":"post_tag","embeddable":true,"href":"https:\/\/lbcomunicazione.org\/index.php\/wp-json\/wp\/v2\/tags?post=4943"}],"curies":[{"name":"wp","href":"https:\/\/api.w.org\/{rel}","templated":true}]}}