{"id":4807,"date":"2020-04-15T09:51:21","date_gmt":"2020-04-15T08:51:21","guid":{"rendered":"http:\/\/lbcomunicazione.org\/?p=4807"},"modified":"2020-04-15T09:51:21","modified_gmt":"2020-04-15T08:51:21","slug":"alte-o-basse-frequenze","status":"publish","type":"post","link":"https:\/\/lbcomunicazione.org\/index.php\/2020\/04\/15\/alte-o-basse-frequenze\/","title":{"rendered":"Alte o Basse Frequenze\u2026"},"content":{"rendered":"<p><em>Le energie negative possono toccarti solo se sei allineato alla loro frequenza. Alza la tua frequenza.<\/em><!--more--><\/p>\n<div class=\"video-container\"><iframe loading=\"lazy\" title=\"blog TG24 la comunicazione : &quot; Alte o Basse Frequenze... &quot;\" width=\"500\" height=\"281\" src=\"https:\/\/www.youtube.com\/embed\/FiEC7wUDWrE?feature=oembed&#038;wmode=opaque\" frameborder=\"0\" allow=\"accelerometer; autoplay; clipboard-write; encrypted-media; gyroscope; picture-in-picture; web-share\" referrerpolicy=\"strict-origin-when-cross-origin\" allowfullscreen><\/iframe><\/div>\n<p>&nbsp;<\/p>\n<p>Di <strong>Maria Diana<\/strong><\/p>\n<h2>Di che cosa vuoi &#8220;cibarti&#8221;?<\/h2>\n<div id=\"attachment_4814\" style=\"width: 310px\" class=\"wp-caption alignleft\"><img loading=\"lazy\" decoding=\"async\" aria-describedby=\"caption-attachment-4814\" class=\"wp-image-4814 size-medium\" src=\"https:\/\/lbcomunicazione.org\/wp-content\/uploads\/2020\/04\/photo_2020-04-10_01-52-15-300x169.jpg\" alt=\"\" width=\"300\" height=\"169\" srcset=\"https:\/\/lbcomunicazione.org\/wp-content\/uploads\/2020\/04\/photo_2020-04-10_01-52-15-300x169.jpg 300w, https:\/\/lbcomunicazione.org\/wp-content\/uploads\/2020\/04\/photo_2020-04-10_01-52-15-1024x576.jpg 1024w, https:\/\/lbcomunicazione.org\/wp-content\/uploads\/2020\/04\/photo_2020-04-10_01-52-15-768x432.jpg 768w, https:\/\/lbcomunicazione.org\/wp-content\/uploads\/2020\/04\/photo_2020-04-10_01-52-15-520x293.jpg 520w, https:\/\/lbcomunicazione.org\/wp-content\/uploads\/2020\/04\/photo_2020-04-10_01-52-15.jpg 1280w\" sizes=\"auto, (max-width: 300px) 100vw, 300px\" \/><p id=\"caption-attachment-4814\" class=\"wp-caption-text\">Non cadiamo nella trappola&#8230;<\/p><\/div>\n<p>Sento sempre di pi\u00f9 parlare di cambiamenti in atto, di momenti che stiamo vivendo molto particolari dove pare che ci sia una scissione tra le basse e le alte frequenze.<\/p>\n<p>Sappiamo pi\u00f9 o meno tutti che le basse frequenze vengono generate da sentimenti come paura in primis, rabbia, rancore, odio, gelosia ecc\u2026 Le alte frequenze sono le frequenze dell\u2019amore, dell\u2019amicizia, del perdono, dell\u2019umilt\u00e0, del coraggio ecc\u2026.<\/p>\n<p>Diverse persone si stanno dirigendo verso una scelta, anche inconsapevole, di abbassamento di frequenze.<\/p>\n<p>Questo abbassamento di frequenze ha lo scopo di rendere maggiormente manipolabili coloro che ne rimangono agganciati.<\/p>\n<h2><\/h2>\n<h2>Non viviamo nella paura&#8230;<\/h2>\n<div id=\"attachment_4811\" style=\"width: 310px\" class=\"wp-caption alignright\"><img loading=\"lazy\" decoding=\"async\" aria-describedby=\"caption-attachment-4811\" class=\"wp-image-4811 size-medium\" src=\"https:\/\/lbcomunicazione.org\/wp-content\/uploads\/2020\/04\/photo_2020-04-10_01-50-19-300x193.jpg\" alt=\"\" width=\"300\" height=\"193\" srcset=\"https:\/\/lbcomunicazione.org\/wp-content\/uploads\/2020\/04\/photo_2020-04-10_01-50-19-300x193.jpg 300w, https:\/\/lbcomunicazione.org\/wp-content\/uploads\/2020\/04\/photo_2020-04-10_01-50-19-1024x660.jpg 1024w, https:\/\/lbcomunicazione.org\/wp-content\/uploads\/2020\/04\/photo_2020-04-10_01-50-19-768x495.jpg 768w, https:\/\/lbcomunicazione.org\/wp-content\/uploads\/2020\/04\/photo_2020-04-10_01-50-19-520x335.jpg 520w, https:\/\/lbcomunicazione.org\/wp-content\/uploads\/2020\/04\/photo_2020-04-10_01-50-19.jpg 1280w\" sizes=\"auto, (max-width: 300px) 100vw, 300px\" \/><p id=\"caption-attachment-4811\" class=\"wp-caption-text\">La paura abbassa le frequenze&#8230;<\/p><\/div>\n<p>Non possiamo continuare a vivere nella paura, nella rabbia, nell\u2019istinto di attaccare chiunque possa rappresentare un pericolo per la nostra esistenza e sopravvivenza .<\/p>\n<blockquote><p><em>La paura abbassa al massimo le frequenze, ci fa ammalare pi\u00f9 facilmente e, soprattutto, serve a trasformarci in cibo per entit\u00e0 che sono dei veri e propri vampiri.<\/em><\/p><\/blockquote>\n<p>Se ci proiettiamo verso le alte frequenze, la nostra stessa vibrazione cambia, il nostro potenziale di esseri divini inizia a farsi percepire, tutto prende un\u2019altra piega.<\/p>\n<h2><\/h2>\n<h2>Ci sono troppi interessi&#8230;<\/h2>\n<div id=\"attachment_4810\" style=\"width: 271px\" class=\"wp-caption alignleft\"><img loading=\"lazy\" decoding=\"async\" aria-describedby=\"caption-attachment-4810\" class=\"wp-image-4810 size-medium\" src=\"https:\/\/lbcomunicazione.org\/wp-content\/uploads\/2020\/04\/photo_2020-04-10_01-30-31-261x300.jpg\" alt=\"\" width=\"261\" height=\"300\" srcset=\"https:\/\/lbcomunicazione.org\/wp-content\/uploads\/2020\/04\/photo_2020-04-10_01-30-31-261x300.jpg 261w, https:\/\/lbcomunicazione.org\/wp-content\/uploads\/2020\/04\/photo_2020-04-10_01-30-31-890x1024.jpg 890w, https:\/\/lbcomunicazione.org\/wp-content\/uploads\/2020\/04\/photo_2020-04-10_01-30-31-768x883.jpg 768w, https:\/\/lbcomunicazione.org\/wp-content\/uploads\/2020\/04\/photo_2020-04-10_01-30-31-520x598.jpg 520w, https:\/\/lbcomunicazione.org\/wp-content\/uploads\/2020\/04\/photo_2020-04-10_01-30-31.jpg 1113w\" sizes=\"auto, (max-width: 261px) 100vw, 261px\" \/><p id=\"caption-attachment-4810\" class=\"wp-caption-text\">Di cosa ti stai cibando&#8230;<\/p><\/div>\n<p><em>C\u2019\u00e8 troppo interesse a intensificare le basse frequenze nel mondo, c\u2019\u00e8 troppo interesse a controllare i popoli.<\/em><\/p>\n<p>Il cibo lo si pu\u00f2 vedere in molti modi: da quello fisico, a quello emozionale e spirituale.<\/p>\n<p>Chi si ciba di energia bassa (<em>prodotti animali con le sofferenze prodotte<\/em>) far\u00e0 maggiore fatica rispetto a chi si ciba di energia alta (<em>prodotti<\/em> <em>vegetali<\/em>), ad alzare le sue frequenze.<\/p>\n<p>Per quanto riguarda le emozioni, \u00e8 fondamentale osservarle pi\u00f9 che lasciarsi trascinare, anche perch\u00e9 possono essere guidate. Non devono essere soppresse, ma non devono essere le emozioni a guidare noi.<\/p>\n<p>Se si \u00e8 in grado di osservare pensieri ed emozioni senza lasciarsi trascinare da essi, si arriva ad un punto dove si inizier\u00e1 a \u201cgustare\u201d le meraviglie delle alte frequenze, quelle che si avvicinano a ci\u00f2 che \u00e8 il <em>cibo spirituale<\/em>, il cibo per eccellenza.<\/p>\n<h2><\/h2>\n<h2>I media e le basse frequenze&#8230;<\/h2>\n<div id=\"attachment_4813\" style=\"width: 310px\" class=\"wp-caption alignright\"><img loading=\"lazy\" decoding=\"async\" aria-describedby=\"caption-attachment-4813\" class=\"wp-image-4813 size-medium\" src=\"https:\/\/lbcomunicazione.org\/wp-content\/uploads\/2020\/04\/photo_2020-04-10_01-40-30-300x188.jpg\" alt=\"\" width=\"300\" height=\"188\" srcset=\"https:\/\/lbcomunicazione.org\/wp-content\/uploads\/2020\/04\/photo_2020-04-10_01-40-30-300x188.jpg 300w, https:\/\/lbcomunicazione.org\/wp-content\/uploads\/2020\/04\/photo_2020-04-10_01-40-30-1024x641.jpg 1024w, https:\/\/lbcomunicazione.org\/wp-content\/uploads\/2020\/04\/photo_2020-04-10_01-40-30-768x481.jpg 768w, https:\/\/lbcomunicazione.org\/wp-content\/uploads\/2020\/04\/photo_2020-04-10_01-40-30-520x325.jpg 520w, https:\/\/lbcomunicazione.org\/wp-content\/uploads\/2020\/04\/photo_2020-04-10_01-40-30.jpg 1280w\" sizes=\"auto, (max-width: 300px) 100vw, 300px\" \/><p id=\"caption-attachment-4813\" class=\"wp-caption-text\">Il malessere mediatico&#8230;<\/p><\/div>\n<p>Se parliamo di basse o di alte frequenze, parliamo comunque di frequenze che ci caratterizzano a seconda di che cosa ci stiamo cibando.<\/p>\n<blockquote><p><em>In questo periodo, in particolare in questa situazione che stiamo vivendo, i media portano in continuazione notizie che hanno lo scopo di abbassare le frequenze, e di mantenere le persone in una condizione di paura costante, di isolamento, di incertezza continua\u2026<\/em><\/p><\/blockquote>\n<p>Continuare a cibarsi di determinate notizie non far\u00e0 altro che abbassare sempre di pi\u00f9 le nostre frequenze, con conseguenze che, a mio avviso, potrebbero essere letali.<\/p>\n<h2><\/h2>\n<h2>Illusione e realt\u00e1&#8230;<\/h2>\n<p><em>Personalmente sto scoprendo l\u2019importanza della meditazione, della riflessione, dell\u2019interiorizzazione.<\/em><\/p>\n<div id=\"attachment_4812\" style=\"width: 310px\" class=\"wp-caption alignleft\"><img loading=\"lazy\" decoding=\"async\" aria-describedby=\"caption-attachment-4812\" class=\"wp-image-4812 size-medium\" src=\"https:\/\/lbcomunicazione.org\/wp-content\/uploads\/2020\/04\/photo_2020-04-10_01-31-23-300x169.jpg\" alt=\"\" width=\"300\" height=\"169\" srcset=\"https:\/\/lbcomunicazione.org\/wp-content\/uploads\/2020\/04\/photo_2020-04-10_01-31-23-300x169.jpg 300w, https:\/\/lbcomunicazione.org\/wp-content\/uploads\/2020\/04\/photo_2020-04-10_01-31-23-1024x576.jpg 1024w, https:\/\/lbcomunicazione.org\/wp-content\/uploads\/2020\/04\/photo_2020-04-10_01-31-23-768x432.jpg 768w, https:\/\/lbcomunicazione.org\/wp-content\/uploads\/2020\/04\/photo_2020-04-10_01-31-23-520x293.jpg 520w, https:\/\/lbcomunicazione.org\/wp-content\/uploads\/2020\/04\/photo_2020-04-10_01-31-23.jpg 1280w\" sizes=\"auto, (max-width: 300px) 100vw, 300px\" \/><p id=\"caption-attachment-4812\" class=\"wp-caption-text\">Il mondo che conosciamo sta crollando&#8230;<\/p><\/div>\n<p>Se al di fuori di noi il mondo sta per crollare, perch\u00e9 la sicurezza alla quale ci eravamo attaccati sta per perdere i pezzi, iniziamo a prendere atto che tutto ci\u00f2 che \u00e8 illusorio deve, prima o poi, mostrare il suo vero volto.<\/p>\n<p>E\u2019 importante riconoscere se vogliamo cibarci di paura o di coraggio, di illusione o di realt\u00e0, di buio o di luce\u2026<\/p>\n<p><em><strong>Ci\u00f2 di cui scegliamo cibarci, ci trasformer\u00e0 in quello che stiamo assimilando oggi.<\/strong><\/em><\/p>\n<p>Se isolamento e paura mi portano a scegliere di appartenere a coloro che stanno creando questo caos, allora sto segnando il mio destino.<\/p>\n<p><em>Nessuno a livello mondiale ne verr\u00e0 risparmiato, ma chiunque pu\u00f2 decidere oggi se vivere nel caos e nella paura o se fare ordine nella sua vita, e vivere una vera e propria rinascita.<\/em><\/p>\n<p>Se ti \u00e9 piaciuto l&#8217;articolo puoi condividerne altri a questi link:<\/p>\n<p><a href=\"https:\/\/lbcomunicazione.org\/index.php\/pittricediparole\/\">https:\/\/lbcomunicazione.org\/index.php\/pittricediparole\/<\/a><\/p>\n<p><a href=\"https:\/\/lbcomunicazione.org\/index.php\/author\/maria\/\">https:\/\/lbcomunicazione.org\/index.php\/author\/maria\/<\/a><\/p>\n<p>&nbsp;<\/p>\n","protected":false},"excerpt":{"rendered":"<p>Le energie negative possono toccarti solo se sei allineato alla loro frequenza. Alza la tua frequenza.<\/p>\n","protected":false},"author":12,"featured_media":4809,"comment_status":"open","ping_status":"closed","sticky":false,"template":"","format":"image","meta":{"footnotes":""},"categories":[181],"tags":[452,453],"class_list":["post-4807","post","type-post","status-publish","format-image","has-post-thumbnail","hentry","category-riflessioni","tag-frequenze-alte","tag-frequenze-basse","post_format-post-format-image"],"_links":{"self":[{"href":"https:\/\/lbcomunicazione.org\/index.php\/wp-json\/wp\/v2\/posts\/4807","targetHints":{"allow":["GET"]}}],"collection":[{"href":"https:\/\/lbcomunicazione.org\/index.php\/wp-json\/wp\/v2\/posts"}],"about":[{"href":"https:\/\/lbcomunicazione.org\/index.php\/wp-json\/wp\/v2\/types\/post"}],"author":[{"embeddable":true,"href":"https:\/\/lbcomunicazione.org\/index.php\/wp-json\/wp\/v2\/users\/12"}],"replies":[{"embeddable":true,"href":"https:\/\/lbcomunicazione.org\/index.php\/wp-json\/wp\/v2\/comments?post=4807"}],"version-history":[{"count":0,"href":"https:\/\/lbcomunicazione.org\/index.php\/wp-json\/wp\/v2\/posts\/4807\/revisions"}],"wp:featuredmedia":[{"embeddable":true,"href":"https:\/\/lbcomunicazione.org\/index.php\/wp-json\/wp\/v2\/media\/4809"}],"wp:attachment":[{"href":"https:\/\/lbcomunicazione.org\/index.php\/wp-json\/wp\/v2\/media?parent=4807"}],"wp:term":[{"taxonomy":"category","embeddable":true,"href":"https:\/\/lbcomunicazione.org\/index.php\/wp-json\/wp\/v2\/categories?post=4807"},{"taxonomy":"post_tag","embeddable":true,"href":"https:\/\/lbcomunicazione.org\/index.php\/wp-json\/wp\/v2\/tags?post=4807"}],"curies":[{"name":"wp","href":"https:\/\/api.w.org\/{rel}","templated":true}]}}