{"id":4645,"date":"2020-04-04T16:34:49","date_gmt":"2020-04-04T15:34:49","guid":{"rendered":"http:\/\/lbcomunicazione.org\/?p=4645"},"modified":"2020-04-05T10:48:05","modified_gmt":"2020-04-05T09:48:05","slug":"notizie-dal-mondo-assicurativo","status":"publish","type":"post","link":"https:\/\/lbcomunicazione.org\/index.php\/2020\/04\/04\/notizie-dal-mondo-assicurativo\/","title":{"rendered":"Notizie dal mondo assicurativo."},"content":{"rendered":"<h2>Notizie dal mondo assicurativo &#8211; RCA E BONUS\/MALUS FAMILIARE<\/h2>\n<p><strong><em><img loading=\"lazy\" decoding=\"async\" class=\"alignnone size-medium wp-image-4646\" src=\"https:\/\/lbcomunicazione.org\/wp-content\/uploads\/2020\/04\/Unipolsai-Cattolica-Marsh-Willis-Zurich-Poste-Aig-Helvetia-Mediolanum-Groupama-Reale-Mutua-300x190.png\" alt=\"\" width=\"300\" height=\"190\" srcset=\"https:\/\/lbcomunicazione.org\/wp-content\/uploads\/2020\/04\/Unipolsai-Cattolica-Marsh-Willis-Zurich-Poste-Aig-Helvetia-Mediolanum-Groupama-Reale-Mutua-300x190.png 300w, https:\/\/lbcomunicazione.org\/wp-content\/uploads\/2020\/04\/Unipolsai-Cattolica-Marsh-Willis-Zurich-Poste-Aig-Helvetia-Mediolanum-Groupama-Reale-Mutua.png 405w\" sizes=\"auto, (max-width: 300px) 100vw, 300px\" \/><\/em><\/strong><\/p>\n<p>Sembra che la modifica alla norma sulla legge Bersani abbia ampliato la possibilit\u00e0 di ereditare una classe di merito familiare anche per categorie diverse di veicoli.<\/p>\n<p><strong><em>Con la nuova manovra fiscale \u00e8 stato modificato l&#8217;art. 134 comma 4 bis del Codice delle assicurazioni per ci\u00f2 che concerne l&#8217;assegnazione delle classi di merito\u00a0\u00a0<\/em><\/strong><strong><em>bonus &#8211; malus.<\/em><\/strong><\/p>\n<p><em>E&#8217; stato, ossia ampliato il metro di applicazione delle agevolazioni gi\u00e0 introdotte dalla legge &#8220;Bersani&#8221;, dando la possibilit\u00e0 di estensione di tali benefici anche in caso di rinnovo della polizza anche in presenza di veicoli di diversa tipologia.<\/em><\/p>\n<p><em>Ma le compagnie, da quello che si apprende, stanno reagendo in modo diverso alla richiesta da parte del cliente di adeguamento della classe di merito.<\/em><\/p>\n<p><strong><em>Analizziamo, quindi,\u00a0 la situazione:<\/em><\/strong><\/p>\n<p><img loading=\"lazy\" decoding=\"async\" src=\"https:\/\/web.tutorfi.it\/images\/2020-04-04_2.png\" alt=\"\" width=\"610\" height=\"559\" \/><img loading=\"lazy\" decoding=\"async\" src=\"https:\/\/web.tutorfi.it\/images\/2020-04-04_3.png\" alt=\"\" width=\"613\" height=\"217\" \/><\/p>\n<h5><em>Da fonte Tutorweb Professional <a href=\"http:\/\/www.tutorfi.it\" target=\"_blank\" rel=\"noopener noreferrer\">www.tutorfi.it\u00a0<\/a><\/em><\/h5>\n<div>\n<div dir=\"ltr\">\n<div><img loading=\"lazy\" decoding=\"async\" src=\"https:\/\/docs.google.com\/uc?export=download&amp;id=1yElUCfBJrUEZHcFqixUbZ49toHzNCBvk&amp;revid=0Bz9B6oj9lM6JWHkxMDE2TUkrWDl1TmM0YXFGbmF0bXM1Y3IwPQ\" width=\"96\" height=\"26\" \/><\/div>\n<\/div>\n<\/div>\n<div>\n<div>\n<div><b><span style=\"color: #666666; font-family: georgia, serif;\">Paolo Di Blasio<\/span><\/b><\/div>\n<\/div>\n<\/div>\n<div>\n<div>\n<div>\n<div>\n<div><span style=\"color: #666666; font-family: georgia, serif;\">Advisor TutorPoint Professional<\/span><\/div>\n<\/div>\n<\/div>\n<div>\n<div>\n<div><span style=\"color: #666666; font-family: georgia, serif;\">cell.+39.3925880606<\/span><\/div>\n<\/div>\n<\/div>\n<div>\n<div>\n<div><span style=\"color: #666666; font-family: georgia, serif;\">mail: <a href=\"mailto:p.diblasio@tpointadv.it\" target=\"_blank\" rel=\"noopener noreferrer\">p.diblasio@tpointadv.it<\/a>\u00a0<\/span><\/div>\n<\/div>\n<\/div>\n<\/div>\n<\/div>\n","protected":false},"excerpt":{"rendered":"<p>Notizie dal mondo assicurativo &#8211; RCA E BONUS\/MALUS FAMILIARE Sembra che la modifica alla norma sulla legge Bersani abbia ampliato la possibilit\u00e0 di ereditare una classe di merito familiare anche per categorie diverse di veicoli. Con la nuova manovra fiscale \u00e8 stato modificato l&#8217;art. 134 comma 4 bis del Codice delle assicurazioni per ci\u00f2 che concerne l&#8217;assegnazione delle classi di merito\u00a0\u00a0bonus &#8211; malus. E&#8217; stato, ossia ampliato il metro di applicazione delle agevolazioni gi\u00e0 introdotte dalla legge &#8220;Bersani&#8221;, dando la possibilit\u00e0 di estensione di tali benefici anche in caso di rinnovo della polizza anche in presenza di veicoli di diversa tipologia.&#46;&#46;&#46;<\/p>\n","protected":false},"author":7,"featured_media":4646,"comment_status":"open","ping_status":"closed","sticky":false,"template":"","format":"image","meta":{"_crdt_document":"","footnotes":""},"categories":[6,16],"tags":[],"class_list":["post-4645","post","type-post","status-publish","format-image","has-post-thumbnail","hentry","category-attualita","category-motori","post_format-post-format-image"],"yoast_head":"<!-- This site is optimized with the Yoast SEO plugin v26.9 - https:\/\/yoast.com\/product\/yoast-seo-wordpress\/ -->\n<title>Notizie dal mondo assicurativo. - blog TG24 la comunicazione attualit\u00e0<\/title>\n<meta name=\"description\" content=\"nuove normative sulle classi di assegnazione di veicoli di categoria diversa\" \/>\n<meta name=\"robots\" content=\"index, follow, max-snippet:-1, max-image-preview:large, max-video-preview:-1\" \/>\n<link rel=\"canonical\" href=\"https:\/\/lbcomunicazione.org\/index.php\/2020\/04\/04\/notizie-dal-mondo-assicurativo\/\" \/>\n<meta property=\"og:locale\" content=\"it_IT\" \/>\n<meta property=\"og:type\" content=\"article\" \/>\n<meta property=\"og:title\" content=\"Notizie dal mondo assicurativo. - blog TG24 la comunicazione attualit\u00e0\" \/>\n<meta property=\"og:description\" content=\"nuove normative sulle classi di assegnazione di veicoli di categoria diversa\" \/>\n<meta property=\"og:url\" content=\"https:\/\/lbcomunicazione.org\/index.php\/2020\/04\/04\/notizie-dal-mondo-assicurativo\/\" \/>\n<meta property=\"og:site_name\" content=\"blog TG24 la comunicazione\" \/>\n<meta property=\"article:publisher\" content=\"https:\/\/www.facebook.com\/beezzup\/\" \/>\n<meta property=\"article:published_time\" content=\"2020-04-04T15:34:49+00:00\" \/>\n<meta property=\"article:modified_time\" content=\"2020-04-05T09:48:05+00:00\" \/>\n<meta property=\"og:image\" content=\"https:\/\/lbcomunicazione.org\/wp-content\/uploads\/2020\/04\/Unipolsai-Cattolica-Marsh-Willis-Zurich-Poste-Aig-Helvetia-Mediolanum-Groupama-Reale-Mutua.png\" \/>\n\t<meta property=\"og:image:width\" content=\"405\" \/>\n\t<meta property=\"og:image:height\" content=\"257\" \/>\n\t<meta property=\"og:image:type\" content=\"image\/png\" \/>\n<meta name=\"author\" content=\"Paolo Di Blasio\" \/>\n<meta name=\"twitter:card\" content=\"summary_large_image\" \/>\n<meta name=\"twitter:creator\" content=\"@beezzup\" \/>\n<meta name=\"twitter:site\" content=\"@beezzup\" \/>\n<meta name=\"twitter:label1\" content=\"Scritto da\" \/>\n\t<meta name=\"twitter:data1\" content=\"Paolo Di Blasio\" \/>\n\t<meta name=\"twitter:label2\" content=\"Tempo di lettura stimato\" \/>\n\t<meta name=\"twitter:data2\" content=\"1 minuto\" \/>\n<script type=\"application\/ld+json\" class=\"yoast-schema-graph\">{\"@context\":\"https:\/\/schema.org\",\"@graph\":[{\"@type\":\"Article\",\"@id\":\"https:\/\/lbcomunicazione.org\/index.php\/2020\/04\/04\/notizie-dal-mondo-assicurativo\/#article\",\"isPartOf\":{\"@id\":\"https:\/\/lbcomunicazione.org\/index.php\/2020\/04\/04\/notizie-dal-mondo-assicurativo\/\"},\"author\":{\"name\":\"Paolo Di Blasio\",\"@id\":\"https:\/\/lbcomunicazione.org\/#\/schema\/person\/1d7129f5ae3ea6666c33f43c76a3a9d6\"},\"headline\":\"Notizie dal mondo assicurativo.\",\"datePublished\":\"2020-04-04T15:34:49+00:00\",\"dateModified\":\"2020-04-05T09:48:05+00:00\",\"mainEntityOfPage\":{\"@id\":\"https:\/\/lbcomunicazione.org\/index.php\/2020\/04\/04\/notizie-dal-mondo-assicurativo\/\"},\"wordCount\":154,\"commentCount\":0,\"publisher\":{\"@id\":\"https:\/\/lbcomunicazione.org\/#organization\"},\"image\":{\"@id\":\"https:\/\/lbcomunicazione.org\/index.php\/2020\/04\/04\/notizie-dal-mondo-assicurativo\/#primaryimage\"},\"thumbnailUrl\":\"https:\/\/lbcomunicazione.org\/wp-content\/uploads\/2020\/04\/Unipolsai-Cattolica-Marsh-Willis-Zurich-Poste-Aig-Helvetia-Mediolanum-Groupama-Reale-Mutua.png\",\"articleSection\":[\"attualit\u00e0\",\"motori\"],\"inLanguage\":\"it-IT\",\"potentialAction\":[{\"@type\":\"CommentAction\",\"name\":\"Comment\",\"target\":[\"https:\/\/lbcomunicazione.org\/index.php\/2020\/04\/04\/notizie-dal-mondo-assicurativo\/#respond\"]}]},{\"@type\":\"WebPage\",\"@id\":\"https:\/\/lbcomunicazione.org\/index.php\/2020\/04\/04\/notizie-dal-mondo-assicurativo\/\",\"url\":\"https:\/\/lbcomunicazione.org\/index.php\/2020\/04\/04\/notizie-dal-mondo-assicurativo\/\",\"name\":\"Notizie dal mondo assicurativo. - blog TG24 la comunicazione attualit\u00e0\",\"isPartOf\":{\"@id\":\"https:\/\/lbcomunicazione.org\/#website\"},\"primaryImageOfPage\":{\"@id\":\"https:\/\/lbcomunicazione.org\/index.php\/2020\/04\/04\/notizie-dal-mondo-assicurativo\/#primaryimage\"},\"image\":{\"@id\":\"https:\/\/lbcomunicazione.org\/index.php\/2020\/04\/04\/notizie-dal-mondo-assicurativo\/#primaryimage\"},\"thumbnailUrl\":\"https:\/\/lbcomunicazione.org\/wp-content\/uploads\/2020\/04\/Unipolsai-Cattolica-Marsh-Willis-Zurich-Poste-Aig-Helvetia-Mediolanum-Groupama-Reale-Mutua.png\",\"datePublished\":\"2020-04-04T15:34:49+00:00\",\"dateModified\":\"2020-04-05T09:48:05+00:00\",\"description\":\"nuove normative sulle classi di assegnazione di veicoli di categoria diversa\",\"breadcrumb\":{\"@id\":\"https:\/\/lbcomunicazione.org\/index.php\/2020\/04\/04\/notizie-dal-mondo-assicurativo\/#breadcrumb\"},\"inLanguage\":\"it-IT\",\"potentialAction\":[{\"@type\":\"ReadAction\",\"target\":[\"https:\/\/lbcomunicazione.org\/index.php\/2020\/04\/04\/notizie-dal-mondo-assicurativo\/\"]}]},{\"@type\":\"ImageObject\",\"inLanguage\":\"it-IT\",\"@id\":\"https:\/\/lbcomunicazione.org\/index.php\/2020\/04\/04\/notizie-dal-mondo-assicurativo\/#primaryimage\",\"url\":\"https:\/\/lbcomunicazione.org\/wp-content\/uploads\/2020\/04\/Unipolsai-Cattolica-Marsh-Willis-Zurich-Poste-Aig-Helvetia-Mediolanum-Groupama-Reale-Mutua.png\",\"contentUrl\":\"https:\/\/lbcomunicazione.org\/wp-content\/uploads\/2020\/04\/Unipolsai-Cattolica-Marsh-Willis-Zurich-Poste-Aig-Helvetia-Mediolanum-Groupama-Reale-Mutua.png\",\"width\":405,\"height\":257},{\"@type\":\"BreadcrumbList\",\"@id\":\"https:\/\/lbcomunicazione.org\/index.php\/2020\/04\/04\/notizie-dal-mondo-assicurativo\/#breadcrumb\",\"itemListElement\":[{\"@type\":\"ListItem\",\"position\":1,\"name\":\"Home\",\"item\":\"https:\/\/lbcomunicazione.org\/\"},{\"@type\":\"ListItem\",\"position\":2,\"name\":\"Notizie dal mondo assicurativo.\"}]},{\"@type\":\"WebSite\",\"@id\":\"https:\/\/lbcomunicazione.org\/#website\",\"url\":\"https:\/\/lbcomunicazione.org\/\",\"name\":\"blogTG24lacomunicazione.org\",\"description\":\"Siamo una squadra di blogger, che desiderano dare voce a quelle notizie, realt\u00e0, associazioni, che non sono divulgate dai giornali e media\",\"publisher\":{\"@id\":\"https:\/\/lbcomunicazione.org\/#organization\"},\"potentialAction\":[{\"@type\":\"SearchAction\",\"target\":{\"@type\":\"EntryPoint\",\"urlTemplate\":\"https:\/\/lbcomunicazione.org\/?s={search_term_string}\"},\"query-input\":{\"@type\":\"PropertyValueSpecification\",\"valueRequired\":true,\"valueName\":\"search_term_string\"}}],\"inLanguage\":\"it-IT\"},{\"@type\":\"Organization\",\"@id\":\"https:\/\/lbcomunicazione.org\/#organization\",\"name\":\"blogtg24lacomunicazione\",\"url\":\"https:\/\/lbcomunicazione.org\/\",\"logo\":{\"@type\":\"ImageObject\",\"inLanguage\":\"it-IT\",\"@id\":\"https:\/\/lbcomunicazione.org\/#\/schema\/logo\/image\/\",\"url\":\"https:\/\/lbcomunicazione.org\/wp-content\/uploads\/2019\/01\/logo-cfpblogger.jpg\",\"contentUrl\":\"https:\/\/lbcomunicazione.org\/wp-content\/uploads\/2019\/01\/logo-cfpblogger.jpg\",\"width\":680,\"height\":709,\"caption\":\"blogtg24lacomunicazione\"},\"image\":{\"@id\":\"https:\/\/lbcomunicazione.org\/#\/schema\/logo\/image\/\"},\"sameAs\":[\"https:\/\/www.facebook.com\/beezzup\/\",\"https:\/\/x.com\/beezzup\",\"https:\/\/www.instagram.com\/beezzup\/\",\"https:\/\/www.pinterest.it\/beezzup\/\",\"https:\/\/www.youtube.com\/channel\/UCPeEGg5tKdoyOPK--mGE5Yg\"]},{\"@type\":\"Person\",\"@id\":\"https:\/\/lbcomunicazione.org\/#\/schema\/person\/1d7129f5ae3ea6666c33f43c76a3a9d6\",\"name\":\"Paolo Di Blasio\",\"image\":{\"@type\":\"ImageObject\",\"inLanguage\":\"it-IT\",\"@id\":\"https:\/\/lbcomunicazione.org\/#\/schema\/person\/image\/\",\"url\":\"https:\/\/secure.gravatar.com\/avatar\/1b14ac7a1a18ae11f090945ac2b7fa6fc66f9f41d94d851225ed2340e5050e2d?s=96&d=mm&r=g\",\"contentUrl\":\"https:\/\/secure.gravatar.com\/avatar\/1b14ac7a1a18ae11f090945ac2b7fa6fc66f9f41d94d851225ed2340e5050e2d?s=96&d=mm&r=g\",\"caption\":\"Paolo Di Blasio\"},\"url\":\"https:\/\/lbcomunicazione.org\/index.php\/author\/diblapa\/\"}]}<\/script>\n<!-- \/ Yoast SEO plugin. -->","yoast_head_json":{"title":"Notizie dal mondo assicurativo. - blog TG24 la comunicazione attualit\u00e0","description":"nuove normative sulle classi di assegnazione di veicoli di categoria diversa","robots":{"index":"index","follow":"follow","max-snippet":"max-snippet:-1","max-image-preview":"max-image-preview:large","max-video-preview":"max-video-preview:-1"},"canonical":"https:\/\/lbcomunicazione.org\/index.php\/2020\/04\/04\/notizie-dal-mondo-assicurativo\/","og_locale":"it_IT","og_type":"article","og_title":"Notizie dal mondo assicurativo. - blog TG24 la comunicazione attualit\u00e0","og_description":"nuove normative sulle classi di assegnazione di veicoli di categoria diversa","og_url":"https:\/\/lbcomunicazione.org\/index.php\/2020\/04\/04\/notizie-dal-mondo-assicurativo\/","og_site_name":"blog TG24 la comunicazione","article_publisher":"https:\/\/www.facebook.com\/beezzup\/","article_published_time":"2020-04-04T15:34:49+00:00","article_modified_time":"2020-04-05T09:48:05+00:00","og_image":[{"width":405,"height":257,"url":"https:\/\/lbcomunicazione.org\/wp-content\/uploads\/2020\/04\/Unipolsai-Cattolica-Marsh-Willis-Zurich-Poste-Aig-Helvetia-Mediolanum-Groupama-Reale-Mutua.png","type":"image\/png"}],"author":"Paolo Di Blasio","twitter_card":"summary_large_image","twitter_creator":"@beezzup","twitter_site":"@beezzup","twitter_misc":{"Scritto da":"Paolo Di Blasio","Tempo di lettura stimato":"1 minuto"},"schema":{"@context":"https:\/\/schema.org","@graph":[{"@type":"Article","@id":"https:\/\/lbcomunicazione.org\/index.php\/2020\/04\/04\/notizie-dal-mondo-assicurativo\/#article","isPartOf":{"@id":"https:\/\/lbcomunicazione.org\/index.php\/2020\/04\/04\/notizie-dal-mondo-assicurativo\/"},"author":{"name":"Paolo Di Blasio","@id":"https:\/\/lbcomunicazione.org\/#\/schema\/person\/1d7129f5ae3ea6666c33f43c76a3a9d6"},"headline":"Notizie dal mondo assicurativo.","datePublished":"2020-04-04T15:34:49+00:00","dateModified":"2020-04-05T09:48:05+00:00","mainEntityOfPage":{"@id":"https:\/\/lbcomunicazione.org\/index.php\/2020\/04\/04\/notizie-dal-mondo-assicurativo\/"},"wordCount":154,"commentCount":0,"publisher":{"@id":"https:\/\/lbcomunicazione.org\/#organization"},"image":{"@id":"https:\/\/lbcomunicazione.org\/index.php\/2020\/04\/04\/notizie-dal-mondo-assicurativo\/#primaryimage"},"thumbnailUrl":"https:\/\/lbcomunicazione.org\/wp-content\/uploads\/2020\/04\/Unipolsai-Cattolica-Marsh-Willis-Zurich-Poste-Aig-Helvetia-Mediolanum-Groupama-Reale-Mutua.png","articleSection":["attualit\u00e0","motori"],"inLanguage":"it-IT","potentialAction":[{"@type":"CommentAction","name":"Comment","target":["https:\/\/lbcomunicazione.org\/index.php\/2020\/04\/04\/notizie-dal-mondo-assicurativo\/#respond"]}]},{"@type":"WebPage","@id":"https:\/\/lbcomunicazione.org\/index.php\/2020\/04\/04\/notizie-dal-mondo-assicurativo\/","url":"https:\/\/lbcomunicazione.org\/index.php\/2020\/04\/04\/notizie-dal-mondo-assicurativo\/","name":"Notizie dal mondo assicurativo. - blog TG24 la comunicazione attualit\u00e0","isPartOf":{"@id":"https:\/\/lbcomunicazione.org\/#website"},"primaryImageOfPage":{"@id":"https:\/\/lbcomunicazione.org\/index.php\/2020\/04\/04\/notizie-dal-mondo-assicurativo\/#primaryimage"},"image":{"@id":"https:\/\/lbcomunicazione.org\/index.php\/2020\/04\/04\/notizie-dal-mondo-assicurativo\/#primaryimage"},"thumbnailUrl":"https:\/\/lbcomunicazione.org\/wp-content\/uploads\/2020\/04\/Unipolsai-Cattolica-Marsh-Willis-Zurich-Poste-Aig-Helvetia-Mediolanum-Groupama-Reale-Mutua.png","datePublished":"2020-04-04T15:34:49+00:00","dateModified":"2020-04-05T09:48:05+00:00","description":"nuove normative sulle classi di assegnazione di veicoli di categoria diversa","breadcrumb":{"@id":"https:\/\/lbcomunicazione.org\/index.php\/2020\/04\/04\/notizie-dal-mondo-assicurativo\/#breadcrumb"},"inLanguage":"it-IT","potentialAction":[{"@type":"ReadAction","target":["https:\/\/lbcomunicazione.org\/index.php\/2020\/04\/04\/notizie-dal-mondo-assicurativo\/"]}]},{"@type":"ImageObject","inLanguage":"it-IT","@id":"https:\/\/lbcomunicazione.org\/index.php\/2020\/04\/04\/notizie-dal-mondo-assicurativo\/#primaryimage","url":"https:\/\/lbcomunicazione.org\/wp-content\/uploads\/2020\/04\/Unipolsai-Cattolica-Marsh-Willis-Zurich-Poste-Aig-Helvetia-Mediolanum-Groupama-Reale-Mutua.png","contentUrl":"https:\/\/lbcomunicazione.org\/wp-content\/uploads\/2020\/04\/Unipolsai-Cattolica-Marsh-Willis-Zurich-Poste-Aig-Helvetia-Mediolanum-Groupama-Reale-Mutua.png","width":405,"height":257},{"@type":"BreadcrumbList","@id":"https:\/\/lbcomunicazione.org\/index.php\/2020\/04\/04\/notizie-dal-mondo-assicurativo\/#breadcrumb","itemListElement":[{"@type":"ListItem","position":1,"name":"Home","item":"https:\/\/lbcomunicazione.org\/"},{"@type":"ListItem","position":2,"name":"Notizie dal mondo assicurativo."}]},{"@type":"WebSite","@id":"https:\/\/lbcomunicazione.org\/#website","url":"https:\/\/lbcomunicazione.org\/","name":"blogTG24lacomunicazione.org","description":"Siamo una squadra di blogger, che desiderano dare voce a quelle notizie, realt\u00e0, associazioni, che non sono divulgate dai giornali e media","publisher":{"@id":"https:\/\/lbcomunicazione.org\/#organization"},"potentialAction":[{"@type":"SearchAction","target":{"@type":"EntryPoint","urlTemplate":"https:\/\/lbcomunicazione.org\/?s={search_term_string}"},"query-input":{"@type":"PropertyValueSpecification","valueRequired":true,"valueName":"search_term_string"}}],"inLanguage":"it-IT"},{"@type":"Organization","@id":"https:\/\/lbcomunicazione.org\/#organization","name":"blogtg24lacomunicazione","url":"https:\/\/lbcomunicazione.org\/","logo":{"@type":"ImageObject","inLanguage":"it-IT","@id":"https:\/\/lbcomunicazione.org\/#\/schema\/logo\/image\/","url":"https:\/\/lbcomunicazione.org\/wp-content\/uploads\/2019\/01\/logo-cfpblogger.jpg","contentUrl":"https:\/\/lbcomunicazione.org\/wp-content\/uploads\/2019\/01\/logo-cfpblogger.jpg","width":680,"height":709,"caption":"blogtg24lacomunicazione"},"image":{"@id":"https:\/\/lbcomunicazione.org\/#\/schema\/logo\/image\/"},"sameAs":["https:\/\/www.facebook.com\/beezzup\/","https:\/\/x.com\/beezzup","https:\/\/www.instagram.com\/beezzup\/","https:\/\/www.pinterest.it\/beezzup\/","https:\/\/www.youtube.com\/channel\/UCPeEGg5tKdoyOPK--mGE5Yg"]},{"@type":"Person","@id":"https:\/\/lbcomunicazione.org\/#\/schema\/person\/1d7129f5ae3ea6666c33f43c76a3a9d6","name":"Paolo Di Blasio","image":{"@type":"ImageObject","inLanguage":"it-IT","@id":"https:\/\/lbcomunicazione.org\/#\/schema\/person\/image\/","url":"https:\/\/secure.gravatar.com\/avatar\/1b14ac7a1a18ae11f090945ac2b7fa6fc66f9f41d94d851225ed2340e5050e2d?s=96&d=mm&r=g","contentUrl":"https:\/\/secure.gravatar.com\/avatar\/1b14ac7a1a18ae11f090945ac2b7fa6fc66f9f41d94d851225ed2340e5050e2d?s=96&d=mm&r=g","caption":"Paolo Di Blasio"},"url":"https:\/\/lbcomunicazione.org\/index.php\/author\/diblapa\/"}]}},"_links":{"self":[{"href":"https:\/\/lbcomunicazione.org\/index.php\/wp-json\/wp\/v2\/posts\/4645","targetHints":{"allow":["GET"]}}],"collection":[{"href":"https:\/\/lbcomunicazione.org\/index.php\/wp-json\/wp\/v2\/posts"}],"about":[{"href":"https:\/\/lbcomunicazione.org\/index.php\/wp-json\/wp\/v2\/types\/post"}],"author":[{"embeddable":true,"href":"https:\/\/lbcomunicazione.org\/index.php\/wp-json\/wp\/v2\/users\/7"}],"replies":[{"embeddable":true,"href":"https:\/\/lbcomunicazione.org\/index.php\/wp-json\/wp\/v2\/comments?post=4645"}],"version-history":[{"count":0,"href":"https:\/\/lbcomunicazione.org\/index.php\/wp-json\/wp\/v2\/posts\/4645\/revisions"}],"wp:featuredmedia":[{"embeddable":true,"href":"https:\/\/lbcomunicazione.org\/index.php\/wp-json\/wp\/v2\/media\/4646"}],"wp:attachment":[{"href":"https:\/\/lbcomunicazione.org\/index.php\/wp-json\/wp\/v2\/media?parent=4645"}],"wp:term":[{"taxonomy":"category","embeddable":true,"href":"https:\/\/lbcomunicazione.org\/index.php\/wp-json\/wp\/v2\/categories?post=4645"},{"taxonomy":"post_tag","embeddable":true,"href":"https:\/\/lbcomunicazione.org\/index.php\/wp-json\/wp\/v2\/tags?post=4645"}],"curies":[{"name":"wp","href":"https:\/\/api.w.org\/{rel}","templated":true}]}}