{"id":4623,"date":"2020-04-05T19:29:18","date_gmt":"2020-04-05T18:29:18","guid":{"rendered":"http:\/\/lbcomunicazione.org\/?p=4623"},"modified":"2020-04-05T19:29:18","modified_gmt":"2020-04-05T18:29:18","slug":"da-febbraio-2020-uniti-e-tutti-uguali","status":"publish","type":"post","link":"https:\/\/lbcomunicazione.org\/index.php\/2020\/04\/05\/da-febbraio-2020-uniti-e-tutti-uguali\/","title":{"rendered":"Da Febbraio 2020 uniti e tutti uguali!"},"content":{"rendered":"<p>Da febbraio 2020 tutti uguali!<br \/>\nIl pericolo di ammalarci e la paura di perdere la vita ci rende uguali, al di l\u00e0 della classe sociale, dell&#8217;et\u00e0 e cultura.<br \/>\nMi pare che la Terra, il nostro amato e &#8220;strapazzato&#8221; pianeta, ci dia un segnale di stop, un attimo per riflettere. Nulla sar\u00e0 pi\u00f9 uguale: per esempio, un abbraccio, dopo l&#8217;esperienza &#8220;Covid&#8221; sar\u00e0 un abbraccio lungo, bello e sentito come mai prima. Per un po&#8217; di tempo apprezzeremo davvero la vita e tante persone avranno finalmente capito che il 5G &#8211; se non lo rendiamo sicuro &#8211; non si deve applicare, che l&#8217;inquinamento ci sta uccidendo che stiamo demolendo il nostro Paese, la nostra &#8220;casa comune&#8221;. Ci informiamo e riflettiamo anche grazie a questa pausa forzata.<\/p>\n<p>In questo periodo ci sentiamo uniti a tutto il resto del mondo perch\u00e9 condividiamo un grosso problema, tutti siamo costretti a fermarci a riflettere. Siamo uguali? Siamo uguali davanti alla legge in questo momento difficile?<img loading=\"lazy\" decoding=\"async\" class=\"size-medium wp-image-4297 aligncenter\" src=\"https:\/\/lbcomunicazione.org\/wp-content\/uploads\/2020\/03\/heart-2028061_1280-254x300.png\" alt=\"\" width=\"254\" height=\"300\" \/><\/p>\n<p>Avremo compreso la lezione della fratellanza?<\/p>\n<p>Numerose dimostrazioni di unione e solidariet\u00e0 indicano che di fronte a un grave pericolo ci possiamo unire, aiutare e ricordare che siamo fratelli e che siamo un tutt&#8217;uno con l&#8217;ambiente.<br \/>\nCesare Pavese, originario di S. Stefano Belbo, che si trova a pochi chilometri da casa mia, diceva che la lezione si prende, non si d\u00e0.<\/p>\n<div id=\"attachment_4628\" style=\"width: 287px\" class=\"wp-caption aligncenter\"><img loading=\"lazy\" decoding=\"async\" aria-describedby=\"caption-attachment-4628\" class=\"wp-image-4628 size-medium\" src=\"https:\/\/lbcomunicazione.org\/wp-content\/uploads\/2020\/04\/citazione-277x300.jpg\" alt=\"\" width=\"277\" height=\"300\" srcset=\"https:\/\/lbcomunicazione.org\/wp-content\/uploads\/2020\/04\/citazione-277x300.jpg 277w, https:\/\/lbcomunicazione.org\/wp-content\/uploads\/2020\/04\/citazione-944x1024.jpg 944w, https:\/\/lbcomunicazione.org\/wp-content\/uploads\/2020\/04\/citazione-768x833.jpg 768w, https:\/\/lbcomunicazione.org\/wp-content\/uploads\/2020\/04\/citazione-520x564.jpg 520w, https:\/\/lbcomunicazione.org\/wp-content\/uploads\/2020\/04\/citazione.jpg 1080w\" sizes=\"auto, (max-width: 277px) 100vw, 277px\" \/><p id=\"caption-attachment-4628\" class=\"wp-caption-text\">Cesare Pavese<\/p><\/div>\n<p>Qualcuno dice che la quarantena dei Vip e dei personaggi politici sia pi\u00f9 agiata, per chi non ha una casa con un grande terrazzo panoramico o un futuro lavorativo \u00e8 un&#8217;altra storia. Quindi tutti uguali, poveri e ricchi? Chi \u00e8 il povero, la persona economicamente debole? Non \u00e8 chi deve darsi al consumismo sfrenato anche se non ne ha la possibilit\u00e0 dato che in questa societ\u00e0 bisogna consumare. Secondo Goffredo Parise che lo scrisse nel 1974 &#8220;Povert\u00e0 \u00e8 assaporare (non semplicemente ingurgitare in modo nevroticamente obbediente) un cibo: il pane, l\u2019olio, il pomodoro, la pasta, il vino, che sono i prodotti del nostro paese; imparando a conoscere questi prodotti si impara anche a distinguere gli imbrogli e a protestare, a rifiutare. Povert\u00e0 significa, insomma, educazione elementare delle cose che ci sono utili e anche dilettevoli alla vita.&#8221;<br \/>\nDavanti alla legge siamo uguali, ma ci sono due tipi di uguaglianza: quella formale e quella sostanziale.<br \/>\nPer uguaglianza <em><strong>FORMALE<\/strong><\/em> si intende l&#8217;uguaglianza di tutti davanti alla legge. Tale concetto si trova nel primo comma dell&#8217;articolo 3 della nostra Costituzione. &#8230; Per uguaglianza <em><strong>SOSTANZIALE<\/strong><\/em> si intende che le leggi, oltre ad essere uguali per tutti, devono per\u00f2 prevedere leggi speciali a favore delle categorie pi\u00f9 deboli.<br \/>\nSperiamo che si ricordino di tutti, belli e brutti quando a tavolino discutono della situazione economica del nostro Paese. Che tengano presente il popolo e le sue esigenze,\u00a0 e che se non stampiamo denaro interno per risollevarci da questa grave situazione economica non ne usciremo e resteremo semplicemente dei burattini senza nome nelle mani di chi gestisce la nostra vita dandoci nuovamente il permesso di uscire per fare la spesa e andare a lavorare se il lavoro ci sar\u00e0 ancora.<\/p>\n","protected":false},"excerpt":{"rendered":"<p>Da febbraio 2020 tutti uguali! Il pericolo di ammalarci e la paura di perdere la vita ci rende uguali, al di l\u00e0 della classe sociale, dell&#8217;et\u00e0 e cultura. Mi pare che la Terra, il nostro amato e &#8220;strapazzato&#8221; pianeta, ci dia un segnale di stop, un attimo per riflettere. Nulla sar\u00e0 pi\u00f9 uguale: per esempio, un abbraccio, dopo l&#8217;esperienza &#8220;Covid&#8221; sar\u00e0 un abbraccio lungo, bello e sentito come mai prima. Per un po&#8217; di tempo apprezzeremo davvero la vita e tante persone avranno finalmente capito che il 5G &#8211; se non lo rendiamo sicuro &#8211; non si deve applicare, che l&#8217;inquinamento&#46;&#46;&#46;<\/p>\n","protected":false},"author":35,"featured_media":4632,"comment_status":"open","ping_status":"closed","sticky":false,"template":"","format":"image","meta":{"_crdt_document":"","footnotes":""},"categories":[31],"tags":[438],"class_list":["post-4623","post","type-post","status-publish","format-image","has-post-thumbnail","hentry","category-sociale","tag-uguaglianza","post_format-post-format-image"],"yoast_head":"<!-- This site is optimized with the Yoast SEO plugin v26.9 - https:\/\/yoast.com\/product\/yoast-seo-wordpress\/ -->\n<title>Da Febbraio 2020 uniti e tutti uguali! - blog TG24 la comunicazione<\/title>\n<meta name=\"robots\" content=\"index, follow, max-snippet:-1, max-image-preview:large, max-video-preview:-1\" \/>\n<link rel=\"canonical\" href=\"https:\/\/lbcomunicazione.org\/index.php\/2020\/04\/05\/da-febbraio-2020-uniti-e-tutti-uguali\/\" \/>\n<meta property=\"og:locale\" content=\"it_IT\" \/>\n<meta property=\"og:type\" content=\"article\" \/>\n<meta property=\"og:title\" content=\"Da Febbraio 2020 uniti e tutti uguali! - blog TG24 la comunicazione\" \/>\n<meta property=\"og:description\" content=\"Da febbraio 2020 tutti uguali! Il pericolo di ammalarci e la paura di perdere la vita ci rende uguali, al di l\u00e0 della classe sociale, dell&#8217;et\u00e0 e cultura. Mi pare che la Terra, il nostro amato e &#8220;strapazzato&#8221; pianeta, ci dia un segnale di stop, un attimo per riflettere. Nulla sar\u00e0 pi\u00f9 uguale: per esempio, un abbraccio, dopo l&#8217;esperienza &#8220;Covid&#8221; sar\u00e0 un abbraccio lungo, bello e sentito come mai prima. Per un po&#8217; di tempo apprezzeremo davvero la vita e tante persone avranno finalmente capito che il 5G &#8211; se non lo rendiamo sicuro &#8211; non si deve applicare, che l&#8217;inquinamento&#046;&#046;&#046;\" \/>\n<meta property=\"og:url\" content=\"https:\/\/lbcomunicazione.org\/index.php\/2020\/04\/05\/da-febbraio-2020-uniti-e-tutti-uguali\/\" \/>\n<meta property=\"og:site_name\" content=\"blog TG24 la comunicazione\" \/>\n<meta property=\"article:publisher\" content=\"https:\/\/www.facebook.com\/beezzup\/\" \/>\n<meta property=\"article:published_time\" content=\"2020-04-05T18:29:18+00:00\" \/>\n<meta property=\"og:image\" content=\"https:\/\/lbcomunicazione.org\/wp-content\/uploads\/2020\/04\/IMG_20200403_215909.jpg\" \/>\n\t<meta property=\"og:image:width\" content=\"800\" \/>\n\t<meta property=\"og:image:height\" content=\"277\" \/>\n\t<meta property=\"og:image:type\" content=\"image\/jpeg\" \/>\n<meta name=\"author\" content=\"Monica Brunettini\" \/>\n<meta name=\"twitter:card\" content=\"summary_large_image\" \/>\n<meta name=\"twitter:creator\" content=\"@beezzup\" \/>\n<meta name=\"twitter:site\" content=\"@beezzup\" \/>\n<meta name=\"twitter:label1\" content=\"Scritto da\" \/>\n\t<meta name=\"twitter:data1\" content=\"Monica Brunettini\" \/>\n\t<meta name=\"twitter:label2\" content=\"Tempo di lettura stimato\" \/>\n\t<meta name=\"twitter:data2\" content=\"3 minuti\" \/>\n<script type=\"application\/ld+json\" class=\"yoast-schema-graph\">{\"@context\":\"https:\/\/schema.org\",\"@graph\":[{\"@type\":\"Article\",\"@id\":\"https:\/\/lbcomunicazione.org\/index.php\/2020\/04\/05\/da-febbraio-2020-uniti-e-tutti-uguali\/#article\",\"isPartOf\":{\"@id\":\"https:\/\/lbcomunicazione.org\/index.php\/2020\/04\/05\/da-febbraio-2020-uniti-e-tutti-uguali\/\"},\"author\":{\"name\":\"Monica Brunettini\",\"@id\":\"https:\/\/lbcomunicazione.org\/#\/schema\/person\/a3189f42c12a6989c8b908702a062ff1\"},\"headline\":\"Da Febbraio 2020 uniti e tutti uguali!\",\"datePublished\":\"2020-04-05T18:29:18+00:00\",\"mainEntityOfPage\":{\"@id\":\"https:\/\/lbcomunicazione.org\/index.php\/2020\/04\/05\/da-febbraio-2020-uniti-e-tutti-uguali\/\"},\"wordCount\":519,\"commentCount\":0,\"publisher\":{\"@id\":\"https:\/\/lbcomunicazione.org\/#organization\"},\"image\":{\"@id\":\"https:\/\/lbcomunicazione.org\/index.php\/2020\/04\/05\/da-febbraio-2020-uniti-e-tutti-uguali\/#primaryimage\"},\"thumbnailUrl\":\"https:\/\/lbcomunicazione.org\/wp-content\/uploads\/2020\/04\/IMG_20200403_215909.jpg\",\"keywords\":[\"uguaglianza\"],\"articleSection\":[\"sociale\"],\"inLanguage\":\"it-IT\",\"potentialAction\":[{\"@type\":\"CommentAction\",\"name\":\"Comment\",\"target\":[\"https:\/\/lbcomunicazione.org\/index.php\/2020\/04\/05\/da-febbraio-2020-uniti-e-tutti-uguali\/#respond\"]}]},{\"@type\":\"WebPage\",\"@id\":\"https:\/\/lbcomunicazione.org\/index.php\/2020\/04\/05\/da-febbraio-2020-uniti-e-tutti-uguali\/\",\"url\":\"https:\/\/lbcomunicazione.org\/index.php\/2020\/04\/05\/da-febbraio-2020-uniti-e-tutti-uguali\/\",\"name\":\"Da Febbraio 2020 uniti e tutti uguali! - blog TG24 la comunicazione\",\"isPartOf\":{\"@id\":\"https:\/\/lbcomunicazione.org\/#website\"},\"primaryImageOfPage\":{\"@id\":\"https:\/\/lbcomunicazione.org\/index.php\/2020\/04\/05\/da-febbraio-2020-uniti-e-tutti-uguali\/#primaryimage\"},\"image\":{\"@id\":\"https:\/\/lbcomunicazione.org\/index.php\/2020\/04\/05\/da-febbraio-2020-uniti-e-tutti-uguali\/#primaryimage\"},\"thumbnailUrl\":\"https:\/\/lbcomunicazione.org\/wp-content\/uploads\/2020\/04\/IMG_20200403_215909.jpg\",\"datePublished\":\"2020-04-05T18:29:18+00:00\",\"breadcrumb\":{\"@id\":\"https:\/\/lbcomunicazione.org\/index.php\/2020\/04\/05\/da-febbraio-2020-uniti-e-tutti-uguali\/#breadcrumb\"},\"inLanguage\":\"it-IT\",\"potentialAction\":[{\"@type\":\"ReadAction\",\"target\":[\"https:\/\/lbcomunicazione.org\/index.php\/2020\/04\/05\/da-febbraio-2020-uniti-e-tutti-uguali\/\"]}]},{\"@type\":\"ImageObject\",\"inLanguage\":\"it-IT\",\"@id\":\"https:\/\/lbcomunicazione.org\/index.php\/2020\/04\/05\/da-febbraio-2020-uniti-e-tutti-uguali\/#primaryimage\",\"url\":\"https:\/\/lbcomunicazione.org\/wp-content\/uploads\/2020\/04\/IMG_20200403_215909.jpg\",\"contentUrl\":\"https:\/\/lbcomunicazione.org\/wp-content\/uploads\/2020\/04\/IMG_20200403_215909.jpg\",\"width\":800,\"height\":277},{\"@type\":\"BreadcrumbList\",\"@id\":\"https:\/\/lbcomunicazione.org\/index.php\/2020\/04\/05\/da-febbraio-2020-uniti-e-tutti-uguali\/#breadcrumb\",\"itemListElement\":[{\"@type\":\"ListItem\",\"position\":1,\"name\":\"Home\",\"item\":\"https:\/\/lbcomunicazione.org\/\"},{\"@type\":\"ListItem\",\"position\":2,\"name\":\"Da Febbraio 2020 uniti e tutti uguali!\"}]},{\"@type\":\"WebSite\",\"@id\":\"https:\/\/lbcomunicazione.org\/#website\",\"url\":\"https:\/\/lbcomunicazione.org\/\",\"name\":\"blogTG24lacomunicazione.org\",\"description\":\"Siamo una squadra di blogger, che desiderano dare voce a quelle notizie, realt\u00e0, associazioni, che non sono divulgate dai giornali e media\",\"publisher\":{\"@id\":\"https:\/\/lbcomunicazione.org\/#organization\"},\"potentialAction\":[{\"@type\":\"SearchAction\",\"target\":{\"@type\":\"EntryPoint\",\"urlTemplate\":\"https:\/\/lbcomunicazione.org\/?s={search_term_string}\"},\"query-input\":{\"@type\":\"PropertyValueSpecification\",\"valueRequired\":true,\"valueName\":\"search_term_string\"}}],\"inLanguage\":\"it-IT\"},{\"@type\":\"Organization\",\"@id\":\"https:\/\/lbcomunicazione.org\/#organization\",\"name\":\"blogtg24lacomunicazione\",\"url\":\"https:\/\/lbcomunicazione.org\/\",\"logo\":{\"@type\":\"ImageObject\",\"inLanguage\":\"it-IT\",\"@id\":\"https:\/\/lbcomunicazione.org\/#\/schema\/logo\/image\/\",\"url\":\"https:\/\/lbcomunicazione.org\/wp-content\/uploads\/2019\/01\/logo-cfpblogger.jpg\",\"contentUrl\":\"https:\/\/lbcomunicazione.org\/wp-content\/uploads\/2019\/01\/logo-cfpblogger.jpg\",\"width\":680,\"height\":709,\"caption\":\"blogtg24lacomunicazione\"},\"image\":{\"@id\":\"https:\/\/lbcomunicazione.org\/#\/schema\/logo\/image\/\"},\"sameAs\":[\"https:\/\/www.facebook.com\/beezzup\/\",\"https:\/\/x.com\/beezzup\",\"https:\/\/www.instagram.com\/beezzup\/\",\"https:\/\/www.pinterest.it\/beezzup\/\",\"https:\/\/www.youtube.com\/channel\/UCPeEGg5tKdoyOPK--mGE5Yg\"]},{\"@type\":\"Person\",\"@id\":\"https:\/\/lbcomunicazione.org\/#\/schema\/person\/a3189f42c12a6989c8b908702a062ff1\",\"name\":\"Monica Brunettini\",\"image\":{\"@type\":\"ImageObject\",\"inLanguage\":\"it-IT\",\"@id\":\"https:\/\/lbcomunicazione.org\/#\/schema\/person\/image\/\",\"url\":\"https:\/\/secure.gravatar.com\/avatar\/122d7c4bccfd8130f860359bac7f85694b41d7d842a5c58f33b9dfc1d97d7856?s=96&d=mm&r=g\",\"contentUrl\":\"https:\/\/secure.gravatar.com\/avatar\/122d7c4bccfd8130f860359bac7f85694b41d7d842a5c58f33b9dfc1d97d7856?s=96&d=mm&r=g\",\"caption\":\"Monica Brunettini\"},\"description\":\"Mamma, impiegata, blogger del Mondo Migliore\",\"url\":\"https:\/\/lbcomunicazione.org\/index.php\/author\/monica-brunettini\/\"}]}<\/script>\n<!-- \/ Yoast SEO plugin. -->","yoast_head_json":{"title":"Da Febbraio 2020 uniti e tutti uguali! - blog TG24 la comunicazione","robots":{"index":"index","follow":"follow","max-snippet":"max-snippet:-1","max-image-preview":"max-image-preview:large","max-video-preview":"max-video-preview:-1"},"canonical":"https:\/\/lbcomunicazione.org\/index.php\/2020\/04\/05\/da-febbraio-2020-uniti-e-tutti-uguali\/","og_locale":"it_IT","og_type":"article","og_title":"Da Febbraio 2020 uniti e tutti uguali! - blog TG24 la comunicazione","og_description":"Da febbraio 2020 tutti uguali! Il pericolo di ammalarci e la paura di perdere la vita ci rende uguali, al di l\u00e0 della classe sociale, dell&#8217;et\u00e0 e cultura. Mi pare che la Terra, il nostro amato e &#8220;strapazzato&#8221; pianeta, ci dia un segnale di stop, un attimo per riflettere. Nulla sar\u00e0 pi\u00f9 uguale: per esempio, un abbraccio, dopo l&#8217;esperienza &#8220;Covid&#8221; sar\u00e0 un abbraccio lungo, bello e sentito come mai prima. Per un po&#8217; di tempo apprezzeremo davvero la vita e tante persone avranno finalmente capito che il 5G &#8211; se non lo rendiamo sicuro &#8211; non si deve applicare, che l&#8217;inquinamento&#46;&#46;&#46;","og_url":"https:\/\/lbcomunicazione.org\/index.php\/2020\/04\/05\/da-febbraio-2020-uniti-e-tutti-uguali\/","og_site_name":"blog TG24 la comunicazione","article_publisher":"https:\/\/www.facebook.com\/beezzup\/","article_published_time":"2020-04-05T18:29:18+00:00","og_image":[{"width":800,"height":277,"url":"https:\/\/lbcomunicazione.org\/wp-content\/uploads\/2020\/04\/IMG_20200403_215909.jpg","type":"image\/jpeg"}],"author":"Monica Brunettini","twitter_card":"summary_large_image","twitter_creator":"@beezzup","twitter_site":"@beezzup","twitter_misc":{"Scritto da":"Monica Brunettini","Tempo di lettura stimato":"3 minuti"},"schema":{"@context":"https:\/\/schema.org","@graph":[{"@type":"Article","@id":"https:\/\/lbcomunicazione.org\/index.php\/2020\/04\/05\/da-febbraio-2020-uniti-e-tutti-uguali\/#article","isPartOf":{"@id":"https:\/\/lbcomunicazione.org\/index.php\/2020\/04\/05\/da-febbraio-2020-uniti-e-tutti-uguali\/"},"author":{"name":"Monica Brunettini","@id":"https:\/\/lbcomunicazione.org\/#\/schema\/person\/a3189f42c12a6989c8b908702a062ff1"},"headline":"Da Febbraio 2020 uniti e tutti uguali!","datePublished":"2020-04-05T18:29:18+00:00","mainEntityOfPage":{"@id":"https:\/\/lbcomunicazione.org\/index.php\/2020\/04\/05\/da-febbraio-2020-uniti-e-tutti-uguali\/"},"wordCount":519,"commentCount":0,"publisher":{"@id":"https:\/\/lbcomunicazione.org\/#organization"},"image":{"@id":"https:\/\/lbcomunicazione.org\/index.php\/2020\/04\/05\/da-febbraio-2020-uniti-e-tutti-uguali\/#primaryimage"},"thumbnailUrl":"https:\/\/lbcomunicazione.org\/wp-content\/uploads\/2020\/04\/IMG_20200403_215909.jpg","keywords":["uguaglianza"],"articleSection":["sociale"],"inLanguage":"it-IT","potentialAction":[{"@type":"CommentAction","name":"Comment","target":["https:\/\/lbcomunicazione.org\/index.php\/2020\/04\/05\/da-febbraio-2020-uniti-e-tutti-uguali\/#respond"]}]},{"@type":"WebPage","@id":"https:\/\/lbcomunicazione.org\/index.php\/2020\/04\/05\/da-febbraio-2020-uniti-e-tutti-uguali\/","url":"https:\/\/lbcomunicazione.org\/index.php\/2020\/04\/05\/da-febbraio-2020-uniti-e-tutti-uguali\/","name":"Da Febbraio 2020 uniti e tutti uguali! - blog TG24 la comunicazione","isPartOf":{"@id":"https:\/\/lbcomunicazione.org\/#website"},"primaryImageOfPage":{"@id":"https:\/\/lbcomunicazione.org\/index.php\/2020\/04\/05\/da-febbraio-2020-uniti-e-tutti-uguali\/#primaryimage"},"image":{"@id":"https:\/\/lbcomunicazione.org\/index.php\/2020\/04\/05\/da-febbraio-2020-uniti-e-tutti-uguali\/#primaryimage"},"thumbnailUrl":"https:\/\/lbcomunicazione.org\/wp-content\/uploads\/2020\/04\/IMG_20200403_215909.jpg","datePublished":"2020-04-05T18:29:18+00:00","breadcrumb":{"@id":"https:\/\/lbcomunicazione.org\/index.php\/2020\/04\/05\/da-febbraio-2020-uniti-e-tutti-uguali\/#breadcrumb"},"inLanguage":"it-IT","potentialAction":[{"@type":"ReadAction","target":["https:\/\/lbcomunicazione.org\/index.php\/2020\/04\/05\/da-febbraio-2020-uniti-e-tutti-uguali\/"]}]},{"@type":"ImageObject","inLanguage":"it-IT","@id":"https:\/\/lbcomunicazione.org\/index.php\/2020\/04\/05\/da-febbraio-2020-uniti-e-tutti-uguali\/#primaryimage","url":"https:\/\/lbcomunicazione.org\/wp-content\/uploads\/2020\/04\/IMG_20200403_215909.jpg","contentUrl":"https:\/\/lbcomunicazione.org\/wp-content\/uploads\/2020\/04\/IMG_20200403_215909.jpg","width":800,"height":277},{"@type":"BreadcrumbList","@id":"https:\/\/lbcomunicazione.org\/index.php\/2020\/04\/05\/da-febbraio-2020-uniti-e-tutti-uguali\/#breadcrumb","itemListElement":[{"@type":"ListItem","position":1,"name":"Home","item":"https:\/\/lbcomunicazione.org\/"},{"@type":"ListItem","position":2,"name":"Da Febbraio 2020 uniti e tutti uguali!"}]},{"@type":"WebSite","@id":"https:\/\/lbcomunicazione.org\/#website","url":"https:\/\/lbcomunicazione.org\/","name":"blogTG24lacomunicazione.org","description":"Siamo una squadra di blogger, che desiderano dare voce a quelle notizie, realt\u00e0, associazioni, che non sono divulgate dai giornali e media","publisher":{"@id":"https:\/\/lbcomunicazione.org\/#organization"},"potentialAction":[{"@type":"SearchAction","target":{"@type":"EntryPoint","urlTemplate":"https:\/\/lbcomunicazione.org\/?s={search_term_string}"},"query-input":{"@type":"PropertyValueSpecification","valueRequired":true,"valueName":"search_term_string"}}],"inLanguage":"it-IT"},{"@type":"Organization","@id":"https:\/\/lbcomunicazione.org\/#organization","name":"blogtg24lacomunicazione","url":"https:\/\/lbcomunicazione.org\/","logo":{"@type":"ImageObject","inLanguage":"it-IT","@id":"https:\/\/lbcomunicazione.org\/#\/schema\/logo\/image\/","url":"https:\/\/lbcomunicazione.org\/wp-content\/uploads\/2019\/01\/logo-cfpblogger.jpg","contentUrl":"https:\/\/lbcomunicazione.org\/wp-content\/uploads\/2019\/01\/logo-cfpblogger.jpg","width":680,"height":709,"caption":"blogtg24lacomunicazione"},"image":{"@id":"https:\/\/lbcomunicazione.org\/#\/schema\/logo\/image\/"},"sameAs":["https:\/\/www.facebook.com\/beezzup\/","https:\/\/x.com\/beezzup","https:\/\/www.instagram.com\/beezzup\/","https:\/\/www.pinterest.it\/beezzup\/","https:\/\/www.youtube.com\/channel\/UCPeEGg5tKdoyOPK--mGE5Yg"]},{"@type":"Person","@id":"https:\/\/lbcomunicazione.org\/#\/schema\/person\/a3189f42c12a6989c8b908702a062ff1","name":"Monica Brunettini","image":{"@type":"ImageObject","inLanguage":"it-IT","@id":"https:\/\/lbcomunicazione.org\/#\/schema\/person\/image\/","url":"https:\/\/secure.gravatar.com\/avatar\/122d7c4bccfd8130f860359bac7f85694b41d7d842a5c58f33b9dfc1d97d7856?s=96&d=mm&r=g","contentUrl":"https:\/\/secure.gravatar.com\/avatar\/122d7c4bccfd8130f860359bac7f85694b41d7d842a5c58f33b9dfc1d97d7856?s=96&d=mm&r=g","caption":"Monica Brunettini"},"description":"Mamma, impiegata, blogger del Mondo Migliore","url":"https:\/\/lbcomunicazione.org\/index.php\/author\/monica-brunettini\/"}]}},"_links":{"self":[{"href":"https:\/\/lbcomunicazione.org\/index.php\/wp-json\/wp\/v2\/posts\/4623","targetHints":{"allow":["GET"]}}],"collection":[{"href":"https:\/\/lbcomunicazione.org\/index.php\/wp-json\/wp\/v2\/posts"}],"about":[{"href":"https:\/\/lbcomunicazione.org\/index.php\/wp-json\/wp\/v2\/types\/post"}],"author":[{"embeddable":true,"href":"https:\/\/lbcomunicazione.org\/index.php\/wp-json\/wp\/v2\/users\/35"}],"replies":[{"embeddable":true,"href":"https:\/\/lbcomunicazione.org\/index.php\/wp-json\/wp\/v2\/comments?post=4623"}],"version-history":[{"count":0,"href":"https:\/\/lbcomunicazione.org\/index.php\/wp-json\/wp\/v2\/posts\/4623\/revisions"}],"wp:featuredmedia":[{"embeddable":true,"href":"https:\/\/lbcomunicazione.org\/index.php\/wp-json\/wp\/v2\/media\/4632"}],"wp:attachment":[{"href":"https:\/\/lbcomunicazione.org\/index.php\/wp-json\/wp\/v2\/media?parent=4623"}],"wp:term":[{"taxonomy":"category","embeddable":true,"href":"https:\/\/lbcomunicazione.org\/index.php\/wp-json\/wp\/v2\/categories?post=4623"},{"taxonomy":"post_tag","embeddable":true,"href":"https:\/\/lbcomunicazione.org\/index.php\/wp-json\/wp\/v2\/tags?post=4623"}],"curies":[{"name":"wp","href":"https:\/\/api.w.org\/{rel}","templated":true}]}}