{"id":4522,"date":"2020-04-01T16:36:57","date_gmt":"2020-04-01T15:36:57","guid":{"rendered":"http:\/\/lbcomunicazione.org\/?p=4522"},"modified":"2020-04-01T16:36:57","modified_gmt":"2020-04-01T15:36:57","slug":"sicurezza-e-liberta","status":"publish","type":"post","link":"https:\/\/lbcomunicazione.org\/index.php\/2020\/04\/01\/sicurezza-e-liberta\/","title":{"rendered":"Sicurezza e Libert\u00e1&#8230;"},"content":{"rendered":"<p class=\"Normale\"><em>\u201cChi \u00e9 pronto a dar via le proprie libert\u00e1 fondamentali per comprarsi briciole di temporanea sicurezza, non merita n\u00e9 la libert\u00e1 n\u00e9 la sicurezza<\/em>\u201d<\/p>\n<p class=\"Normale\">Benjamin Franklin<!--more--><\/p>\n<div class=\"video-container\"><iframe loading=\"lazy\" title=\"blog TG24 la comunicazione : &quot; Sicurezza e Libert\u00e1... &quot;\" width=\"500\" height=\"281\" src=\"https:\/\/www.youtube.com\/embed\/Zbpq_ipJDzM?feature=oembed&#038;wmode=opaque\" frameborder=\"0\" allow=\"accelerometer; autoplay; clipboard-write; encrypted-media; gyroscope; picture-in-picture; web-share\" referrerpolicy=\"strict-origin-when-cross-origin\" allowfullscreen><\/iframe><\/div>\n<p>&nbsp;<\/p>\n<p class=\"Normale\">Di <strong>Maria Diana<\/strong><\/p>\n<h2 class=\"Normale\">La libert\u00e1 \u00e9 diventata una nemica&#8230;<\/h2>\n<p class=\"Normale\">In un momento come quello che stiamo vivendo, dove l\u2019insicurezza e la paura prendono il sopravvento, la libert\u00e1 la si vive quasi come una nemica, da allontanare perch\u00e9 pericolosa.<\/p>\n<p class=\"Normale\"><img loading=\"lazy\" decoding=\"async\" class=\"size-medium wp-image-4525 alignleft\" src=\"https:\/\/lbcomunicazione.org\/wp-content\/uploads\/2020\/03\/portrait-3757153_1920-300x138.jpg\" alt=\"\" width=\"300\" height=\"138\" srcset=\"https:\/\/lbcomunicazione.org\/wp-content\/uploads\/2020\/03\/portrait-3757153_1920-300x138.jpg 300w, https:\/\/lbcomunicazione.org\/wp-content\/uploads\/2020\/03\/portrait-3757153_1920-1024x470.jpg 1024w, https:\/\/lbcomunicazione.org\/wp-content\/uploads\/2020\/03\/portrait-3757153_1920-768x353.jpg 768w, https:\/\/lbcomunicazione.org\/wp-content\/uploads\/2020\/03\/portrait-3757153_1920-1536x706.jpg 1536w, https:\/\/lbcomunicazione.org\/wp-content\/uploads\/2020\/03\/portrait-3757153_1920-980x450.jpg 980w, https:\/\/lbcomunicazione.org\/wp-content\/uploads\/2020\/03\/portrait-3757153_1920-520x239.jpg 520w, https:\/\/lbcomunicazione.org\/wp-content\/uploads\/2020\/03\/portrait-3757153_1920.jpg 1920w\" sizes=\"auto, (max-width: 300px) 100vw, 300px\" \/>Libert\u00e1 di pensiero, di parola, di azione vengono sia offuscate che messe a tacere con metodi piuttosto rigidi e anche contradditori, causando non poco caos.<\/p>\n<p class=\"Normale\">La persona \u201c<em>semplice<\/em>\u201d, abituata a seguire le regole come la cosa pi\u00fa naturale al mondo, non si chiede se quello che si sta attuando sia corretto e utile a risolvere la situazione: lo fa e basta.<\/p>\n<p class=\"Normale\">La persona un po\u2019 <em>pi\u00fa intraprendente<\/em>, abituata ad usare anche il proprio pensiero, a riflettere, a interagire, in questo momento \u00e9 necessario zittirla, con anche sottili minacce, ma comunque deve stare zitta e lasciare che tutto accada.<\/p>\n<p class=\"Normale\">Mai come oggi si vede la grande operazione in corso dei <em>mass-media<\/em>, la loro capacit\u00e1 di influire nelle menti della gente e il loro grande contributo per rendere sempre pi\u00fa vicino l\u2019obiettivo da raggiungere: il <strong><em>controllo delle masse a livello globale al 100%.<\/em><\/strong><\/p>\n<h2 class=\"Normale\">E&#8217; giunto il momento della scelta&#8230;<img loading=\"lazy\" decoding=\"async\" class=\"size-medium wp-image-4526 alignright\" src=\"https:\/\/lbcomunicazione.org\/wp-content\/uploads\/2020\/03\/transformation-3751152_1920-300x200.jpg\" alt=\"\" width=\"300\" height=\"200\" srcset=\"https:\/\/lbcomunicazione.org\/wp-content\/uploads\/2020\/03\/transformation-3751152_1920-300x200.jpg 300w, https:\/\/lbcomunicazione.org\/wp-content\/uploads\/2020\/03\/transformation-3751152_1920-1024x683.jpg 1024w, https:\/\/lbcomunicazione.org\/wp-content\/uploads\/2020\/03\/transformation-3751152_1920-768x512.jpg 768w, https:\/\/lbcomunicazione.org\/wp-content\/uploads\/2020\/03\/transformation-3751152_1920-1536x1024.jpg 1536w, https:\/\/lbcomunicazione.org\/wp-content\/uploads\/2020\/03\/transformation-3751152_1920-520x347.jpg 520w, https:\/\/lbcomunicazione.org\/wp-content\/uploads\/2020\/03\/transformation-3751152_1920.jpg 1920w\" sizes=\"auto, (max-width: 300px) 100vw, 300px\" \/><\/h2>\n<p class=\"Normale\">Bene, penso proprio che sia giunto il momento dello schieramento!<\/p>\n<blockquote>\n<p class=\"Normale\"><em>Oggi non \u00e9 pi\u00fa possibile ragionare con la propria testa, emettere una parola che non sia consone al \u201cmantra\u201d di turno che bisogna recitare&#8230;oggi non \u00e9 possibile agire con spirito libero e sicuro&#8230;.<\/em><\/p>\n<\/blockquote>\n<p class=\"Normale\">No, non \u00e9 pi\u00fa possibile!!!<\/p>\n<h2 class=\"Normale\">Di quale spirito stiamo parlando???<\/h2>\n<p class=\"Normale\"><img loading=\"lazy\" decoding=\"async\" class=\"size-medium wp-image-4527 alignleft\" src=\"https:\/\/lbcomunicazione.org\/wp-content\/uploads\/2020\/03\/internet-3484137_1920-300x188.jpg\" alt=\"\" width=\"300\" height=\"188\" srcset=\"https:\/\/lbcomunicazione.org\/wp-content\/uploads\/2020\/03\/internet-3484137_1920-300x188.jpg 300w, https:\/\/lbcomunicazione.org\/wp-content\/uploads\/2020\/03\/internet-3484137_1920-1024x641.jpg 1024w, https:\/\/lbcomunicazione.org\/wp-content\/uploads\/2020\/03\/internet-3484137_1920-768x481.jpg 768w, https:\/\/lbcomunicazione.org\/wp-content\/uploads\/2020\/03\/internet-3484137_1920-1536x962.jpg 1536w, https:\/\/lbcomunicazione.org\/wp-content\/uploads\/2020\/03\/internet-3484137_1920-520x326.jpg 520w, https:\/\/lbcomunicazione.org\/wp-content\/uploads\/2020\/03\/internet-3484137_1920.jpg 1920w\" sizes=\"auto, (max-width: 300px) 100vw, 300px\" \/>Gi\u00e1&#8230;di quale spirito stiamo parlando???<\/p>\n<p class=\"Normale\"><strong>Bisogna<\/strong> <em>far sentire la propria paura al mondo,<\/em> perch\u00e9 <strong>cos\u00ed rientri nello schema che \u00e9 stato prefissato con la copertura del Virus<\/strong>.<\/p>\n<p class=\"Normale\"><strong>Bisogna<\/strong> <em>far sentire la propria alleanza a questo schema.<\/em><\/p>\n<p class=\"Normale\"><strong>Bisogna<\/strong> essere esattamente <em>protagonisti di questo scenario di morte e di separazione.<\/em><\/p>\n<p class=\"Normale\"><strong>Bisogna<\/strong> <em>collaborare a questo gioco perverso di separazione e di contraddizione<\/em>&#8230;.<\/p>\n<h2 class=\"Normale\">Siamo alle solite&#8230;<\/h2>\n<p class=\"Normale\">Siamo alle solite, ma la gente ha la memoria corta:\u00a0<strong> Dividi Et Impera.<\/strong>&#8230;ed oggi lo si sta facendo alla grande!!!<\/p>\n<p class=\"Normale\">Pure i droni vengono messi in circolazione per controllare ognuno di noi..<em><strong>.Lo avete capito questo?<img loading=\"lazy\" decoding=\"async\" class=\"size-medium wp-image-4529 alignright\" src=\"https:\/\/lbcomunicazione.org\/wp-content\/uploads\/2020\/03\/camera-1866961_1920-300x181.jpg\" alt=\"\" width=\"300\" height=\"181\" srcset=\"https:\/\/lbcomunicazione.org\/wp-content\/uploads\/2020\/03\/camera-1866961_1920-300x181.jpg 300w, https:\/\/lbcomunicazione.org\/wp-content\/uploads\/2020\/03\/camera-1866961_1920-1024x619.jpg 1024w, https:\/\/lbcomunicazione.org\/wp-content\/uploads\/2020\/03\/camera-1866961_1920-768x464.jpg 768w, https:\/\/lbcomunicazione.org\/wp-content\/uploads\/2020\/03\/camera-1866961_1920-1536x929.jpg 1536w, https:\/\/lbcomunicazione.org\/wp-content\/uploads\/2020\/03\/camera-1866961_1920-520x314.jpg 520w, https:\/\/lbcomunicazione.org\/wp-content\/uploads\/2020\/03\/camera-1866961_1920.jpg 1920w\" sizes=\"auto, (max-width: 300px) 100vw, 300px\" \/><\/strong><\/em><\/p>\n<blockquote>\n<p class=\"Normale\"><em>Siamo vigilati come persone che \u201cpotrebbero\u201d commettere il grave reato di fare una passeggiata: siamo sotto sequestro!!!<\/em><\/p>\n<\/blockquote>\n<p class=\"Normale\">I Droni che normalmente servono per braccare un criminale pericoloso, oggi servono per controllare OGNUNO DI NOI!!!<\/p>\n<p class=\"Normale\">A me personalmente qualcosa non quadra, ma a chi trova tutto ci\u00f3 normale, sinceramente, o ha paura di esporsi, oppure semplicemente gli sta bene di vivere la vita futura sotto controllo di ogni suo respiro.<\/p>\n<p class=\"Normale\"><strong>Quindi, di fronte a questo scenario, mi trovo d&#8217;accordo con Bejamin Franklin: che ognuno abbia ci\u00f3 che merita!<\/strong><\/p>\n<p>Se ti \u00e9 piaciuto l&#8217;articolo puoi condividerne altri a questi link:<\/p>\n<p><a href=\"https:\/\/lbcomunicazione.org\/index.php\/pittricediparole\/\">https:\/\/lbcomunicazione.org\/index.php\/pittricediparole\/<\/a><\/p>\n<p><a href=\"https:\/\/lbcomunicazione.org\/index.php\/author\/maria\/\">https:\/\/lbcomunicazione.org\/index.php\/author\/maria\/<\/a><\/p>\n<p class=\"Normale\">\n","protected":false},"excerpt":{"rendered":"<p>\u201cChi \u00e9 pronto a dar via le proprie libert\u00e1 fondamentali per comprarsi briciole di temporanea sicurezza, non merita n\u00e9 la libert\u00e1 n\u00e9 la sicurezza\u201d Benjamin Franklin<\/p>\n","protected":false},"author":12,"featured_media":4524,"comment_status":"open","ping_status":"closed","sticky":false,"template":"","format":"image","meta":{"footnotes":""},"categories":[181],"tags":[162,433],"class_list":["post-4522","post","type-post","status-publish","format-image","has-post-thumbnail","hentry","category-riflessioni","tag-liberta","tag-sicurezza","post_format-post-format-image"],"_links":{"self":[{"href":"https:\/\/lbcomunicazione.org\/index.php\/wp-json\/wp\/v2\/posts\/4522","targetHints":{"allow":["GET"]}}],"collection":[{"href":"https:\/\/lbcomunicazione.org\/index.php\/wp-json\/wp\/v2\/posts"}],"about":[{"href":"https:\/\/lbcomunicazione.org\/index.php\/wp-json\/wp\/v2\/types\/post"}],"author":[{"embeddable":true,"href":"https:\/\/lbcomunicazione.org\/index.php\/wp-json\/wp\/v2\/users\/12"}],"replies":[{"embeddable":true,"href":"https:\/\/lbcomunicazione.org\/index.php\/wp-json\/wp\/v2\/comments?post=4522"}],"version-history":[{"count":0,"href":"https:\/\/lbcomunicazione.org\/index.php\/wp-json\/wp\/v2\/posts\/4522\/revisions"}],"wp:featuredmedia":[{"embeddable":true,"href":"https:\/\/lbcomunicazione.org\/index.php\/wp-json\/wp\/v2\/media\/4524"}],"wp:attachment":[{"href":"https:\/\/lbcomunicazione.org\/index.php\/wp-json\/wp\/v2\/media?parent=4522"}],"wp:term":[{"taxonomy":"category","embeddable":true,"href":"https:\/\/lbcomunicazione.org\/index.php\/wp-json\/wp\/v2\/categories?post=4522"},{"taxonomy":"post_tag","embeddable":true,"href":"https:\/\/lbcomunicazione.org\/index.php\/wp-json\/wp\/v2\/tags?post=4522"}],"curies":[{"name":"wp","href":"https:\/\/api.w.org\/{rel}","templated":true}]}}