{"id":4360,"date":"2020-03-24T11:27:11","date_gmt":"2020-03-24T10:27:11","guid":{"rendered":"http:\/\/lbcomunicazione.org\/?p=4360"},"modified":"2020-03-24T11:27:11","modified_gmt":"2020-03-24T10:27:11","slug":"umano-o-spirituale","status":"publish","type":"post","link":"https:\/\/lbcomunicazione.org\/index.php\/2020\/03\/24\/umano-o-spirituale\/","title":{"rendered":"Umano o Spirituale&#8230;"},"content":{"rendered":"<div class=\"video-container\"><iframe loading=\"lazy\" title=\"blog TG24 la comunicazione : &quot; Umano o Spirituale... &quot;\" width=\"500\" height=\"281\" src=\"https:\/\/www.youtube.com\/embed\/bJ6p9XUb-5U?feature=oembed&#038;wmode=opaque\" frameborder=\"0\" allow=\"accelerometer; autoplay; clipboard-write; encrypted-media; gyroscope; picture-in-picture; web-share\" referrerpolicy=\"strict-origin-when-cross-origin\" allowfullscreen><\/iframe><\/div>\n<p>&nbsp;<\/p>\n<p class=\"Normale tm6\">Di <strong>Maria Diana<\/strong><\/p>\n<p class=\"Normale tm6\">\u201c<em>Dio vi ha dato uno spirito con le ali perch\u00e9 possiate librarvi nel vasto firmamento dell&#8217; Amore e della Libert\u00e0. Non \u00e8 un peccato, dunque, che vi tagliate le ali con le vostre mani, e tolleriate che l&#8217;anima strisci a terra come un insetto?<\/em>\u201d<\/p>\n<p class=\"Normale tm6\">Khalil Gibran<!--more--><\/p>\n<h2 class=\"Normale tm6\"><em>Uno spirito con le ali&#8230;<\/em><\/h2>\n<div id=\"attachment_4364\" style=\"width: 310px\" class=\"wp-caption alignleft\"><img loading=\"lazy\" decoding=\"async\" aria-describedby=\"caption-attachment-4364\" class=\"wp-image-4364 size-medium\" src=\"https:\/\/lbcomunicazione.org\/wp-content\/uploads\/2020\/03\/spiritualism-4552237_1920-copia-300x217.jpg\" alt=\"\" width=\"300\" height=\"217\" srcset=\"https:\/\/lbcomunicazione.org\/wp-content\/uploads\/2020\/03\/spiritualism-4552237_1920-copia-300x217.jpg 300w, https:\/\/lbcomunicazione.org\/wp-content\/uploads\/2020\/03\/spiritualism-4552237_1920-copia-1024x739.jpg 1024w, https:\/\/lbcomunicazione.org\/wp-content\/uploads\/2020\/03\/spiritualism-4552237_1920-copia-768x554.jpg 768w, https:\/\/lbcomunicazione.org\/wp-content\/uploads\/2020\/03\/spiritualism-4552237_1920-copia-1536x1109.jpg 1536w, https:\/\/lbcomunicazione.org\/wp-content\/uploads\/2020\/03\/spiritualism-4552237_1920-copia-520x375.jpg 520w, https:\/\/lbcomunicazione.org\/wp-content\/uploads\/2020\/03\/spiritualism-4552237_1920-copia.jpg 1920w\" sizes=\"auto, (max-width: 300px) 100vw, 300px\" \/><p id=\"caption-attachment-4364\" class=\"wp-caption-text\">Librarsi nel firmamento dell&#8217;amore e della libert\u00e0&#8230;<\/p><\/div>\n<p class=\"Normale tm6\"><em>Riflettiamo su questa affermazione di Khalil Gibran: <\/em><\/p>\n<p class=\"Normale tm6\"><em>Dio vi ha dato uno spirito con le ali perch\u00e9 possiate librarvi nel vasto firmamento dell&#8217; Amore e della Libert\u00e0. Non \u00e8 un peccato, dunque, che vi tagliate le ali con le vostre mani, e tolleriate che l&#8217;anima strisci a terra come un insetto?<\/em><\/p>\n<p class=\"Normale tm6\">La nostra umanit\u00e1 si sta rivelando sempre pi\u00fa avvilita, stanca e degradata.<br \/>\n<u><\/u><\/p>\n<p>Riconosco che siamo esseri con potenzialit\u00e1 molto elevate, ma ci rifiutiamo di prenderne atto e di utilizzarle a beneficio del nostro pianeta e dei suoi esseri viventi, noi compresi.<\/p>\n<h2>Non siamo inferiori n\u00e8 superiori&#8230;<\/h2>\n<div id=\"attachment_4365\" style=\"width: 215px\" class=\"wp-caption alignright\"><img loading=\"lazy\" decoding=\"async\" aria-describedby=\"caption-attachment-4365\" class=\"wp-image-4365 size-medium\" src=\"https:\/\/lbcomunicazione.org\/wp-content\/uploads\/2020\/03\/fantasy-4638284_1920-205x300.jpg\" alt=\"\" width=\"205\" height=\"300\" srcset=\"https:\/\/lbcomunicazione.org\/wp-content\/uploads\/2020\/03\/fantasy-4638284_1920-205x300.jpg 205w, https:\/\/lbcomunicazione.org\/wp-content\/uploads\/2020\/03\/fantasy-4638284_1920-700x1024.jpg 700w, https:\/\/lbcomunicazione.org\/wp-content\/uploads\/2020\/03\/fantasy-4638284_1920-768x1124.jpg 768w, https:\/\/lbcomunicazione.org\/wp-content\/uploads\/2020\/03\/fantasy-4638284_1920-1050x1536.jpg 1050w, https:\/\/lbcomunicazione.org\/wp-content\/uploads\/2020\/03\/fantasy-4638284_1920-520x761.jpg 520w, https:\/\/lbcomunicazione.org\/wp-content\/uploads\/2020\/03\/fantasy-4638284_1920.jpg 1312w\" sizes=\"auto, (max-width: 205px) 100vw, 205px\" \/><p id=\"caption-attachment-4365\" class=\"wp-caption-text\">Non lasciarsi prendere dalla paura&#8230;<\/p><\/div>\n<p>Essere umani non significa necessariamente essere degli esseri inferiori, o superiori, a cui tutto \u00e9 dovuto.<\/p>\n<blockquote><p><em>Essere umani significa prendersi la responsabilit\u00e1 delle proprie azioni, dei propri pensieri e intenzioni, e lasciare che gli istinti che scaturiscono dalla paura e dall&#8217;orgoglio non prendano il sopravvento e vengano messi a tacere.<\/em><\/p><\/blockquote>\n<p>Come umani abbiamo anche la possibilit\u00e1 di riscoprire la nostra parte spirituale, quella parte di noi che spesso dimentichiamo nel cassetto, e ci dedichiamo a cose maggiormente superficiali.<\/p>\n<h2>Esseri spirituali che vivono un&#8217;esperienza umana&#8230;<\/h2>\n<div id=\"attachment_4366\" style=\"width: 310px\" class=\"wp-caption alignleft\"><img loading=\"lazy\" decoding=\"async\" aria-describedby=\"caption-attachment-4366\" class=\"wp-image-4366 size-medium\" src=\"https:\/\/lbcomunicazione.org\/wp-content\/uploads\/2020\/03\/composing-2391033_1920-300x170.jpg\" alt=\"\" width=\"300\" height=\"170\" srcset=\"https:\/\/lbcomunicazione.org\/wp-content\/uploads\/2020\/03\/composing-2391033_1920-300x170.jpg 300w, https:\/\/lbcomunicazione.org\/wp-content\/uploads\/2020\/03\/composing-2391033_1920-1024x580.jpg 1024w, https:\/\/lbcomunicazione.org\/wp-content\/uploads\/2020\/03\/composing-2391033_1920-768x435.jpg 768w, https:\/\/lbcomunicazione.org\/wp-content\/uploads\/2020\/03\/composing-2391033_1920-1536x870.jpg 1536w, https:\/\/lbcomunicazione.org\/wp-content\/uploads\/2020\/03\/composing-2391033_1920-520x295.jpg 520w, https:\/\/lbcomunicazione.org\/wp-content\/uploads\/2020\/03\/composing-2391033_1920.jpg 1920w\" sizes=\"auto, (max-width: 300px) 100vw, 300px\" \/><p id=\"caption-attachment-4366\" class=\"wp-caption-text\">La morte \u00e8 un&#8217;alleata&#8230;<\/p><\/div>\n<p>Nel dimenticare che siamo esseri spirituali che vivono un&#8217;esperienza umana, ci dimentichiamo che la morte non deve essere vista come una nemica, ma come un&#8217;alleata nel permetterci di vivere la vita appieno nelle sue risorse di crescita e di benessere per ognuno di noi.<\/p>\n<h3>Vediamo nemici e pericoli ovunque&#8230;.<\/h3>\n<p>Anche, e soprattutto in questo periodo del corona virus, stiamo vedendo come \u00e9 facile cadere nel panico, e non riuscire a riflettere sul messaggio che ci sta portando l&#8217;esperienza collettiva e soggettiva nella quale stiamo vivendo.<\/p>\n<p>Proviamo ad entrare nell&#8217;essere spirituale che siamo, proviamo a scoprire un po&#8217; alla volta la nostra vera essenza, ritroviamo il nostro essere libero, riscopriamo l&#8217;amore&#8230;<\/p>\n<h2>E&#8217; un periodo magico&#8230;<\/h2>\n<div id=\"attachment_4367\" style=\"width: 310px\" class=\"wp-caption alignright\"><img loading=\"lazy\" decoding=\"async\" aria-describedby=\"caption-attachment-4367\" class=\"wp-image-4367 size-medium\" src=\"https:\/\/lbcomunicazione.org\/wp-content\/uploads\/2020\/03\/eyes-4803234_1920-300x200.jpg\" alt=\"\" width=\"300\" height=\"200\" srcset=\"https:\/\/lbcomunicazione.org\/wp-content\/uploads\/2020\/03\/eyes-4803234_1920-300x200.jpg 300w, https:\/\/lbcomunicazione.org\/wp-content\/uploads\/2020\/03\/eyes-4803234_1920-1024x683.jpg 1024w, https:\/\/lbcomunicazione.org\/wp-content\/uploads\/2020\/03\/eyes-4803234_1920-768x512.jpg 768w, https:\/\/lbcomunicazione.org\/wp-content\/uploads\/2020\/03\/eyes-4803234_1920-1536x1024.jpg 1536w, https:\/\/lbcomunicazione.org\/wp-content\/uploads\/2020\/03\/eyes-4803234_1920-520x347.jpg 520w, https:\/\/lbcomunicazione.org\/wp-content\/uploads\/2020\/03\/eyes-4803234_1920.jpg 1920w\" sizes=\"auto, (max-width: 300px) 100vw, 300px\" \/><p id=\"caption-attachment-4367\" class=\"wp-caption-text\">E&#8217; tempo di aprire mente e cuore&#8230;<\/p><\/div>\n<p>E&#8217; un periodo magico, se lo vediamo sotto un certo aspetto&#8230;<\/p>\n<p>Un periodo che mette a disposizione maggior tempo da dedicare a noi stessi, a riscoprire tutto ci\u00f3 che fino ad ora, con il ritmo frenetico al quale eravamo sottoposti, non riuscivamo a mettere in atto, proprio per la mancanza di tempo.<\/p>\n<blockquote><p><em>E&#8217; ora di riscoprire la nostra spiritualit\u00e1, la nostra essenza.<\/em><\/p><\/blockquote>\n<p>E&#8217; ora di iniziare ad amarsi, a coccolarsi, ad abbandonarsi a quella sensazione che pareva ormai perduta di avere tempo per riflettere, per aprire la mente e il cuore e connettersi all&#8217;essenza che \u00e8 in noi.<\/p>\n<div id=\"attachment_4368\" style=\"width: 310px\" class=\"wp-caption alignleft\"><img loading=\"lazy\" decoding=\"async\" aria-describedby=\"caption-attachment-4368\" class=\"wp-image-4368 size-medium\" src=\"https:\/\/lbcomunicazione.org\/wp-content\/uploads\/2020\/03\/Copia-di-woman-1927662_1920-300x192.jpg\" alt=\"\" width=\"300\" height=\"192\" srcset=\"https:\/\/lbcomunicazione.org\/wp-content\/uploads\/2020\/03\/Copia-di-woman-1927662_1920-300x192.jpg 300w, https:\/\/lbcomunicazione.org\/wp-content\/uploads\/2020\/03\/Copia-di-woman-1927662_1920-1024x655.jpg 1024w, https:\/\/lbcomunicazione.org\/wp-content\/uploads\/2020\/03\/Copia-di-woman-1927662_1920-768x491.jpg 768w, https:\/\/lbcomunicazione.org\/wp-content\/uploads\/2020\/03\/Copia-di-woman-1927662_1920-1536x982.jpg 1536w, https:\/\/lbcomunicazione.org\/wp-content\/uploads\/2020\/03\/Copia-di-woman-1927662_1920-520x333.jpg 520w, https:\/\/lbcomunicazione.org\/wp-content\/uploads\/2020\/03\/Copia-di-woman-1927662_1920.jpg 1920w\" sizes=\"auto, (max-width: 300px) 100vw, 300px\" \/><p id=\"caption-attachment-4368\" class=\"wp-caption-text\">Riveliamoci a noi stessi&#8230;<\/p><\/div>\n<h2>Non ci sono scuse&#8230;<\/h2>\n<p>Non ci sono pi\u00fa scuse, non ci sono pi\u00fa motivi validi per fuggire al confronto con noi stessi, alla scoperta del S\u00e8.<\/p>\n<p>Questo \u00e9 il punto essenziale che vale veramente la pena di capire&#8230;<\/p>\n<p class=\"Normale tm6\"><strong><em>Se possiamo vivere solo una piccola parte di quanto \u00e8 in noi, che ne \u00e8 del resto?<\/em> <\/strong><\/p>\n<p>Scopriamolo!<\/p>\n<p>&nbsp;<\/p>\n<p>Se ti \u00e8 piaciuto l\u2019articolo puoi condividerne altri a questi link:<\/p>\n<p><a href=\"https:\/\/lbcomunicazione.org\/index.php\/author\/maria\/\">https:\/\/lbcomunicazione.org\/index.php\/author\/maria\/\u00a0\u00a0\u00a0\u00a0\u00a0\u00a0\u00a0<\/a><br \/>\n<a href=\"https:\/\/lbcomunicazione.org\/index.php\/pittricediparole\/\">https:\/\/lbcomunicazione.org\/index.php\/pittricediparole\/<\/a><\/p>\n<p>&nbsp;<\/p>\n","protected":false},"excerpt":{"rendered":"<p>&nbsp; Di Maria Diana \u201cDio vi ha dato uno spirito con le ali perch\u00e9 possiate librarvi nel vasto firmamento dell&#8217; Amore e della Libert\u00e0. Non \u00e8 un peccato, dunque, che vi tagliate le ali con le&#46;&#46;&#46;<\/p>\n","protected":false},"author":12,"featured_media":4363,"comment_status":"open","ping_status":"closed","sticky":false,"template":"","format":"image","meta":{"footnotes":""},"categories":[181],"tags":[419,418],"class_list":["post-4360","post","type-post","status-publish","format-image","has-post-thumbnail","hentry","category-riflessioni","tag-spirituale","tag-umano","post_format-post-format-image"],"_links":{"self":[{"href":"https:\/\/lbcomunicazione.org\/index.php\/wp-json\/wp\/v2\/posts\/4360","targetHints":{"allow":["GET"]}}],"collection":[{"href":"https:\/\/lbcomunicazione.org\/index.php\/wp-json\/wp\/v2\/posts"}],"about":[{"href":"https:\/\/lbcomunicazione.org\/index.php\/wp-json\/wp\/v2\/types\/post"}],"author":[{"embeddable":true,"href":"https:\/\/lbcomunicazione.org\/index.php\/wp-json\/wp\/v2\/users\/12"}],"replies":[{"embeddable":true,"href":"https:\/\/lbcomunicazione.org\/index.php\/wp-json\/wp\/v2\/comments?post=4360"}],"version-history":[{"count":0,"href":"https:\/\/lbcomunicazione.org\/index.php\/wp-json\/wp\/v2\/posts\/4360\/revisions"}],"wp:featuredmedia":[{"embeddable":true,"href":"https:\/\/lbcomunicazione.org\/index.php\/wp-json\/wp\/v2\/media\/4363"}],"wp:attachment":[{"href":"https:\/\/lbcomunicazione.org\/index.php\/wp-json\/wp\/v2\/media?parent=4360"}],"wp:term":[{"taxonomy":"category","embeddable":true,"href":"https:\/\/lbcomunicazione.org\/index.php\/wp-json\/wp\/v2\/categories?post=4360"},{"taxonomy":"post_tag","embeddable":true,"href":"https:\/\/lbcomunicazione.org\/index.php\/wp-json\/wp\/v2\/tags?post=4360"}],"curies":[{"name":"wp","href":"https:\/\/api.w.org\/{rel}","templated":true}]}}