{"id":4217,"date":"2020-03-16T17:26:52","date_gmt":"2020-03-16T16:26:52","guid":{"rendered":"http:\/\/lbcomunicazione.org\/?p=4217"},"modified":"2020-03-16T17:26:52","modified_gmt":"2020-03-16T16:26:52","slug":"petto-di-pollo-con-ragout-di-funghi-e-mele","status":"publish","type":"post","link":"https:\/\/lbcomunicazione.org\/index.php\/2020\/03\/16\/petto-di-pollo-con-ragout-di-funghi-e-mele\/","title":{"rendered":"PETTO DI POLLO CON RAG\u00d4UT DI FUNGHI E MELE"},"content":{"rendered":"<p style=\"text-align: center\">PETTO DI POLLO CON RAG\u00d4UT DI FUNGHI E MELE<\/p>\n<p>In origine la ricetta prevedeva l&#8217;utilizzo della suprema al posto del petto che altro non \u00e8 che il petto con attaccata la prima parte dell&#8217;ala ma \u00e8 introvabile e nella ricetta \u00e8 fondamentale la presenza del petto.<br \/>\nLa mela \u00e8 presente solo per addolcire la preparazione e per non renderla scontata.<\/p>\n<h3>Categoria: secondi piatti<br \/>\nTempo di cottura: 30 minuti<br \/>\nDifficolt\u00e0: 2\/5<\/h3>\n<h3>Ingredienti per 4 persone:<\/h3>\n<p>600 gr di petto di pollo intero con la pelle.<br \/>\n500 gr di champignon (anche quelli affettati e surgelati vanno benissimo).<br \/>\nUna mela golden.<br \/>\n2 gr di aglio in polvere.<br \/>\n5 gr di prezzemolo tritato.<br \/>\nSale, pepe macinati a piacere.<br \/>\n20 ml d&#8217;olio d&#8217;oliva.<\/p>\n<h3>Preparazione:<\/h3>\n<p>In una padella trifolare i funghi con olio, aglio e prezzemolo.<\/p>\n<p><img loading=\"lazy\" decoding=\"async\" class=\"alignnone size-medium wp-image-4231 aligncenter\" src=\"https:\/\/lbcomunicazione.org\/wp-content\/uploads\/2020\/03\/petto-di-pollo-con-funghi-e-mele-1-1-300x225.jpg\" alt=\"\" width=\"300\" height=\"225\" srcset=\"https:\/\/lbcomunicazione.org\/wp-content\/uploads\/2020\/03\/petto-di-pollo-con-funghi-e-mele-1-1-300x225.jpg 300w, https:\/\/lbcomunicazione.org\/wp-content\/uploads\/2020\/03\/petto-di-pollo-con-funghi-e-mele-1-1-520x390.jpg 520w, https:\/\/lbcomunicazione.org\/wp-content\/uploads\/2020\/03\/petto-di-pollo-con-funghi-e-mele-1-1.jpg 567w\" sizes=\"auto, (max-width: 300px) 100vw, 300px\" \/><\/p>\n<p>Lavare la mela, tagliarla a dadini di circa 1 cm di lato (eliminare il torsolo) ed aggiungerla ai funghi 5 minuti prima della fine cottura.<\/p>\n<p><img loading=\"lazy\" decoding=\"async\" class=\"alignnone size-medium wp-image-4228 aligncenter\" src=\"https:\/\/lbcomunicazione.org\/wp-content\/uploads\/2020\/03\/petto-di-pollo-con-funghi-e-mele-2-300x201.jpg\" alt=\"\" width=\"300\" height=\"201\" srcset=\"https:\/\/lbcomunicazione.org\/wp-content\/uploads\/2020\/03\/petto-di-pollo-con-funghi-e-mele-2-300x201.jpg 300w, https:\/\/lbcomunicazione.org\/wp-content\/uploads\/2020\/03\/petto-di-pollo-con-funghi-e-mele-2-1024x686.jpg 1024w, https:\/\/lbcomunicazione.org\/wp-content\/uploads\/2020\/03\/petto-di-pollo-con-funghi-e-mele-2-768x514.jpg 768w, https:\/\/lbcomunicazione.org\/wp-content\/uploads\/2020\/03\/petto-di-pollo-con-funghi-e-mele-2-1536x1029.jpg 1536w, https:\/\/lbcomunicazione.org\/wp-content\/uploads\/2020\/03\/petto-di-pollo-con-funghi-e-mele-2-2048x1372.jpg 2048w, https:\/\/lbcomunicazione.org\/wp-content\/uploads\/2020\/03\/petto-di-pollo-con-funghi-e-mele-2-520x348.jpg 520w\" sizes=\"auto, (max-width: 300px) 100vw, 300px\" \/><\/p>\n<p>Al termine salare, pepare il tutto e conservare da parte.<br \/>\nIn un&#8217;altra padella cuocere i petti di pollo ed a fine cottura saltarli e prepari.<\/p>\n<p><img loading=\"lazy\" decoding=\"async\" class=\"alignnone size-medium wp-image-4229 aligncenter\" src=\"https:\/\/lbcomunicazione.org\/wp-content\/uploads\/2020\/03\/petto-di-pollo-con-funghi-e-mele-3-300x199.jpg\" alt=\"\" width=\"300\" height=\"199\" srcset=\"https:\/\/lbcomunicazione.org\/wp-content\/uploads\/2020\/03\/petto-di-pollo-con-funghi-e-mele-3-300x199.jpg 300w, https:\/\/lbcomunicazione.org\/wp-content\/uploads\/2020\/03\/petto-di-pollo-con-funghi-e-mele-3-520x346.jpg 520w, https:\/\/lbcomunicazione.org\/wp-content\/uploads\/2020\/03\/petto-di-pollo-con-funghi-e-mele-3.jpg 567w\" sizes=\"auto, (max-width: 300px) 100vw, 300px\" \/><br \/>\nQuando si saranno raffreddati un po&#8217; si potranno tagliare a fettine su di un tagliere.<br \/>\nSistemare il pollo con i funghi, scaldare il tutto e dividerlo nei piatti dei commensali.<\/p>\n","protected":false},"excerpt":{"rendered":"<p>PETTO DI POLLO CON RAG\u00d4UT DI FUNGHI E MELE In origine la ricetta prevedeva l&#8217;utilizzo della suprema al posto del petto che altro non \u00e8 che il petto con attaccata la prima parte dell&#8217;ala ma \u00e8&#46;&#46;&#46;<\/p>\n","protected":false},"author":14,"featured_media":4226,"comment_status":"open","ping_status":"closed","sticky":false,"template":"","format":"image","meta":{"footnotes":""},"categories":[145],"tags":[],"class_list":["post-4217","post","type-post","status-publish","format-image","has-post-thumbnail","hentry","category-cucina-e-ricette","post_format-post-format-image"],"_links":{"self":[{"href":"https:\/\/lbcomunicazione.org\/index.php\/wp-json\/wp\/v2\/posts\/4217","targetHints":{"allow":["GET"]}}],"collection":[{"href":"https:\/\/lbcomunicazione.org\/index.php\/wp-json\/wp\/v2\/posts"}],"about":[{"href":"https:\/\/lbcomunicazione.org\/index.php\/wp-json\/wp\/v2\/types\/post"}],"author":[{"embeddable":true,"href":"https:\/\/lbcomunicazione.org\/index.php\/wp-json\/wp\/v2\/users\/14"}],"replies":[{"embeddable":true,"href":"https:\/\/lbcomunicazione.org\/index.php\/wp-json\/wp\/v2\/comments?post=4217"}],"version-history":[{"count":0,"href":"https:\/\/lbcomunicazione.org\/index.php\/wp-json\/wp\/v2\/posts\/4217\/revisions"}],"wp:featuredmedia":[{"embeddable":true,"href":"https:\/\/lbcomunicazione.org\/index.php\/wp-json\/wp\/v2\/media\/4226"}],"wp:attachment":[{"href":"https:\/\/lbcomunicazione.org\/index.php\/wp-json\/wp\/v2\/media?parent=4217"}],"wp:term":[{"taxonomy":"category","embeddable":true,"href":"https:\/\/lbcomunicazione.org\/index.php\/wp-json\/wp\/v2\/categories?post=4217"},{"taxonomy":"post_tag","embeddable":true,"href":"https:\/\/lbcomunicazione.org\/index.php\/wp-json\/wp\/v2\/tags?post=4217"}],"curies":[{"name":"wp","href":"https:\/\/api.w.org\/{rel}","templated":true}]}}