{"id":405,"date":"2019-08-20T23:18:07","date_gmt":"2019-08-20T22:18:07","guid":{"rendered":"http:\/\/lbcomunicazione.org\/?p=405"},"modified":"2019-10-16T21:36:41","modified_gmt":"2019-10-16T20:36:41","slug":"5g-si-e-5g-no-chi-ha-ragione","status":"publish","type":"post","link":"https:\/\/lbcomunicazione.org\/index.php\/2019\/08\/20\/5g-si-e-5g-no-chi-ha-ragione\/","title":{"rendered":"5G si e 5G no, chi ha ragione?"},"content":{"rendered":"<p><img decoding=\"async\" class=\"emoji jetpack-lazy-image jetpack-lazy-image--handled\" src=\"https:\/\/s.w.org\/images\/core\/emoji\/11\/svg\/270d-1f3fb.svg\" alt=\"&#x270d;?\" \/><img decoding=\"async\" class=\"emoji jetpack-lazy-image jetpack-lazy-image--handled\" src=\"https:\/\/s.w.org\/images\/core\/emoji\/11\/svg\/270d-1f3fb.svg\" alt=\"&#x270d;?\" \/> 5G si e 5G no, chi ha ragione? <img decoding=\"async\" class=\"emoji jetpack-lazy-image jetpack-lazy-image--handled\" src=\"https:\/\/s.w.org\/images\/core\/emoji\/11\/svg\/270d-1f3fb.svg\" alt=\"&#x270d;?\" \/><img decoding=\"async\" class=\"emoji jetpack-lazy-image jetpack-lazy-image--handled\" src=\"https:\/\/s.w.org\/images\/core\/emoji\/11\/svg\/270d-1f3fb.svg\" alt=\"&#x270d;?\" \/> Articolo di Stefano Cargnelutti <img decoding=\"async\" class=\"emoji jetpack-lazy-image jetpack-lazy-image--handled\" src=\"https:\/\/s.w.org\/images\/core\/emoji\/11\/svg\/270d-1f3fb.svg\" alt=\"&#x270d;?\" \/><img decoding=\"async\" class=\"emoji jetpack-lazy-image jetpack-lazy-image--handled\" src=\"https:\/\/s.w.org\/images\/core\/emoji\/11\/svg\/270d-1f3fb.svg\" alt=\"&#x270d;?\" \/> Gorizia<img decoding=\"async\" class=\"emoji jetpack-lazy-image jetpack-lazy-image--handled\" src=\"https:\/\/s.w.org\/images\/core\/emoji\/11\/svg\/270d-1f3fb.svg\" alt=\"&#x270d;?\" \/><img decoding=\"async\" class=\"emoji jetpack-lazy-image jetpack-lazy-image--handled\" src=\"https:\/\/s.w.org\/images\/core\/emoji\/11\/svg\/270d-1f3fb.svg\" alt=\"&#x270d;?\" \/><\/p>\n<p><em>Ciao a tutti, <\/em><em>oggi sono qui a fare con voi, alcune considerazioni sull&#8217;applicazione della tecnologia 5G.<\/em><\/p>\n<p><span style=\"font-weight: 400;\"><strong>Innanzitutto vorrei condividere una riflessione generale<\/strong>. Secondo me, una tecnologia si chiama<em> tecnologia positiva e costruttiva<\/em>, quando la sua applicazione porta delle migliorie soprattutto in ambito della salute, che della tutela dell\u2019ambiente.<\/span><\/p>\n<p><span style=\"font-weight: 400;\">Se per poter usare la tecnologia 5G si \u00e8 dovuto in qualche modo <strong>elevare, cio\u00e8 aggravare la soglia di pericolo all\u2019esposizione delle onde magnetiche<\/strong> (ATTENZIONE, aumentarle, non ridurle), allora secondo me questa tecnologia non \u00e8 affatto da considerarsi una tecnologia positiva. <\/span><b><i>Lo diverr\u00e0 solamente quando la sua applicazione permetter\u00e0 una riduzione della soglia di pericolo, rispetto le vecchie tecnologie.<\/i><\/b><\/p>\n<p><span style=\"font-weight: 400;\">Altrimenti sarebbe come dire che da domani le nuove automobili per poter essere omologate con le normative Euro6, potranno avere un&#8217;erogazione di Co2 superiore alle Euro5. Non sarebbe normale vero?<\/span><\/p>\n<pre><\/pre>\n<h2><b>Quindi <em>secondo me<\/em> allo stato attuale,\u00a0 l\u2019uso della tecnologia 5G, andrebbe vietato:<\/b><\/h2>\n<ol>\n<li><span style=\"font-weight: 400;\">nelle installazioni urbane;<\/span><\/li>\n<li><span style=\"font-weight: 400;\">nelle installazioni residenziali (nelle abitazioni, alberghi ecc.);<\/span><\/li>\n<li><span style=\"font-weight: 400;\">nei cellulari;<\/span><\/li>\n<li><span style=\"font-weight: 400;\">in tutte le aree di passaggio, di permanenza o soggiorno, non solo dell&#8217;uomo, &#8230;ma anche degli animali;<\/span><\/li>\n<li><span style=\"font-weight: 400;\">ove necessita la distruzione della Natura;<\/span><\/li>\n<li><span style=\"font-weight: 400;\">secondo me, il 5G non pu\u00f2 avere applicazioni capaci di modificare o in qualche modo interagire nella libert\u00e0 di decisione, pensiero, e la facolt\u00e0 mentale dell\u2019uomo e di nessun essere vivente (stesse regole ad esempio applicate sull\u2019ipnosi).<\/span><\/li>\n<\/ol>\n<p><span style=\"font-weight: 400;\"><strong>Quindi mi dispiace<\/strong>, ma do pienamente ragione a <strong>Massimo Mazzucco<\/strong> su quanto relaziona in questo accurato video:<\/span><\/p>\n<p><a href=\"https:\/\/www.youtube.com\/watch?v=Ib-dKpPDawI\"><span style=\"font-weight: 400;\">https:\/\/www.youtube.com\/watch?v=Ib-dKpPDawI<\/span><\/a><\/p>\n<pre><\/pre>\n<p><b>\u00a0&#8230;e do pienamente ragione a tutte le proteste contro il 5G!<\/b><\/p>\n<pre><\/pre>\n<h2><b>Tuttavia personalmente sono anche dell&#8217;opinione, che la tecnologia non va mai bloccata<\/b><\/h2>\n<p><span style=\"font-weight: 400;\">La tecnologia va studiata, bisogna valutarne i pericoli, se pu\u00f2 essere perfezionata, &#8230;si pu\u00f2 valutare se \u00e8 possibile farne buon uso, senza creare danno all&#8217;uomo, agli animali, &#8230;e all&#8217;equilibrio naturale (Natura).<\/span><\/p>\n<h2><b>Quindi dove usare oggi la tecnologia 5G?<\/b><\/h2>\n<p><span style=\"font-weight: 400;\">La tecnologia 5G, secondo me, si pu\u00f2 essere utilizzata ad esempio in zone isolate, non necessariamente accessibili all&#8217;uomo o a contatto della natura.<\/span><\/p>\n<p><span style=\"font-weight: 400;\">Il <em>forno a microonde<\/em>, ad esempio, pu\u00f2 essere utilizzato perch\u00e9 il &#8220;<em>cannone elettronico<\/em>&#8221; opera in un particolare ambiente, che ne limita la contaminazione dell&#8217;ambiente esterno.<\/span><\/p>\n<p><span style=\"font-weight: 400;\">Non per nulla, i forni a microonde sono schermati con parti in metallo e una griglia metallica, &#8230;presente anche sul vetro della sua porta. Quest&#8217;ultima spesso disturba la visuale interna, &#8230;ma se \u00e8 presente, c\u2019\u00e8 un motivo ben preciso!<\/span><\/p>\n<pre><\/pre>\n<h2><b>Quindi veniamo al dunque<\/b><\/h2>\n<p><span style=\"font-weight: 400;\">Se la tecnologia 5G viene applicata in ambienti protetti, chiusi, isolati e opportunamente testati, allora secondo me il suo uso pu\u00f2 diventare costruttivo. <\/span><\/p>\n<p><span style=\"font-weight: 400;\">La tecnologia 5G potrebbe ad esempio essere utilizzata in ambienti circoscritti per pilotare o far lavorare una squadra di robot, simile\u00a0 all\u2019esempio descritto da questo articolo:<\/span><\/p>\n<p><a href=\"https:\/\/ilsapereepotere2.blogspot.com\/2019\/05\/addio-operai-in-cina-la-prima-fabbrica.html\" target=\"_blank\" rel=\"noopener noreferrer\"><span style=\"font-weight: 400;\">https:\/\/ilsapereepotere2.blogspot.com\/2019\/05\/addio-operai-in-cina-la-prima-fabbrica.html<\/span><\/a><\/p>\n<p style=\"text-align: center;\"><a href=\"https:\/\/ilsapereepotere2.blogspot.com\/2019\/05\/addio-operai-in-cina-la-prima-fabbrica.html\" target=\"_blank\" rel=\"noopener noreferrer\"><span style=\"font-weight: 400;\"> <img loading=\"lazy\" decoding=\"async\" class=\"alignnone  wp-image-406\" src=\"https:\/\/lbcomunicazione.org\/wp-content\/uploads\/2019\/08\/chinese-robot-300x200.jpg\" alt=\"Addio operai. In Cina la prima fabbrica in cui gli operai sono tutti robot\" width=\"452\" height=\"301\" srcset=\"https:\/\/lbcomunicazione.org\/wp-content\/uploads\/2019\/08\/chinese-robot-300x200.jpg 300w, https:\/\/lbcomunicazione.org\/wp-content\/uploads\/2019\/08\/chinese-robot.jpg 320w\" sizes=\"auto, (max-width: 452px) 100vw, 452px\" \/><\/span><\/a><\/p>\n<p><em><strong>&#8230;allora secondo me, la risposta \u00e8 si; &#8230;secondo me in questi particolari casi, oggi la tecnologia 5G potrebbe essere utilizzata, studiata, testata e perfezionata!<\/strong><\/em><\/p>\n<pre><\/pre>\n<p><span style=\"font-weight: 400;\">PS. Visto che ho messo in gioco questo articolo, sull\u2019introduzione di intere squadre di operai robot, vi invito a seguirmi nei prossimi giorni, con un nuovo articolo:\u00a0<\/span><\/p>\n<p><em><span style=\"font-weight: 400;\">E&#8217; giusto sostituire il lavoro dell&#8217;uomo con dei robot?<\/span><\/em><\/p>\n<pre><\/pre>\n<p><span style=\"font-weight: 400;\">Ciao, &#8230;a presto!<\/span><\/p>\n","protected":false},"excerpt":{"rendered":"<p>5G si e 5G no, chi ha ragione? Articolo di Stefano Cargnelutti Gorizia Ciao a tutti, oggi sono qui a fare con voi, alcune considerazioni sull&#8217;applicazione della tecnologia 5G. Innanzitutto vorrei condividere una riflessione generale. Secondo&#46;&#46;&#46;<\/p>\n","protected":false},"author":5,"featured_media":407,"comment_status":"open","ping_status":"closed","sticky":false,"template":"","format":"image","meta":{"footnotes":""},"categories":[9],"tags":[120,121],"class_list":["post-405","post","type-post","status-publish","format-image","has-post-thumbnail","hentry","category-cronaca","tag-installazione-5g","tag-stop-al-5g","post_format-post-format-image"],"_links":{"self":[{"href":"https:\/\/lbcomunicazione.org\/index.php\/wp-json\/wp\/v2\/posts\/405","targetHints":{"allow":["GET"]}}],"collection":[{"href":"https:\/\/lbcomunicazione.org\/index.php\/wp-json\/wp\/v2\/posts"}],"about":[{"href":"https:\/\/lbcomunicazione.org\/index.php\/wp-json\/wp\/v2\/types\/post"}],"author":[{"embeddable":true,"href":"https:\/\/lbcomunicazione.org\/index.php\/wp-json\/wp\/v2\/users\/5"}],"replies":[{"embeddable":true,"href":"https:\/\/lbcomunicazione.org\/index.php\/wp-json\/wp\/v2\/comments?post=405"}],"version-history":[{"count":0,"href":"https:\/\/lbcomunicazione.org\/index.php\/wp-json\/wp\/v2\/posts\/405\/revisions"}],"wp:featuredmedia":[{"embeddable":true,"href":"https:\/\/lbcomunicazione.org\/index.php\/wp-json\/wp\/v2\/media\/407"}],"wp:attachment":[{"href":"https:\/\/lbcomunicazione.org\/index.php\/wp-json\/wp\/v2\/media?parent=405"}],"wp:term":[{"taxonomy":"category","embeddable":true,"href":"https:\/\/lbcomunicazione.org\/index.php\/wp-json\/wp\/v2\/categories?post=405"},{"taxonomy":"post_tag","embeddable":true,"href":"https:\/\/lbcomunicazione.org\/index.php\/wp-json\/wp\/v2\/tags?post=405"}],"curies":[{"name":"wp","href":"https:\/\/api.w.org\/{rel}","templated":true}]}}