{"id":3976,"date":"2020-03-03T13:39:53","date_gmt":"2020-03-03T12:39:53","guid":{"rendered":"http:\/\/lbcomunicazione.org\/?p=3976"},"modified":"2020-03-03T17:23:48","modified_gmt":"2020-03-03T16:23:48","slug":"coronavirus-bertonico-10-giorni-in-zonarossa","status":"publish","type":"post","link":"https:\/\/lbcomunicazione.org\/index.php\/2020\/03\/03\/coronavirus-bertonico-10-giorni-in-zonarossa\/","title":{"rendered":"Coronavirus: Bertonico. 10 giorni in #ZonaRossa"},"content":{"rendered":"<h2>Decimo giorno di quarantena.<\/h2>\n<p>Per quanto mi riguarda, il termine quarantena risveglia , o risvegliava, lugubri scenari di velieri alla deriva, stipati di deboli pallidi emaciati. Dagherrotipi ritraenti camerate promiscue di antichi ospedali, vicoli bui di citt\u00e0 deserte.<\/p>\n<p>La mia quarantena \u00e8 stata fino a ieri soleggiata, nello scenario consueto del lavoro in azienda , zootecnica, quindi con dispensa statale a mantenere il continuum e non sprecare ettolitri di latte, piuttosto senza la scocciatura delle telefonate banca\/commercialista\/fornitori.<\/p>\n<p>Quarantena con pi\u00f9 tempo a disposizione per ritrovarsi con gli amici confinati anch\u2019essi nella zona rossa.<\/p>\n<h3>Quindi, nella mia situazione, l\u2019attenzione era tutta sull\u2019aspetto economico, la rabbia di vedere l\u2019affossamento della produttivit\u00e0 lodigiana, lombarda.<\/h3>\n<p>Stamani un\u2019amica mi gira un messaggio , che volentieri riporto:<\/p>\n<p>&nbsp;<\/p>\n<p><strong><em>DA CODOGNO<\/em><\/strong><\/p>\n<p>Perch\u00e9 ci trattate cos\u00ec? Che colpa abbiamo? Qui nella zona rossa non ci sono solo le persone forti, quelli che si sentono eroi, che lo fanno per l\u2019Italia e \u201ccosa vuoi che sia starsene per un po\u2019 di giorni a casa, in fondo non ci manca niente\u201d. Quelli sono forti a prescindere, nessuna disgrazia li sconvolge, loro sono vincenti.<\/p>\n<p>C\u2019\u00e8 per\u00f2 anche Mariangela, una signora che conosco e ho incontrato ieri, lei ha 73 anni e vive sola, le ho chiesto \u201cSta bene? Ha tutto quello che le serve? Ce l\u2019ha da mangiare?\u201d. Mi ha risposto \u201cSi ho ancora un po\u2019 di roba nel frigorifero, ma alla mia et\u00e0 non \u00e8 il cibo che mi fa vivere, quello che mi fa stare in vita \u00e8 sapere che domani verranno a trovarmi mia figlia e i miei nipotini, il loro sorriso quando mi dicono \u2018ciao nonna!\u2019. Adesso per\u00f2 sono pi\u00f9 di 10 giorni che non li vedo perch\u00e9 non li fanno passare, mi hanno detto\u201d.<\/p>\n<p>Le veniva da piangere\u2026.ma non l\u2019ha fatto, con molta dignit\u00e0 mi ha salutato e mi ha detto \u201c mi dispiace tanto per voi che siete giovani\u201d.<\/p>\n<p>Ecco ci sono anche queste persone a Codogno, cos\u00ec come ci sono genitori con figli disabili e figli con genitori anziani con l\u2019alzheimer o la demenza senile che non hanno pi\u00f9 il supporto dell\u2019infermiera o delle badanti. Ci sono anche le persone con problemi di salute che esulano dal virus, magari con problemi pregressi di ansia e attacchi di panico, come pensate che stiano in questi giorni? Chi pensate che li aiuti? Magari sono soli rinchiusi in casa terrorizzati.<\/p>\n<p>Su una popolazione di 50.000 persone quante pensate possano essere queste persone \u201cfragili\u201d?<\/p>\n<p>Codogno gi\u00e0 prima di tutto questo era un paese che stava morendo, ci sono decine di interi cortili e palazzi disabitati e fatiscenti, l\u2019economia qui dopo gli anni 90 e anche a causa della crisi che pervade l\u2019italia da 20 anni \u00e8 andata sempre pi\u00f9 calando. Tante piccole imprese edili sono fallite, i negozi hanno chiuso e quei pochi che reggono fanno i salti mortali per sopravvivere. Come pensate che stiano loro? E se dovessero tenerci segregati per un altro mese? E i piccoli agricoltori e allevatori a chi spediranno i loro prodotti? Chi li vorr\u00e0 pi\u00f9?<\/p>\n<p>Ecco, volevate sapere come si sta nella zona rossa, forse questo vi da un\u2019idea pi\u00f9 approfondita.<\/p>\n<p>I dati dei contagi, ormai estesi a tutto il nord, rendono davvero inutile e CRUDELE, continuare a tenerci bloccati e indicati come gli unici che possono diffondere il virus. Contagiati a Codogno 35 (dati ufficiali), ma davvero credete che dipenda tutto da noi?\u00a0 Davvero pensate che un unico paziente 1 abbia scatenato questa epidemia nel giro di una settimana a tutta Italia, Europa, Iran, Giappone e ora Stati Uniti?<\/p>\n<p>Questa \u00e8 follia. E c\u2019\u00e8 il rischio che venga prolungata oltre l\u20198 marzo a sentire alcune interviste degli addetti ai lavori.<\/p>\n<p>Perch\u00e9 noi? Aiutateci a diffondere questa lettera, abbiamo bisogno del vostro aiuto di voi che siete (noi possiamo dirlo a ragione) nel \u201cmondo libero\u201d.<\/p>\n<p>Per favore\u2026.non diteci pi\u00f9 \u201c Vi siamo vicini, tenete duro ce la farete!\u201d\u2026\u2026\u2026\u2026non fatelo pi\u00f9\u2026\u2026.grazie.<\/p>\n<p>&nbsp;<\/p>\n<h3>E questo mi fa riflettere, su come la componente umana sia un valore, un patrimonio che non si calcola.<\/h3>\n<p>Su come i pi\u00f9 deboli siano esclusi dall\u2019interesse mediatico, anzi, sono pregati di stare in casa.<\/p>\n<h2><img loading=\"lazy\" decoding=\"async\" class=\"size-medium wp-image-3980 alignleft\" src=\"https:\/\/lbcomunicazione.org\/wp-content\/uploads\/2020\/03\/hz-300x300.jpg\" alt=\"\" width=\"300\" height=\"300\" srcset=\"https:\/\/lbcomunicazione.org\/wp-content\/uploads\/2020\/03\/hz-300x300.jpg 300w, https:\/\/lbcomunicazione.org\/wp-content\/uploads\/2020\/03\/hz-150x150.jpg 150w, https:\/\/lbcomunicazione.org\/wp-content\/uploads\/2020\/03\/hz-160x160.jpg 160w, https:\/\/lbcomunicazione.org\/wp-content\/uploads\/2020\/03\/hz.jpg 319w\" sizes=\"auto, (max-width: 300px) 100vw, 300px\" \/>Quindi, riflettiamo: quanto pesa la mancanza di un abbraccio nell\u2019 \u2018economia\u2019 di un paese?<\/h2>\n<p>Forse \u00e8 un danno incalcolabile, considerando che gli Hz dei sentimenti rigeneranti si sprigionano superando la soglia dei 250 Hz?<\/p>\n<h3>Di \u00a0quanta energia drenante si sta nutrendo in questo momento\u00a0 la nostra terra?<\/h3>\n<p>&nbsp;<\/p>\n<p>&nbsp;<\/p>\n<p>&nbsp;<\/p>\n<p><em>Roberta Rebella<\/em><\/p>\n<p>&nbsp;<\/p>\n","protected":false},"excerpt":{"rendered":"<p>Decimo giorno di quarantena. Per quanto mi riguarda, il termine quarantena risveglia , o risvegliava, lugubri scenari di velieri alla deriva, stipati di deboli pallidi emaciati. Dagherrotipi ritraenti camerate promiscue di antichi ospedali, vicoli bui di citt\u00e0 deserte. La mia quarantena \u00e8 stata fino a ieri soleggiata, nello scenario consueto del lavoro in azienda , zootecnica, quindi con dispensa statale a mantenere il continuum e non sprecare ettolitri di latte, piuttosto senza la scocciatura delle telefonate banca\/commercialista\/fornitori. Quarantena con pi\u00f9 tempo a disposizione per ritrovarsi con gli amici confinati anch\u2019essi nella zona rossa. Quindi, nella mia situazione, l\u2019attenzione era tutta sull\u2019aspetto&#46;&#46;&#46;<\/p>\n","protected":false},"author":6,"featured_media":3977,"comment_status":"open","ping_status":"closed","sticky":false,"template":"","format":"standard","meta":{"_crdt_document":"","footnotes":""},"categories":[6],"tags":[373,365,303,388],"class_list":["post-3976","post","type-post","status-publish","format-standard","has-post-thumbnail","hentry","category-attualita","tag-bertonico","tag-codogno","tag-coronavirus","tag-zonarossa"],"yoast_head":"<!-- This site is optimized with the Yoast SEO plugin v26.9 - https:\/\/yoast.com\/product\/yoast-seo-wordpress\/ -->\n<title>Coronavirus: Bertonico. 10 giorni in #ZonaRossa - blog TG24 la comunicazione<\/title>\n<meta name=\"robots\" content=\"index, follow, max-snippet:-1, max-image-preview:large, max-video-preview:-1\" \/>\n<link rel=\"canonical\" href=\"https:\/\/lbcomunicazione.org\/index.php\/2020\/03\/03\/coronavirus-bertonico-10-giorni-in-zonarossa\/\" \/>\n<meta property=\"og:locale\" content=\"it_IT\" \/>\n<meta property=\"og:type\" content=\"article\" \/>\n<meta property=\"og:title\" content=\"Coronavirus: Bertonico. 10 giorni in #ZonaRossa - blog TG24 la comunicazione\" \/>\n<meta property=\"og:description\" content=\"Decimo giorno di quarantena. Per quanto mi riguarda, il termine quarantena risveglia , o risvegliava, lugubri scenari di velieri alla deriva, stipati di deboli pallidi emaciati. Dagherrotipi ritraenti camerate promiscue di antichi ospedali, vicoli bui di citt\u00e0 deserte. La mia quarantena \u00e8 stata fino a ieri soleggiata, nello scenario consueto del lavoro in azienda , zootecnica, quindi con dispensa statale a mantenere il continuum e non sprecare ettolitri di latte, piuttosto senza la scocciatura delle telefonate banca\/commercialista\/fornitori. Quarantena con pi\u00f9 tempo a disposizione per ritrovarsi con gli amici confinati anch\u2019essi nella zona rossa. Quindi, nella mia situazione, l\u2019attenzione era tutta sull\u2019aspetto&#046;&#046;&#046;\" \/>\n<meta property=\"og:url\" content=\"https:\/\/lbcomunicazione.org\/index.php\/2020\/03\/03\/coronavirus-bertonico-10-giorni-in-zonarossa\/\" \/>\n<meta property=\"og:site_name\" content=\"blog TG24 la comunicazione\" \/>\n<meta property=\"article:publisher\" content=\"https:\/\/www.facebook.com\/beezzup\/\" \/>\n<meta property=\"article:published_time\" content=\"2020-03-03T12:39:53+00:00\" \/>\n<meta property=\"article:modified_time\" content=\"2020-03-03T16:23:48+00:00\" \/>\n<meta property=\"og:image\" content=\"https:\/\/lbcomunicazione.org\/wp-content\/uploads\/2020\/03\/virusblog.jpg\" \/>\n\t<meta property=\"og:image:width\" content=\"946\" \/>\n\t<meta property=\"og:image:height\" content=\"344\" \/>\n\t<meta property=\"og:image:type\" content=\"image\/jpeg\" \/>\n<meta name=\"author\" content=\"Roberta Rebella\" \/>\n<meta name=\"twitter:card\" content=\"summary_large_image\" \/>\n<meta name=\"twitter:creator\" content=\"@beezzup\" \/>\n<meta name=\"twitter:site\" content=\"@beezzup\" \/>\n<meta name=\"twitter:label1\" content=\"Scritto da\" \/>\n\t<meta name=\"twitter:data1\" content=\"Roberta Rebella\" \/>\n\t<meta name=\"twitter:label2\" content=\"Tempo di lettura stimato\" \/>\n\t<meta name=\"twitter:data2\" content=\"4 minuti\" \/>\n<script type=\"application\/ld+json\" class=\"yoast-schema-graph\">{\"@context\":\"https:\/\/schema.org\",\"@graph\":[{\"@type\":\"Article\",\"@id\":\"https:\/\/lbcomunicazione.org\/index.php\/2020\/03\/03\/coronavirus-bertonico-10-giorni-in-zonarossa\/#article\",\"isPartOf\":{\"@id\":\"https:\/\/lbcomunicazione.org\/index.php\/2020\/03\/03\/coronavirus-bertonico-10-giorni-in-zonarossa\/\"},\"author\":{\"name\":\"Roberta Rebella\",\"@id\":\"https:\/\/lbcomunicazione.org\/#\/schema\/person\/719fcb2ba57a88114e5b4d3e126b320b\"},\"headline\":\"Coronavirus: Bertonico. 10 giorni in #ZonaRossa\",\"datePublished\":\"2020-03-03T12:39:53+00:00\",\"dateModified\":\"2020-03-03T16:23:48+00:00\",\"mainEntityOfPage\":{\"@id\":\"https:\/\/lbcomunicazione.org\/index.php\/2020\/03\/03\/coronavirus-bertonico-10-giorni-in-zonarossa\/\"},\"wordCount\":743,\"commentCount\":0,\"publisher\":{\"@id\":\"https:\/\/lbcomunicazione.org\/#organization\"},\"image\":{\"@id\":\"https:\/\/lbcomunicazione.org\/index.php\/2020\/03\/03\/coronavirus-bertonico-10-giorni-in-zonarossa\/#primaryimage\"},\"thumbnailUrl\":\"https:\/\/lbcomunicazione.org\/wp-content\/uploads\/2020\/03\/virusblog.jpg\",\"keywords\":[\"bertonico\",\"codogno\",\"coronavirus\",\"zonarossa\"],\"articleSection\":[\"attualit\u00e0\"],\"inLanguage\":\"it-IT\",\"potentialAction\":[{\"@type\":\"CommentAction\",\"name\":\"Comment\",\"target\":[\"https:\/\/lbcomunicazione.org\/index.php\/2020\/03\/03\/coronavirus-bertonico-10-giorni-in-zonarossa\/#respond\"]}]},{\"@type\":\"WebPage\",\"@id\":\"https:\/\/lbcomunicazione.org\/index.php\/2020\/03\/03\/coronavirus-bertonico-10-giorni-in-zonarossa\/\",\"url\":\"https:\/\/lbcomunicazione.org\/index.php\/2020\/03\/03\/coronavirus-bertonico-10-giorni-in-zonarossa\/\",\"name\":\"Coronavirus: Bertonico. 10 giorni in #ZonaRossa - blog TG24 la comunicazione\",\"isPartOf\":{\"@id\":\"https:\/\/lbcomunicazione.org\/#website\"},\"primaryImageOfPage\":{\"@id\":\"https:\/\/lbcomunicazione.org\/index.php\/2020\/03\/03\/coronavirus-bertonico-10-giorni-in-zonarossa\/#primaryimage\"},\"image\":{\"@id\":\"https:\/\/lbcomunicazione.org\/index.php\/2020\/03\/03\/coronavirus-bertonico-10-giorni-in-zonarossa\/#primaryimage\"},\"thumbnailUrl\":\"https:\/\/lbcomunicazione.org\/wp-content\/uploads\/2020\/03\/virusblog.jpg\",\"datePublished\":\"2020-03-03T12:39:53+00:00\",\"dateModified\":\"2020-03-03T16:23:48+00:00\",\"breadcrumb\":{\"@id\":\"https:\/\/lbcomunicazione.org\/index.php\/2020\/03\/03\/coronavirus-bertonico-10-giorni-in-zonarossa\/#breadcrumb\"},\"inLanguage\":\"it-IT\",\"potentialAction\":[{\"@type\":\"ReadAction\",\"target\":[\"https:\/\/lbcomunicazione.org\/index.php\/2020\/03\/03\/coronavirus-bertonico-10-giorni-in-zonarossa\/\"]}]},{\"@type\":\"ImageObject\",\"inLanguage\":\"it-IT\",\"@id\":\"https:\/\/lbcomunicazione.org\/index.php\/2020\/03\/03\/coronavirus-bertonico-10-giorni-in-zonarossa\/#primaryimage\",\"url\":\"https:\/\/lbcomunicazione.org\/wp-content\/uploads\/2020\/03\/virusblog.jpg\",\"contentUrl\":\"https:\/\/lbcomunicazione.org\/wp-content\/uploads\/2020\/03\/virusblog.jpg\",\"width\":946,\"height\":344},{\"@type\":\"BreadcrumbList\",\"@id\":\"https:\/\/lbcomunicazione.org\/index.php\/2020\/03\/03\/coronavirus-bertonico-10-giorni-in-zonarossa\/#breadcrumb\",\"itemListElement\":[{\"@type\":\"ListItem\",\"position\":1,\"name\":\"Home\",\"item\":\"https:\/\/lbcomunicazione.org\/\"},{\"@type\":\"ListItem\",\"position\":2,\"name\":\"Coronavirus: Bertonico. 10 giorni in #ZonaRossa\"}]},{\"@type\":\"WebSite\",\"@id\":\"https:\/\/lbcomunicazione.org\/#website\",\"url\":\"https:\/\/lbcomunicazione.org\/\",\"name\":\"blogTG24lacomunicazione.org\",\"description\":\"Siamo una squadra di blogger, che desiderano dare voce a quelle notizie, realt\u00e0, associazioni, che non sono divulgate dai giornali e media\",\"publisher\":{\"@id\":\"https:\/\/lbcomunicazione.org\/#organization\"},\"potentialAction\":[{\"@type\":\"SearchAction\",\"target\":{\"@type\":\"EntryPoint\",\"urlTemplate\":\"https:\/\/lbcomunicazione.org\/?s={search_term_string}\"},\"query-input\":{\"@type\":\"PropertyValueSpecification\",\"valueRequired\":true,\"valueName\":\"search_term_string\"}}],\"inLanguage\":\"it-IT\"},{\"@type\":\"Organization\",\"@id\":\"https:\/\/lbcomunicazione.org\/#organization\",\"name\":\"blogtg24lacomunicazione\",\"url\":\"https:\/\/lbcomunicazione.org\/\",\"logo\":{\"@type\":\"ImageObject\",\"inLanguage\":\"it-IT\",\"@id\":\"https:\/\/lbcomunicazione.org\/#\/schema\/logo\/image\/\",\"url\":\"https:\/\/lbcomunicazione.org\/wp-content\/uploads\/2019\/01\/logo-cfpblogger.jpg\",\"contentUrl\":\"https:\/\/lbcomunicazione.org\/wp-content\/uploads\/2019\/01\/logo-cfpblogger.jpg\",\"width\":680,\"height\":709,\"caption\":\"blogtg24lacomunicazione\"},\"image\":{\"@id\":\"https:\/\/lbcomunicazione.org\/#\/schema\/logo\/image\/\"},\"sameAs\":[\"https:\/\/www.facebook.com\/beezzup\/\",\"https:\/\/x.com\/beezzup\",\"https:\/\/www.instagram.com\/beezzup\/\",\"https:\/\/www.pinterest.it\/beezzup\/\",\"https:\/\/www.youtube.com\/channel\/UCPeEGg5tKdoyOPK--mGE5Yg\"]},{\"@type\":\"Person\",\"@id\":\"https:\/\/lbcomunicazione.org\/#\/schema\/person\/719fcb2ba57a88114e5b4d3e126b320b\",\"name\":\"Roberta Rebella\",\"image\":{\"@type\":\"ImageObject\",\"inLanguage\":\"it-IT\",\"@id\":\"https:\/\/lbcomunicazione.org\/#\/schema\/person\/image\/\",\"url\":\"https:\/\/secure.gravatar.com\/avatar\/cbb99f6aaa0cdb622a816f4fb0f5114fa6d3ac3fd46eeeac9efd01c2b8f1717e?s=96&d=mm&r=g\",\"contentUrl\":\"https:\/\/secure.gravatar.com\/avatar\/cbb99f6aaa0cdb622a816f4fb0f5114fa6d3ac3fd46eeeac9efd01c2b8f1717e?s=96&d=mm&r=g\",\"caption\":\"Roberta Rebella\"},\"url\":\"https:\/\/lbcomunicazione.org\/index.php\/author\/roberta\/\"}]}<\/script>\n<!-- \/ Yoast SEO plugin. -->","yoast_head_json":{"title":"Coronavirus: Bertonico. 10 giorni in #ZonaRossa - blog TG24 la comunicazione","robots":{"index":"index","follow":"follow","max-snippet":"max-snippet:-1","max-image-preview":"max-image-preview:large","max-video-preview":"max-video-preview:-1"},"canonical":"https:\/\/lbcomunicazione.org\/index.php\/2020\/03\/03\/coronavirus-bertonico-10-giorni-in-zonarossa\/","og_locale":"it_IT","og_type":"article","og_title":"Coronavirus: Bertonico. 10 giorni in #ZonaRossa - blog TG24 la comunicazione","og_description":"Decimo giorno di quarantena. Per quanto mi riguarda, il termine quarantena risveglia , o risvegliava, lugubri scenari di velieri alla deriva, stipati di deboli pallidi emaciati. Dagherrotipi ritraenti camerate promiscue di antichi ospedali, vicoli bui di citt\u00e0 deserte. La mia quarantena \u00e8 stata fino a ieri soleggiata, nello scenario consueto del lavoro in azienda , zootecnica, quindi con dispensa statale a mantenere il continuum e non sprecare ettolitri di latte, piuttosto senza la scocciatura delle telefonate banca\/commercialista\/fornitori. Quarantena con pi\u00f9 tempo a disposizione per ritrovarsi con gli amici confinati anch\u2019essi nella zona rossa. Quindi, nella mia situazione, l\u2019attenzione era tutta sull\u2019aspetto&#46;&#46;&#46;","og_url":"https:\/\/lbcomunicazione.org\/index.php\/2020\/03\/03\/coronavirus-bertonico-10-giorni-in-zonarossa\/","og_site_name":"blog TG24 la comunicazione","article_publisher":"https:\/\/www.facebook.com\/beezzup\/","article_published_time":"2020-03-03T12:39:53+00:00","article_modified_time":"2020-03-03T16:23:48+00:00","og_image":[{"width":946,"height":344,"url":"https:\/\/lbcomunicazione.org\/wp-content\/uploads\/2020\/03\/virusblog.jpg","type":"image\/jpeg"}],"author":"Roberta Rebella","twitter_card":"summary_large_image","twitter_creator":"@beezzup","twitter_site":"@beezzup","twitter_misc":{"Scritto da":"Roberta Rebella","Tempo di lettura stimato":"4 minuti"},"schema":{"@context":"https:\/\/schema.org","@graph":[{"@type":"Article","@id":"https:\/\/lbcomunicazione.org\/index.php\/2020\/03\/03\/coronavirus-bertonico-10-giorni-in-zonarossa\/#article","isPartOf":{"@id":"https:\/\/lbcomunicazione.org\/index.php\/2020\/03\/03\/coronavirus-bertonico-10-giorni-in-zonarossa\/"},"author":{"name":"Roberta Rebella","@id":"https:\/\/lbcomunicazione.org\/#\/schema\/person\/719fcb2ba57a88114e5b4d3e126b320b"},"headline":"Coronavirus: Bertonico. 10 giorni in #ZonaRossa","datePublished":"2020-03-03T12:39:53+00:00","dateModified":"2020-03-03T16:23:48+00:00","mainEntityOfPage":{"@id":"https:\/\/lbcomunicazione.org\/index.php\/2020\/03\/03\/coronavirus-bertonico-10-giorni-in-zonarossa\/"},"wordCount":743,"commentCount":0,"publisher":{"@id":"https:\/\/lbcomunicazione.org\/#organization"},"image":{"@id":"https:\/\/lbcomunicazione.org\/index.php\/2020\/03\/03\/coronavirus-bertonico-10-giorni-in-zonarossa\/#primaryimage"},"thumbnailUrl":"https:\/\/lbcomunicazione.org\/wp-content\/uploads\/2020\/03\/virusblog.jpg","keywords":["bertonico","codogno","coronavirus","zonarossa"],"articleSection":["attualit\u00e0"],"inLanguage":"it-IT","potentialAction":[{"@type":"CommentAction","name":"Comment","target":["https:\/\/lbcomunicazione.org\/index.php\/2020\/03\/03\/coronavirus-bertonico-10-giorni-in-zonarossa\/#respond"]}]},{"@type":"WebPage","@id":"https:\/\/lbcomunicazione.org\/index.php\/2020\/03\/03\/coronavirus-bertonico-10-giorni-in-zonarossa\/","url":"https:\/\/lbcomunicazione.org\/index.php\/2020\/03\/03\/coronavirus-bertonico-10-giorni-in-zonarossa\/","name":"Coronavirus: Bertonico. 10 giorni in #ZonaRossa - blog TG24 la comunicazione","isPartOf":{"@id":"https:\/\/lbcomunicazione.org\/#website"},"primaryImageOfPage":{"@id":"https:\/\/lbcomunicazione.org\/index.php\/2020\/03\/03\/coronavirus-bertonico-10-giorni-in-zonarossa\/#primaryimage"},"image":{"@id":"https:\/\/lbcomunicazione.org\/index.php\/2020\/03\/03\/coronavirus-bertonico-10-giorni-in-zonarossa\/#primaryimage"},"thumbnailUrl":"https:\/\/lbcomunicazione.org\/wp-content\/uploads\/2020\/03\/virusblog.jpg","datePublished":"2020-03-03T12:39:53+00:00","dateModified":"2020-03-03T16:23:48+00:00","breadcrumb":{"@id":"https:\/\/lbcomunicazione.org\/index.php\/2020\/03\/03\/coronavirus-bertonico-10-giorni-in-zonarossa\/#breadcrumb"},"inLanguage":"it-IT","potentialAction":[{"@type":"ReadAction","target":["https:\/\/lbcomunicazione.org\/index.php\/2020\/03\/03\/coronavirus-bertonico-10-giorni-in-zonarossa\/"]}]},{"@type":"ImageObject","inLanguage":"it-IT","@id":"https:\/\/lbcomunicazione.org\/index.php\/2020\/03\/03\/coronavirus-bertonico-10-giorni-in-zonarossa\/#primaryimage","url":"https:\/\/lbcomunicazione.org\/wp-content\/uploads\/2020\/03\/virusblog.jpg","contentUrl":"https:\/\/lbcomunicazione.org\/wp-content\/uploads\/2020\/03\/virusblog.jpg","width":946,"height":344},{"@type":"BreadcrumbList","@id":"https:\/\/lbcomunicazione.org\/index.php\/2020\/03\/03\/coronavirus-bertonico-10-giorni-in-zonarossa\/#breadcrumb","itemListElement":[{"@type":"ListItem","position":1,"name":"Home","item":"https:\/\/lbcomunicazione.org\/"},{"@type":"ListItem","position":2,"name":"Coronavirus: Bertonico. 10 giorni in #ZonaRossa"}]},{"@type":"WebSite","@id":"https:\/\/lbcomunicazione.org\/#website","url":"https:\/\/lbcomunicazione.org\/","name":"blogTG24lacomunicazione.org","description":"Siamo una squadra di blogger, che desiderano dare voce a quelle notizie, realt\u00e0, associazioni, che non sono divulgate dai giornali e media","publisher":{"@id":"https:\/\/lbcomunicazione.org\/#organization"},"potentialAction":[{"@type":"SearchAction","target":{"@type":"EntryPoint","urlTemplate":"https:\/\/lbcomunicazione.org\/?s={search_term_string}"},"query-input":{"@type":"PropertyValueSpecification","valueRequired":true,"valueName":"search_term_string"}}],"inLanguage":"it-IT"},{"@type":"Organization","@id":"https:\/\/lbcomunicazione.org\/#organization","name":"blogtg24lacomunicazione","url":"https:\/\/lbcomunicazione.org\/","logo":{"@type":"ImageObject","inLanguage":"it-IT","@id":"https:\/\/lbcomunicazione.org\/#\/schema\/logo\/image\/","url":"https:\/\/lbcomunicazione.org\/wp-content\/uploads\/2019\/01\/logo-cfpblogger.jpg","contentUrl":"https:\/\/lbcomunicazione.org\/wp-content\/uploads\/2019\/01\/logo-cfpblogger.jpg","width":680,"height":709,"caption":"blogtg24lacomunicazione"},"image":{"@id":"https:\/\/lbcomunicazione.org\/#\/schema\/logo\/image\/"},"sameAs":["https:\/\/www.facebook.com\/beezzup\/","https:\/\/x.com\/beezzup","https:\/\/www.instagram.com\/beezzup\/","https:\/\/www.pinterest.it\/beezzup\/","https:\/\/www.youtube.com\/channel\/UCPeEGg5tKdoyOPK--mGE5Yg"]},{"@type":"Person","@id":"https:\/\/lbcomunicazione.org\/#\/schema\/person\/719fcb2ba57a88114e5b4d3e126b320b","name":"Roberta Rebella","image":{"@type":"ImageObject","inLanguage":"it-IT","@id":"https:\/\/lbcomunicazione.org\/#\/schema\/person\/image\/","url":"https:\/\/secure.gravatar.com\/avatar\/cbb99f6aaa0cdb622a816f4fb0f5114fa6d3ac3fd46eeeac9efd01c2b8f1717e?s=96&d=mm&r=g","contentUrl":"https:\/\/secure.gravatar.com\/avatar\/cbb99f6aaa0cdb622a816f4fb0f5114fa6d3ac3fd46eeeac9efd01c2b8f1717e?s=96&d=mm&r=g","caption":"Roberta Rebella"},"url":"https:\/\/lbcomunicazione.org\/index.php\/author\/roberta\/"}]}},"_links":{"self":[{"href":"https:\/\/lbcomunicazione.org\/index.php\/wp-json\/wp\/v2\/posts\/3976","targetHints":{"allow":["GET"]}}],"collection":[{"href":"https:\/\/lbcomunicazione.org\/index.php\/wp-json\/wp\/v2\/posts"}],"about":[{"href":"https:\/\/lbcomunicazione.org\/index.php\/wp-json\/wp\/v2\/types\/post"}],"author":[{"embeddable":true,"href":"https:\/\/lbcomunicazione.org\/index.php\/wp-json\/wp\/v2\/users\/6"}],"replies":[{"embeddable":true,"href":"https:\/\/lbcomunicazione.org\/index.php\/wp-json\/wp\/v2\/comments?post=3976"}],"version-history":[{"count":0,"href":"https:\/\/lbcomunicazione.org\/index.php\/wp-json\/wp\/v2\/posts\/3976\/revisions"}],"wp:featuredmedia":[{"embeddable":true,"href":"https:\/\/lbcomunicazione.org\/index.php\/wp-json\/wp\/v2\/media\/3977"}],"wp:attachment":[{"href":"https:\/\/lbcomunicazione.org\/index.php\/wp-json\/wp\/v2\/media?parent=3976"}],"wp:term":[{"taxonomy":"category","embeddable":true,"href":"https:\/\/lbcomunicazione.org\/index.php\/wp-json\/wp\/v2\/categories?post=3976"},{"taxonomy":"post_tag","embeddable":true,"href":"https:\/\/lbcomunicazione.org\/index.php\/wp-json\/wp\/v2\/tags?post=3976"}],"curies":[{"name":"wp","href":"https:\/\/api.w.org\/{rel}","templated":true}]}}