{"id":3963,"date":"2020-03-06T20:54:33","date_gmt":"2020-03-06T19:54:33","guid":{"rendered":"http:\/\/lbcomunicazione.org\/?p=3963"},"modified":"2020-03-06T20:54:33","modified_gmt":"2020-03-06T19:54:33","slug":"scuola-futuro-pvu-montessori","status":"publish","type":"post","link":"https:\/\/lbcomunicazione.org\/index.php\/2020\/03\/06\/scuola-futuro-pvu-montessori\/","title":{"rendered":"La scuola del futuro? Un cambio di paradigma!"},"content":{"rendered":"<p>La scuola, parlo da genitore, sta evolvendo positivamente. Come faccio a saperlo? Osservo e constato che esistono persone valide e appassionate al suo interno.<\/p>\n<h2 style=\"text-align: left;\">La scuola non deve sviluppare la competizione ma scoprire qual \u00e8 il dono di ognuno<\/h2>\n<div id=\"attachment_1385\" style=\"width: 310px\" class=\"wp-caption alignleft\"><img loading=\"lazy\" decoding=\"async\" aria-describedby=\"caption-attachment-1385\" class=\"wp-image-1385 size-medium\" src=\"https:\/\/lbcomunicazione.org\/wp-content\/uploads\/2019\/12\/possible-379215_1920-300x221.jpg\" alt=\"\" width=\"300\" height=\"221\" srcset=\"https:\/\/lbcomunicazione.org\/wp-content\/uploads\/2019\/12\/possible-379215_1920-300x221.jpg 300w, https:\/\/lbcomunicazione.org\/wp-content\/uploads\/2019\/12\/possible-379215_1920-1024x756.jpg 1024w, https:\/\/lbcomunicazione.org\/wp-content\/uploads\/2019\/12\/possible-379215_1920-768x567.jpg 768w, https:\/\/lbcomunicazione.org\/wp-content\/uploads\/2019\/12\/possible-379215_1920-1536x1134.jpg 1536w, https:\/\/lbcomunicazione.org\/wp-content\/uploads\/2019\/12\/possible-379215_1920-520x384.jpg 520w, https:\/\/lbcomunicazione.org\/wp-content\/uploads\/2019\/12\/possible-379215_1920.jpg 1920w\" sizes=\"auto, (max-width: 300px) 100vw, 300px\" \/><p id=\"caption-attachment-1385\" class=\"wp-caption-text\">Chi dice che una scuola migliore e pi\u00f9 efficiente sia una utopia?<\/p><\/div>\n<p>La mia \u00e8 stata un\u2019esperienza positiva: la competizione in mio figlio \u00e8 poco presente, anche grazie alla buona opera svolta dalle sue maestre delle elementari alle quali sar\u00f2 sempre grata.<\/p>\n<p>Spero in un continuo miglioramento perch\u00e9 se la base \u00e8 buona, la nostra Societ\u00e0 del futuro sar\u00e0 certo migliore come il nostro mondo.<\/p>\n<h2>Una soluzione esiste&#8230; applichiamola!<\/h2>\n<p>Da un po\u2019 sto seguendo un partito che ha messo nel proprio programma una particolare attenzione alla scuola.<\/p>\n<p>Ecco alcune indicazioni del <strong>Partito Valore Umano (PVU) relative alla scuola<\/strong> dove potete trovare sul loro sito &#8211; per chi volesse approfondire l&#8217;argomento &#8211; il <a href=\"https:\/\/partitovaloreumano.it\/\" target=\"_blank\" rel=\"noopener noreferrer\"><strong>programma politico completo<\/strong><\/a>:<\/p>\n<p>&#8220;<em>La Scuola indicata dal PVU non deve bocciare nessuno perch\u00e9, se uno studente non riesce in una disciplina specifica, di certo andr\u00e0 bene in un\u2019altra. I suoi buoni Insegnanti dovranno accompagnare lo studente a poter contare su solide basi formative ed essere affiancato da psicologi, sociologi e persone le quali, vincendo un concorso, effettuano la professione per meriti e dedizione e non per trovare un posto di lavoro. L\u2019Insegnante deve dirigere lo studente verso le proprie propensioni pi\u00f9 adatte allo studente. Anche fossero quelle legate a discipline ludiche. Ecco che, il voto, diventa non pi\u00f9 un giudizio ma un\u2019indicazione, finalizzata a un incentivo per migliorare le conoscenze e i talenti dell\u2019allieva\/o. Il voto deve diventare un valore positivo e non l\u2019indicazione di un errore irreparabile, perch\u00e9 \u00e8 attraverso l\u2019errore che s\u2019impara di pi\u00f9 e che si sperimenta e si ha <img loading=\"lazy\" decoding=\"async\" class=\"size-medium wp-image-838 alignright\" src=\"https:\/\/lbcomunicazione.org\/wp-content\/uploads\/2019\/11\/26169872_1911348028893753_7532636058772604823_n-201x300.jpg\" alt=\"\" width=\"201\" height=\"300\" srcset=\"https:\/\/lbcomunicazione.org\/wp-content\/uploads\/2019\/11\/26169872_1911348028893753_7532636058772604823_n-201x300.jpg 201w, https:\/\/lbcomunicazione.org\/wp-content\/uploads\/2019\/11\/26169872_1911348028893753_7532636058772604823_n-520x776.jpg 520w, https:\/\/lbcomunicazione.org\/wp-content\/uploads\/2019\/11\/26169872_1911348028893753_7532636058772604823_n.jpg 564w\" sizes=\"auto, (max-width: 201px) 100vw, 201px\" \/>consapevolezza del successo raggiunto e raggiungibile.<\/em>&#8221;<\/p>\n<blockquote><p>In qualit\u00e0 di mamma, ho sentito spesso parlare del metodo <strong>Montessori<\/strong>, che \u00e8 troppo vasto per essere riassunto in questa sede ma che &#8211; in sintesi &#8211; prevede di contestualizzare e applicare l&#8217;apprendimento anche nella vita quotidiana.<\/p><\/blockquote>\n<p>La pedagogia montessoriana si basa sull&#8217;indipendenza, sulla libert\u00e0 di scelta del proprio percorso educativo (entro limiti codificati) e sul rispetto per il naturale sviluppo fisico, psicologico e sociale del bambino, mirando a sviluppare una sorta di \u00abeducazione cosmica\u00bb, cio\u00e8 un senso di responsabilit\u00e0 e di consapevolezza verso la rete di\u00a0relazioni che collega ogni entit\u00e0 microcosmica al contesto generale macrocosmico.<\/p>\n<blockquote><p><img loading=\"lazy\" decoding=\"async\" class=\"size-medium wp-image-3969 alignleft\" src=\"https:\/\/lbcomunicazione.org\/wp-content\/uploads\/2020\/03\/striscia-copertina-FB-768x432-1-300x169.jpg\" alt=\"\" width=\"300\" height=\"169\" srcset=\"https:\/\/lbcomunicazione.org\/wp-content\/uploads\/2020\/03\/striscia-copertina-FB-768x432-1-300x169.jpg 300w, https:\/\/lbcomunicazione.org\/wp-content\/uploads\/2020\/03\/striscia-copertina-FB-768x432-1-520x293.jpg 520w, https:\/\/lbcomunicazione.org\/wp-content\/uploads\/2020\/03\/striscia-copertina-FB-768x432-1.jpg 768w\" sizes=\"auto, (max-width: 300px) 100vw, 300px\" \/><\/p><\/blockquote>\n<p>Vi segnalo, infine, per approfondire l\u2019argomento &#8220;scuola&#8221;, se verr\u00e0 confermato, <a href=\"http:\/\/www.kaloi.it\/una-scuola-diversa-sipuofare\/\" target=\"_blank\" rel=\"noopener noreferrer\">un evento di cui sono a conoscenza che si svolger\u00e0 a <strong>Milano il 29 Marzo 2020 <\/strong>&#8211;\u00a0presso La Cordata, via San Vittore 49<\/a> &#8211; proposto da un gruppo di <em>coach<\/em> che, a mio avviso, pu\u00f2 contribuire a sviluppare temi positivi e innovativi, con nuovi punti di vista che sono sempre i benvenuti!<\/p>\n<div class=\"video-container\"><iframe loading=\"lazy\" title=\"blog TG24 la comunicazione : &quot; La scuola del futuro? Un cambio di paradigma! &quot;\" width=\"500\" height=\"281\" src=\"https:\/\/www.youtube.com\/embed\/9Yls5prodJQ?feature=oembed&#038;wmode=opaque\" frameborder=\"0\" allow=\"accelerometer; autoplay; clipboard-write; encrypted-media; gyroscope; picture-in-picture; web-share\" referrerpolicy=\"strict-origin-when-cross-origin\" allowfullscreen><\/iframe><\/div>\n<p>[revisione di <strong>Silvia Ponzio<\/strong>]<\/p>\n","protected":false},"excerpt":{"rendered":"<p>La scuola non deve sviluppare la competizione ma scoprire qual \u00e8 il dono e la predisposizione di ogni alunno per svilupparli al meglio<\/p>\n","protected":false},"author":35,"featured_media":0,"comment_status":"open","ping_status":"closed","sticky":false,"template":"","format":"image","meta":{"footnotes":""},"categories":[20],"tags":[387,386],"class_list":["post-3963","post","type-post","status-publish","format-image","hentry","category-scuola","tag-competizione","tag-innovazione","post_format-post-format-image"],"_links":{"self":[{"href":"https:\/\/lbcomunicazione.org\/index.php\/wp-json\/wp\/v2\/posts\/3963","targetHints":{"allow":["GET"]}}],"collection":[{"href":"https:\/\/lbcomunicazione.org\/index.php\/wp-json\/wp\/v2\/posts"}],"about":[{"href":"https:\/\/lbcomunicazione.org\/index.php\/wp-json\/wp\/v2\/types\/post"}],"author":[{"embeddable":true,"href":"https:\/\/lbcomunicazione.org\/index.php\/wp-json\/wp\/v2\/users\/35"}],"replies":[{"embeddable":true,"href":"https:\/\/lbcomunicazione.org\/index.php\/wp-json\/wp\/v2\/comments?post=3963"}],"version-history":[{"count":0,"href":"https:\/\/lbcomunicazione.org\/index.php\/wp-json\/wp\/v2\/posts\/3963\/revisions"}],"wp:attachment":[{"href":"https:\/\/lbcomunicazione.org\/index.php\/wp-json\/wp\/v2\/media?parent=3963"}],"wp:term":[{"taxonomy":"category","embeddable":true,"href":"https:\/\/lbcomunicazione.org\/index.php\/wp-json\/wp\/v2\/categories?post=3963"},{"taxonomy":"post_tag","embeddable":true,"href":"https:\/\/lbcomunicazione.org\/index.php\/wp-json\/wp\/v2\/tags?post=3963"}],"curies":[{"name":"wp","href":"https:\/\/api.w.org\/{rel}","templated":true}]}}