{"id":375,"date":"2019-07-27T20:19:35","date_gmt":"2019-07-27T19:19:35","guid":{"rendered":"http:\/\/lbcomunicazione.org\/?p=375"},"modified":"2019-07-27T20:19:35","modified_gmt":"2019-07-27T19:19:35","slug":"il-colore-del-crimine","status":"publish","type":"post","link":"https:\/\/lbcomunicazione.org\/index.php\/2019\/07\/27\/il-colore-del-crimine\/","title":{"rendered":"Il colore del crimine"},"content":{"rendered":"<pre><img decoding=\"async\" class=\"emoji jetpack-lazy-image jetpack-lazy-image--handled\" src=\"https:\/\/s.w.org\/images\/core\/emoji\/11\/svg\/270d-1f3fb.svg\" alt=\"&#x270d;?\" \/><img decoding=\"async\" class=\"emoji jetpack-lazy-image jetpack-lazy-image--handled\" src=\"https:\/\/s.w.org\/images\/core\/emoji\/11\/svg\/270d-1f3fb.svg\" alt=\"&#x270d;?\" \/> Il colore del crimine <img decoding=\"async\" class=\"emoji jetpack-lazy-image jetpack-lazy-image--handled\" src=\"https:\/\/s.w.org\/images\/core\/emoji\/11\/svg\/270d-1f3fb.svg\" alt=\"&#x270d;?\" \/><img decoding=\"async\" class=\"emoji jetpack-lazy-image jetpack-lazy-image--handled\" src=\"https:\/\/s.w.org\/images\/core\/emoji\/11\/svg\/270d-1f3fb.svg\" alt=\"&#x270d;?\" \/> Articolo di Roberta Rebella <img decoding=\"async\" class=\"emoji jetpack-lazy-image jetpack-lazy-image--handled\" src=\"https:\/\/s.w.org\/images\/core\/emoji\/11\/svg\/270d-1f3fb.svg\" alt=\"&#x270d;?\" \/><img decoding=\"async\" class=\"emoji jetpack-lazy-image jetpack-lazy-image--handled\" src=\"https:\/\/s.w.org\/images\/core\/emoji\/11\/svg\/270d-1f3fb.svg\" alt=\"&#x270d;?\" \/> Bertonico<img decoding=\"async\" class=\"emoji jetpack-lazy-image jetpack-lazy-image--handled\" src=\"https:\/\/s.w.org\/images\/core\/emoji\/11\/svg\/270d-1f3fb.svg\" alt=\"&#x270d;?\" \/><img decoding=\"async\" class=\"emoji jetpack-lazy-image jetpack-lazy-image--handled\" src=\"https:\/\/s.w.org\/images\/core\/emoji\/11\/svg\/270d-1f3fb.svg\" alt=\"&#x270d;?\" \/><\/pre>\n<p>&nbsp;<\/p>\n<h3>Non ci sono pi\u00f9 i delinquenti comuni.<\/h3>\n<p>Bazzicare sui social, sui giornali, tra le notizie nazionali del momento, mi pare dia la misura del grado di separazione in cui viviamo, creato probabilmente ad arte.<\/p>\n<p>&nbsp;<\/p>\n<p><em><strong>La notizia di ieri: \u00e8 morto un uomo, ucciso da altri uomini.<\/strong><\/em><\/p>\n<p>Tripudio di alcuni sui\u00a0 social al momento dell\u2019accertamento della nazionalit\u00e0 di tali uomini, gli assassini. Altri esprimono dubbi\u00a0 si interrogano\u00a0 insinuano e rivangano errori imputati alla\u00a0 categoria lavorativa a cui la vittima apparteneva. E cos\u00ec via dicendo, di pochezza in pochezza\u2026.<\/p>\n<p>Qualsiasi crimine viene ascritto ad una o all\u2019altra parte in un triste rimpallo di caratteristiche e di responsabilit\u00e0. Come se ci fosse l\u2019urgenza di manifestare di indicare l\u2019etichettatura, il colore di un delinquente comune, di un crimine efferato, della malvagit\u00e0. Come se, individuando\u00a0 ombre o supposizioni che non riconosciamo come appartenenti alla nostra fazione ci assolvesse e ci distanziasse dal crimine commesso.\u00a0 Come se fossimo andati al seggio elettorale dopo aver superato un test attitudinale che indirizzasse, a seconda delle intime qualit\u00e0.\u00a0 Non illudiamoci, sarebbe troppo facile avere gli elenchi buoni\/cattivi per poter decidere a che fila appartenere facendo brillare la nostra nobilt\u00e0 d\u2019animo.\u00a0 Facciamo attenzione a puntare il dito, a pontificare. Il male \u00e8 ovunque, insediato, permeante ed ormai manifesto in questa disgregata umanit\u00e0 che, ridotta a brandelli , \u00e8 sempre pi\u00f9 preda di un momento oscuro. La polvere in cui siamo ridotti \u00a0\u00e8, granulometricamente parlando, molto oltre la pezzatura del \u2018divide et impera\u2019 , basta un soffio per cancellare.<\/p>\n<p>Nell\u2019umana ansia di appartenere al clan, a cui ogni uomo anela, per sentirsi accolto, compreso, simile e protetto, stiamo dimenticando che l\u2019umanit\u00e0\u00a0<em><strong>E\u2019<\/strong><\/em>\u00a0il nostro clan. Che costantemente infanghiamo o rinneghiamo, agendo inveendo o accusando.\u00a0 Quanto siamo tristi, se dobbiamo rallegrarci delle pecche altrui\u2026<\/p>\n<p>E noi tutti cos\u00ec occupati ad esternare il nostro essere migliori rispetto a chi consideriamo peggiore , ad esultare per aver portato alla luce crimini efferati\u00a0 dove le responsabilit\u00e0 maggiori sono di\u00a0 un altro colore, ad affrettarsi a denunciare la nazionalit\u00e0 di assassini, dimenticando costantemente che sono testimonianza di una umanit\u00e0 di cui facciamo parte, il clan a cui apparteniamo. Ma esiste ancora un clan? o siamo terribilmente soli, impauriti diffidenti e sospettosi?<\/p>\n<p><strong><em>E mi domando: cos\u00ec tanto occupati a starnazzare nostre opinioni, \u00a0da che cosa ci stiamo (stanno) distraendo?<\/em><\/strong><\/p>\n<p><em>Roberta Rebella<\/em><\/p>\n","protected":false},"excerpt":{"rendered":"<p>Il colore del crimine Articolo di Roberta Rebella Bertonico &nbsp; Non ci sono pi\u00f9 i delinquenti comuni. Bazzicare sui social, sui giornali, tra le notizie nazionali del momento, mi pare dia la misura del grado di&#46;&#46;&#46;<\/p>\n","protected":false},"author":5,"featured_media":376,"comment_status":"open","ping_status":"closed","sticky":false,"template":"","format":"image","meta":{"footnotes":""},"categories":[9],"tags":[115,116],"class_list":["post-375","post","type-post","status-publish","format-image","has-post-thumbnail","hentry","category-cronaca","tag-crimini","tag-social","post_format-post-format-image"],"_links":{"self":[{"href":"https:\/\/lbcomunicazione.org\/index.php\/wp-json\/wp\/v2\/posts\/375","targetHints":{"allow":["GET"]}}],"collection":[{"href":"https:\/\/lbcomunicazione.org\/index.php\/wp-json\/wp\/v2\/posts"}],"about":[{"href":"https:\/\/lbcomunicazione.org\/index.php\/wp-json\/wp\/v2\/types\/post"}],"author":[{"embeddable":true,"href":"https:\/\/lbcomunicazione.org\/index.php\/wp-json\/wp\/v2\/users\/5"}],"replies":[{"embeddable":true,"href":"https:\/\/lbcomunicazione.org\/index.php\/wp-json\/wp\/v2\/comments?post=375"}],"version-history":[{"count":0,"href":"https:\/\/lbcomunicazione.org\/index.php\/wp-json\/wp\/v2\/posts\/375\/revisions"}],"wp:featuredmedia":[{"embeddable":true,"href":"https:\/\/lbcomunicazione.org\/index.php\/wp-json\/wp\/v2\/media\/376"}],"wp:attachment":[{"href":"https:\/\/lbcomunicazione.org\/index.php\/wp-json\/wp\/v2\/media?parent=375"}],"wp:term":[{"taxonomy":"category","embeddable":true,"href":"https:\/\/lbcomunicazione.org\/index.php\/wp-json\/wp\/v2\/categories?post=375"},{"taxonomy":"post_tag","embeddable":true,"href":"https:\/\/lbcomunicazione.org\/index.php\/wp-json\/wp\/v2\/tags?post=375"}],"curies":[{"name":"wp","href":"https:\/\/api.w.org\/{rel}","templated":true}]}}