{"id":3681,"date":"2020-02-23T16:03:29","date_gmt":"2020-02-23T15:03:29","guid":{"rendered":"http:\/\/lbcomunicazione.org\/?p=3681"},"modified":"2020-02-23T16:03:30","modified_gmt":"2020-02-23T15:03:30","slug":"il-potere-terapeutico-delle-vibrazioni","status":"publish","type":"post","link":"https:\/\/lbcomunicazione.org\/index.php\/2020\/02\/23\/il-potere-terapeutico-delle-vibrazioni\/","title":{"rendered":"Il potere terapeutico delle vibrazioni"},"content":{"rendered":"\n<div class=\"wp-block-image\">\u00a0<\/div>\r\n<p><img loading=\"lazy\" decoding=\"async\" class=\" wp-image-3680 alignleft\" src=\"https:\/\/lbcomunicazione.org\/wp-content\/uploads\/2020\/02\/7aade7b5-47d0-4af5-9862-217cdb3297c1-716x1024.jpg\" alt=\"\" width=\"311\" height=\"350\" \/><\/p>\r\n<p>&nbsp;<\/p>\r\n<p><em>Il potere terapeutico delle vibrazioni<\/em>: quando pensiamo a una cosa che ci fa stare bene, non cerchiamo il motivo del nostro sorriso perch\u00e9 viene spontaneo e magari sottovalutiamo quel momento di benessere. Invece nella sofferenza, di solito, ci impegniamo a capire il perch\u00e9.<\/p>\r\n<p>Domenica 16 febbraio ho avuto l&#8217;enorme piacere di partecipare all\u2019evento organizzato dal Clemm Provincia di Mantova \u201cVibri-amo Vivi-amo: dalla poesia alla musica, dalla risata alla spiritualit\u00e0&#8230;il potere terapeutico delle vibrazioni&#8230;\u201d. Per chi volesse capirlo, \u00e8 racchiuso un mondo intero nelle parole che formano il titolo dell\u2019evento!<\/p>\r\n<h3>\u00a0<\/h3>\r\n<h3>\u00a0<\/h3>\r\n<h3>\u00a0<\/h3>\r\n<p>&nbsp;<\/p>\r\n<h3><br \/><strong>Sono circa le due del pomeriggio,<\/strong><\/h3>\r\n<p>la sala \u00e8 ancora spoglia e fredda, ma piena di emozioni e quella\u00a0sana\u00a0agitazione, giusta.<\/p>\r\n<p>Pian piano, lo spazio si riempie di sceneggiatura, pensata in modo che ogni angolo abbia la postazione ideale.<\/p>\r\n<p>Diverse mani curavano i dettagli, ognuno aveva un compito ben preciso, ma talmente naturale che se qualcuno avesse fatto un time-lapse si sarebbe vista una scena piena di amore!<\/p>\r\n<p>&nbsp;<\/p>\r\n<h3><strong>Ci siamo!<\/strong><\/h3>\r\n<div id=\"attachment_3679\" style=\"width: 526px\" class=\"wp-caption alignright\"><img loading=\"lazy\" decoding=\"async\" aria-describedby=\"caption-attachment-3679\" class=\"wp-image-3679\" title=\"Il potere terapeutico delle vibrazioni\" src=\"https:\/\/lbcomunicazione.org\/wp-content\/uploads\/2020\/02\/ciao-mamma-1024x683.jpg\" alt=\"\" width=\"516\" height=\"344\" srcset=\"https:\/\/lbcomunicazione.org\/wp-content\/uploads\/2020\/02\/ciao-mamma-1024x683.jpg 1024w, https:\/\/lbcomunicazione.org\/wp-content\/uploads\/2020\/02\/ciao-mamma-300x200.jpg 300w, https:\/\/lbcomunicazione.org\/wp-content\/uploads\/2020\/02\/ciao-mamma-768x512.jpg 768w, https:\/\/lbcomunicazione.org\/wp-content\/uploads\/2020\/02\/ciao-mamma-520x347.jpg 520w, https:\/\/lbcomunicazione.org\/wp-content\/uploads\/2020\/02\/ciao-mamma.jpg 1152w\" sizes=\"auto, (max-width: 516px) 100vw, 516px\" \/><p id=\"caption-attachment-3679\" class=\"wp-caption-text\"><em>Quando scrivere poesie aiuta ad elaborare il lutto<\/em><\/p><\/div>\r\n<p>Poco dopo l\u2019ora prevista, non tutte le sedie sono occupate; peccato per quelli che non sono venuti!<\/p>\r\n<p>Marco Castagna, il Vice Referente Provinciale, ci d\u00e0 il benvenuto. Oltre le persone dai vari Clemm, sono presenti anche diversi ospiti al di fuori della Provincia di Mantova e non.<\/p>\r\n<p>Conosco tutti i relatori, sono impaziente di sentirli e gi\u00e0 mi prudono le mani dalla voglia di applaudire!<\/p>\r\n<p>Lo so, mi commuover\u00f2, anche perch\u00e9 c\u2019\u00e8 Silvia Fasulo che, oltre ad essere il nostro Referente Provinciale, \u00e8 anche una scrittrice, che presenter\u00e0 il suo primo libro di poesie &#8220;Ciao Mamma&#8221;.<\/p>\r\n<p>Un inno all&#8217;amore per sua mamma scomparsa prematuramente, un grido di aiuto a se stessa, a suo pap\u00e0 e\u00a0a tutte le persone che hanno provato la cosa pi\u00f9 dolorosa che ci sia, perdere una persona importante come un genitore, la culla della fenice che c\u2019\u00e8 in ognuno di noi, del pettirosso che giace sulla copertina del suo libro, promettendo la rinascita&#8230;<\/p>\r\n<p>&nbsp;<\/p>\r\n<div id=\"attachment_3678\" style=\"width: 499px\" class=\"wp-caption alignleft\"><img loading=\"lazy\" decoding=\"async\" aria-describedby=\"caption-attachment-3678\" class=\"wp-image-3678\" title=\"Il potere terapeutico delle vibrazioni\" src=\"https:\/\/lbcomunicazione.org\/wp-content\/uploads\/2020\/02\/giorgia-1024x683.jpg\" alt=\"\" width=\"489\" height=\"326\" srcset=\"https:\/\/lbcomunicazione.org\/wp-content\/uploads\/2020\/02\/giorgia-1024x683.jpg 1024w, https:\/\/lbcomunicazione.org\/wp-content\/uploads\/2020\/02\/giorgia-300x200.jpg 300w, https:\/\/lbcomunicazione.org\/wp-content\/uploads\/2020\/02\/giorgia-768x512.jpg 768w, https:\/\/lbcomunicazione.org\/wp-content\/uploads\/2020\/02\/giorgia-520x347.jpg 520w, https:\/\/lbcomunicazione.org\/wp-content\/uploads\/2020\/02\/giorgia.jpg 1152w\" sizes=\"auto, (max-width: 489px) 100vw, 489px\" \/><p id=\"caption-attachment-3678\" class=\"wp-caption-text\"><em>L&#8217;importanza terapeutica della musica (Il potere terapeutico delle vibrazioni)<\/em><\/p><\/div>\r\n<h3><strong>Le vibrazioni pi\u00f9 sottili ma talmente profonde e sfido chiunque a non sentirle mentre ascolta la lettura delle poesie di Silvia!<\/strong><\/h3>\r\n<p>Chi meglio di una musicista pu\u00f2 spiegarci la musica, le vibrazioni, le frequenze sonore?<\/p>\r\n<p>Giorgia Turchi, pianista che non si \u00e8 fermata solo a toccarci l\u2019anima con le note di Bach, ha approfondito l\u2019importanza dell&#8217;effetto benefico che pu\u00f2 regalarci la musica con la frequenza giusta: quella di 432Hz!<\/p>\r\n<p>Non a caso, diversi studi dimostrano che l\u2019universo vibra proprio a 432Hz e non 440Hz, che sarebbe lo standard per la maggior parte della musica che siamo abituati ad ascoltare.<\/p>\r\n<p>&nbsp;<\/p>\r\n<p>&nbsp;<\/p>\r\n<h3><strong>Ma quanta inconsapevolezza!<\/strong><\/h3>\r\n<p>Anche se potrei pensare pure ad un tipo di cospirazione&#8230; perch\u00e9 la norma dice di accordare tutti gli strumenti considerando il \u201cLA\u201d a 440Hz?<\/p>\r\n<p>I benefici che possiamo avere sintonizzandosi con i 432Hz non sono ipotetici bens\u00ec reali e scientificamente approvati! Una volta scoperto il miracolo del potere curativo e l\u2019interconnessione con i processi fisiologici del DNA del cervello, chi ci ferma pi\u00f9! (<em>Il potere terapeutico delle vibrazioni<\/em>)<\/p>\r\n<p>Persino Nikola Tesla, il grande fisico, affermava che per conoscere l\u2019universo bisogna pensare in termini di energia, frequenza e vibrazioni.<\/p>\r\n<p>Giorgia ha fatto s\u00ec che la sua partecipazione di domenica abbia aperto ancora di pi\u00f9 le nostre orecchie toccando anche un tema molto importante, l\u2019epigenetica. Il fatto di circondarsi ed emettere frequenze e vibrazioni benefiche \u00e8 una responsabilit\u00e0 non solo per noi stessi ma anche per i nostri figli e per le generazioni future!<\/p>\r\n<p>Sono fiera di essere nello stesso CLEMM di Giorgia e di condividere con Nikola Tesla il paese di nascita!<\/p>\r\n<p>Nella corsa frenetica allo \u201cstipendio\u201d, per portare a casa una dignitosa sicurezza economica, spesso non ascoltiamo o ci dimentichiamoci delle sofferenze del nostro corpo e della nostra mente.<\/p>\r\n<p>&nbsp;<\/p>\r\n<div id=\"attachment_3675\" style=\"width: 473px\" class=\"wp-caption alignright\"><img loading=\"lazy\" decoding=\"async\" aria-describedby=\"caption-attachment-3675\" class=\"wp-image-3675\" title=\"Il potere terapeutico delle vibrazioni\" src=\"https:\/\/lbcomunicazione.org\/wp-content\/uploads\/2020\/02\/birgit-1024x683.jpg\" alt=\"\" width=\"463\" height=\"308\" srcset=\"https:\/\/lbcomunicazione.org\/wp-content\/uploads\/2020\/02\/birgit-1024x683.jpg 1024w, https:\/\/lbcomunicazione.org\/wp-content\/uploads\/2020\/02\/birgit-300x200.jpg 300w, https:\/\/lbcomunicazione.org\/wp-content\/uploads\/2020\/02\/birgit-768x512.jpg 768w, https:\/\/lbcomunicazione.org\/wp-content\/uploads\/2020\/02\/birgit-520x347.jpg 520w, https:\/\/lbcomunicazione.org\/wp-content\/uploads\/2020\/02\/birgit.jpg 1152w\" sizes=\"auto, (max-width: 463px) 100vw, 463px\" \/><p id=\"caption-attachment-3675\" class=\"wp-caption-text\">Ogni dolore ha una causa<\/p><\/div>\r\n<h3><br \/><strong>Birgit Steimke ha vissuto la vita lasciandosi condurre da schemi ed aspettative<\/strong><\/h3>\r\n<p>Ha combattuto con forti dolori corporei per 10 anni ma, visto che la medicina tradizionale non dava risposte, si \u00e8 buttata ad imparare tecniche di guarigione alternative, fino a trovare il metodo del Riallineamento Spirituale.<\/p>\r\n<p>&nbsp;<\/p>\r\n<p>&nbsp;<\/p>\r\n<p>&nbsp;<\/p>\r\n<p>&nbsp;<\/p>\r\n<h3><strong>Il vero padre del Riallineamento Spirituale \u00e8 Pjotr Elkunoviz<\/strong><\/h3>\r\n<p>Questo metodo esiste da pi\u00f9 di 30 anni ed ha aiutato centinaia di migliaia di persone in tutto il mondo! E\u2019 stato infatti definito come \u201cun aiuto senza precedenti nella storia dell\u2019umanit\u00e0\u201d!<\/p>\r\n<p>Il Riallineamento Spirituale \u00e8 un metodo di guarigione alternativa, senza contatto fisico. Nel volgere di pochi attimi si ottiene un visibile miglioramento sul piano fisico, duraturo nel tempo e si sbloccano anche condizionamenti mentali ed emozionali.<\/p>\r\n<p>Il Riallineamento Spirituale si pu\u00f2 fare a tutte le et\u00e0\u00a0partendo dai neonati nel grembo della mamma fino alla persona pi\u00f9 matura in qualsiasi condizione fisica.<\/p>\r\n<p>Se una coppia \u00e8 riallineata, i futuri figli nasceranno riallineati. Anche gli animali gradiscono essere riallineati.<\/p>\r\n<p><em>Birgit \u00e8 anche maestra e pu\u00f2 insegnare a chiunque questo metodo.<\/em><\/p>\r\n<h3><br \/><strong>Desidero infine, in veste di autore di questo articolo, dare la mia testimonianza<\/strong><\/h3>\r\n<p>Ho vissuto, di recente, in prima persona l&#8217;esperienza unica del Riallineamento Spirituale. Posso dire che ho imparato meglio a conoscere me stessa.<\/p>\r\n<p>Non si finisce mai di imparare e nessuno mi pu\u00f2 togliere le sensazioni che ho vissuto oltre ad un piacevole rilassamento del corpo: ho avvertito l&#8217;apertura mentale come se un interruttore avesse acceso la luce in me e mi avesse schiarito le paure che egoisticamente conservavo da tempo e che mi rendevano prigioniera di me stessa.<\/p>\r\n<p><em>Birgit mi ha accompagnato a vedere la mia vera luce.<\/em><\/p>\r\n<p>&nbsp;<\/p>\r\n<div id=\"attachment_3676\" style=\"width: 433px\" class=\"wp-caption alignleft\"><img loading=\"lazy\" decoding=\"async\" aria-describedby=\"caption-attachment-3676\" class=\"wp-image-3676\" title=\"Il potere terapeutico delle vibrazioni\" src=\"https:\/\/lbcomunicazione.org\/wp-content\/uploads\/2020\/02\/campane-tibetane-1024x683.jpg\" alt=\"\" width=\"423\" height=\"282\" srcset=\"https:\/\/lbcomunicazione.org\/wp-content\/uploads\/2020\/02\/campane-tibetane-1024x683.jpg 1024w, https:\/\/lbcomunicazione.org\/wp-content\/uploads\/2020\/02\/campane-tibetane-300x200.jpg 300w, https:\/\/lbcomunicazione.org\/wp-content\/uploads\/2020\/02\/campane-tibetane-768x512.jpg 768w, https:\/\/lbcomunicazione.org\/wp-content\/uploads\/2020\/02\/campane-tibetane-520x347.jpg 520w, https:\/\/lbcomunicazione.org\/wp-content\/uploads\/2020\/02\/campane-tibetane.jpg 1152w\" sizes=\"auto, (max-width: 423px) 100vw, 423px\" \/><p id=\"caption-attachment-3676\" class=\"wp-caption-text\"><em>Magia delle campane tibetane e i gong (Il potere terapeutico delle vibrazioni)<\/em><\/p><\/div>\r\n<h3><strong>Magia delle campane tibetane e i gong<\/strong><\/h3>\r\n<p>Mentre Alessandro Valbusa stava preparando i suoi strumenti, da curiosa ho chiesto di provare i gong; ero felice come una bambina!<\/p>\r\n<p>Non vedevo l\u2019ora che Alessandro ci introducesse nel mondo magico dei gong e delle campane tibetane!<\/p>\r\n<p>Alessandro \u00e8 un pranoterapeuta e musicoperapeuta, operatore olistico, istruttore di Reiki e sopratutto un Uomo che tramite le sue mani e la sua voce tranquillizzante riesce a trasmettere quelle vibrazioni che possono farti stare bene (se le vuoi cogliere).<\/p>\r\n<p>Alessandro mi ha detto: \u201cLa nostra societ\u00e0 \u00e8 impostata sul lusso, ma crea stress e disagi per ottenerli e mantenerli&#8230;le tecniche olistiche in genere vanno a creare degli attimi in cui riusciamo a staccarci dalla corsa del possesso\u201d&#8230;infatti, si corre sempre per ottenere e mantenere.<\/p>\r\n<p><br \/>&#8230;e qui ho capito perch\u00e9, tempo fa, ero cos\u00ec attratta dalle storie di un gruppo di amici che facevano escursioni in Nepal, portandomi i racconti, le foto e i sorrisi dei nepalesi!<\/p>\r\n<p>Alessandro ha presentato le sue campane tibetane e i gong, e secondo me ha aperto un nuovo capitolo in tanti di noi, incuriosendo le orecchie e l\u2019anima.<\/p>\r\n<p>&nbsp;<\/p>\r\n<h3><strong>Le vibrazioni!<\/strong><\/h3>\r\n<p>&#8230;Il suono misterioso che, chiudendo gli occhi, ti porta direttamente nelle terre tibetane e per un attimo riesci a sentire quella pace che manca nel caos della nostra quotidianit\u00e0.<\/p>\r\n<p>Ogni campana \u00e8 una storia a s\u00e9 e produce un suono diverso, unico. (<em>Il potere terapeutico delle vibrazioni<\/em>)<\/p>\r\n<p>&nbsp;<\/p>\r\n<div id=\"attachment_3677\" style=\"width: 455px\" class=\"wp-caption alignright\"><img loading=\"lazy\" decoding=\"async\" aria-describedby=\"caption-attachment-3677\" class=\"wp-image-3677\" title=\"Il potere terapeutico delle vibrazioni\" src=\"https:\/\/lbcomunicazione.org\/wp-content\/uploads\/2020\/02\/franco-1024x683.jpg\" alt=\"\" width=\"445\" height=\"297\" srcset=\"https:\/\/lbcomunicazione.org\/wp-content\/uploads\/2020\/02\/franco-1024x683.jpg 1024w, https:\/\/lbcomunicazione.org\/wp-content\/uploads\/2020\/02\/franco-300x200.jpg 300w, https:\/\/lbcomunicazione.org\/wp-content\/uploads\/2020\/02\/franco-768x512.jpg 768w, https:\/\/lbcomunicazione.org\/wp-content\/uploads\/2020\/02\/franco-520x347.jpg 520w, https:\/\/lbcomunicazione.org\/wp-content\/uploads\/2020\/02\/franco.jpg 1152w\" sizes=\"auto, (max-width: 445px) 100vw, 445px\" \/><p id=\"caption-attachment-3677\" class=\"wp-caption-text\"><em>La risata \u00e8 contagiosa!<\/em><\/p><\/div>\r\n<h3><strong>La risata \u00e8 contagiosa!<\/strong><\/h3>\r\n<p>Alla fine della lunga giornata, Franco Barbieri, istruttore di Yoga della risata, ha riempito la sala di risate!<\/p>\r\n<p>Abbiamo riso tanto tutti!<\/p>\r\n<p>Franco ci ha insegnato dei piccoli esercizi da fare, li abbiamo provati insieme e&#8230;c\u2019era da ridere!<\/p>\r\n<p>All&#8217;inizio ti chiedi: \u201ccome si fa a ridere cos\u00ec, dal nulla?\u201d e poi ti stupisci da come \u00e8 possibile farlo!<\/p>\r\n<p>Lo Yoga della risata non \u00e8 per niente banale e facile, bisogna allenarsi per scoprire i potenziali della risata che, una volta scatenati possono aiutarci a superare qualsiasi livello di difficolt\u00e0 o stress. La risata \u00e8 contagiosa e pu\u00f2 aiutare immensamente noi stessi ma anche chi ci sta vicino.<\/p>\r\n<p>\u201cLo Yoga della risata \u00e8 collegato all&#8217;intelligenza emotiva e utilizza tecniche della psicologia positiva con l\u2019unico grande obiettivo di scegliere di essere felici ogni giorno. Ti insegna a ridere anche quando non c&#8217;\u00e8 un reale motivo per farlo e ti insegna ad adottare questa tecnica come strategia per modificare quello che non va, attingendo dalle tue risorse mai espresse\u201d.<\/p>\r\n<p>Provateci! Non vi coster\u00e0 niente, anzi&#8230;vi coster\u00e0 una risata!<\/p>\r\n<p>&nbsp;<\/p>\r\n<div id=\"attachment_3674\" style=\"width: 421px\" class=\"wp-caption alignleft\"><img loading=\"lazy\" decoding=\"async\" aria-describedby=\"caption-attachment-3674\" class=\"wp-image-3674\" title=\"Il potere terapeutico delle vibrazioni\" src=\"https:\/\/lbcomunicazione.org\/wp-content\/uploads\/2020\/02\/arrivederci-1024x683.jpg\" alt=\"\" width=\"411\" height=\"274\" srcset=\"https:\/\/lbcomunicazione.org\/wp-content\/uploads\/2020\/02\/arrivederci-1024x683.jpg 1024w, https:\/\/lbcomunicazione.org\/wp-content\/uploads\/2020\/02\/arrivederci-300x200.jpg 300w, https:\/\/lbcomunicazione.org\/wp-content\/uploads\/2020\/02\/arrivederci-768x512.jpg 768w, https:\/\/lbcomunicazione.org\/wp-content\/uploads\/2020\/02\/arrivederci-520x347.jpg 520w, https:\/\/lbcomunicazione.org\/wp-content\/uploads\/2020\/02\/arrivederci.jpg 1152w\" sizes=\"auto, (max-width: 411px) 100vw, 411px\" \/><p id=\"caption-attachment-3674\" class=\"wp-caption-text\"><em>Grazie e arrivederci alla prossima avventura!<\/em><\/p><\/div>\r\n<h3><strong>Quando qualcosa ti rapisce,<\/strong><\/h3>\r\n<p>dimentichi di avere un orologio sul polso e solamente quando \u00e8 finita, ti rendi conto quanto tempo \u00e8 passato. Si erano fatte le sette di sera quando con un grande applauso abbiamo salutato i relatori, stanchi sulle sedie, ma contenti!<\/p>\r\n<p>Per me \u00e8 stato uno degli eventi pi\u00f9 belli fino ad ora! Le vibrazioni contano tantissimo ma spesso non ce ne rendiamo conto e basta cos\u00ec poco&#8230;<\/p>\r\n<p>Tutti abbiamo bisogno di liberarci dallo stress, di stare bene e la medicina migliore \u00e8 crearsi il proprio rifugio quotidiano, che sia la poesia, la musica, il riallineamento spirituale, le campane tibetane, le risate o ancora meglio, tutte le vibrazioni che abbiamo avuto la fortuna di sentire e percepire durante l\u2019evento!<\/p>\r\n<p><br \/><strong><em>GRAZIE di cuore e col sorriso!<\/em><\/strong><\/p>\r\n<p><em>Ana Martinovic<\/em><\/p>\r\n<p>&nbsp;<\/p>\n\n\n\n\n\n<figure class=\"wp-block-embed-youtube wp-block-embed is-type-video is-provider-youtube wp-embed-aspect-16-9 wp-has-aspect-ratio\"><div class=\"wp-block-embed__wrapper\">\n<div class=\"video-container\"><iframe loading=\"lazy\" title=\"blog TG24 la comunicazione : &quot;  Vibri - amo  Vivi - amo &quot;\" width=\"500\" height=\"281\" src=\"https:\/\/www.youtube.com\/embed\/OV8xblBiNYo?feature=oembed&#038;wmode=opaque\" frameborder=\"0\" allow=\"accelerometer; autoplay; clipboard-write; encrypted-media; gyroscope; picture-in-picture; web-share\" referrerpolicy=\"strict-origin-when-cross-origin\" allowfullscreen><\/iframe><\/div>\n<\/div><\/figure>\n","protected":false},"excerpt":{"rendered":"<p>Tutti abbiamo bisogno di liberarci dallo stress, di stare bene e la medicina migliore \u00e8 crearsi il proprio rifugio quotidiano, che sia la poesia, la musica, il riallineamento spirituale, le campane tibetane, le risate o ancora meglio, tutte le vibrazioni che abbiamo avuto la fortuna di sentire e percepire durante l\u2019evento!<\/p>\n","protected":false},"author":31,"featured_media":3690,"comment_status":"open","ping_status":"closed","sticky":false,"template":"","format":"image","meta":{"_crdt_document":"","footnotes":""},"categories":[11],"tags":[367,142,369,286,134,368,366,370],"class_list":["post-3681","post","type-post","status-publish","format-image","has-post-thumbnail","hentry","category-eventi","tag-432hz","tag-amore","tag-campane-tibetane","tag-mantova","tag-poesie","tag-riallineamento-spirituale","tag-vibrazioni","tag-yoga-della-risata","post_format-post-format-image"],"yoast_head":"<!-- This site is optimized with the Yoast SEO plugin v26.9 - https:\/\/yoast.com\/product\/yoast-seo-wordpress\/ -->\n<title>Il potere terapeutico delle vibrazioni - blog TG24 la comunicazione<\/title>\n<meta name=\"description\" content=\"\u201cVibri-amo Vivi-amo: dalla poesia alla musica, dalla risata alla spiritualit\u00e0...il potere terapeutico delle vibrazioni...\u201d\" \/>\n<meta name=\"robots\" content=\"index, follow, max-snippet:-1, max-image-preview:large, max-video-preview:-1\" \/>\n<link rel=\"canonical\" href=\"https:\/\/lbcomunicazione.org\/index.php\/2020\/02\/23\/il-potere-terapeutico-delle-vibrazioni\/\" \/>\n<meta property=\"og:locale\" content=\"it_IT\" \/>\n<meta property=\"og:type\" content=\"article\" \/>\n<meta property=\"og:title\" content=\"Il potere terapeutico delle vibrazioni - blog TG24 la comunicazione\" \/>\n<meta property=\"og:description\" content=\"\u201cVibri-amo Vivi-amo: dalla poesia alla musica, dalla risata alla spiritualit\u00e0...il potere terapeutico delle vibrazioni...\u201d\" \/>\n<meta property=\"og:url\" content=\"https:\/\/lbcomunicazione.org\/index.php\/2020\/02\/23\/il-potere-terapeutico-delle-vibrazioni\/\" \/>\n<meta property=\"og:site_name\" content=\"blog TG24 la comunicazione\" \/>\n<meta property=\"article:publisher\" content=\"https:\/\/www.facebook.com\/beezzup\/\" \/>\n<meta property=\"article:published_time\" content=\"2020-02-23T15:03:29+00:00\" \/>\n<meta property=\"article:modified_time\" content=\"2020-02-23T15:03:30+00:00\" \/>\n<meta property=\"og:image\" content=\"https:\/\/lbcomunicazione.org\/wp-content\/uploads\/2020\/02\/piano.jpg\" \/>\n\t<meta property=\"og:image:width\" content=\"1152\" \/>\n\t<meta property=\"og:image:height\" content=\"768\" \/>\n\t<meta property=\"og:image:type\" content=\"image\/jpeg\" \/>\n<meta name=\"author\" content=\"Ana Martinovic\" \/>\n<meta name=\"twitter:card\" content=\"summary_large_image\" \/>\n<meta name=\"twitter:creator\" content=\"@beezzup\" \/>\n<meta name=\"twitter:site\" content=\"@beezzup\" \/>\n<meta name=\"twitter:label1\" content=\"Scritto da\" \/>\n\t<meta name=\"twitter:data1\" content=\"Ana Martinovic\" \/>\n\t<meta name=\"twitter:label2\" content=\"Tempo di lettura stimato\" \/>\n\t<meta name=\"twitter:data2\" content=\"8 minuti\" \/>\n<script type=\"application\/ld+json\" class=\"yoast-schema-graph\">{\"@context\":\"https:\/\/schema.org\",\"@graph\":[{\"@type\":\"Article\",\"@id\":\"https:\/\/lbcomunicazione.org\/index.php\/2020\/02\/23\/il-potere-terapeutico-delle-vibrazioni\/#article\",\"isPartOf\":{\"@id\":\"https:\/\/lbcomunicazione.org\/index.php\/2020\/02\/23\/il-potere-terapeutico-delle-vibrazioni\/\"},\"author\":{\"name\":\"Ana Martinovic\",\"@id\":\"https:\/\/lbcomunicazione.org\/#\/schema\/person\/e4a177341ebf118621eac39220872ae2\"},\"headline\":\"Il potere terapeutico delle vibrazioni\",\"datePublished\":\"2020-02-23T15:03:29+00:00\",\"dateModified\":\"2020-02-23T15:03:30+00:00\",\"mainEntityOfPage\":{\"@id\":\"https:\/\/lbcomunicazione.org\/index.php\/2020\/02\/23\/il-potere-terapeutico-delle-vibrazioni\/\"},\"wordCount\":1554,\"commentCount\":1,\"publisher\":{\"@id\":\"https:\/\/lbcomunicazione.org\/#organization\"},\"image\":{\"@id\":\"https:\/\/lbcomunicazione.org\/index.php\/2020\/02\/23\/il-potere-terapeutico-delle-vibrazioni\/#primaryimage\"},\"thumbnailUrl\":\"https:\/\/lbcomunicazione.org\/wp-content\/uploads\/2020\/02\/piano.jpg\",\"keywords\":[\"432Hz\",\"amore\",\"campane tibetane\",\"Mantova\",\"poesie\",\"riallineamento spirituale\",\"vibrazioni\",\"yoga della risata\"],\"articleSection\":[\"eventi\"],\"inLanguage\":\"it-IT\",\"potentialAction\":[{\"@type\":\"CommentAction\",\"name\":\"Comment\",\"target\":[\"https:\/\/lbcomunicazione.org\/index.php\/2020\/02\/23\/il-potere-terapeutico-delle-vibrazioni\/#respond\"]}]},{\"@type\":\"WebPage\",\"@id\":\"https:\/\/lbcomunicazione.org\/index.php\/2020\/02\/23\/il-potere-terapeutico-delle-vibrazioni\/\",\"url\":\"https:\/\/lbcomunicazione.org\/index.php\/2020\/02\/23\/il-potere-terapeutico-delle-vibrazioni\/\",\"name\":\"Il potere terapeutico delle vibrazioni - blog TG24 la comunicazione\",\"isPartOf\":{\"@id\":\"https:\/\/lbcomunicazione.org\/#website\"},\"primaryImageOfPage\":{\"@id\":\"https:\/\/lbcomunicazione.org\/index.php\/2020\/02\/23\/il-potere-terapeutico-delle-vibrazioni\/#primaryimage\"},\"image\":{\"@id\":\"https:\/\/lbcomunicazione.org\/index.php\/2020\/02\/23\/il-potere-terapeutico-delle-vibrazioni\/#primaryimage\"},\"thumbnailUrl\":\"https:\/\/lbcomunicazione.org\/wp-content\/uploads\/2020\/02\/piano.jpg\",\"datePublished\":\"2020-02-23T15:03:29+00:00\",\"dateModified\":\"2020-02-23T15:03:30+00:00\",\"description\":\"\u201cVibri-amo Vivi-amo: dalla poesia alla musica, dalla risata alla spiritualit\u00e0...il potere terapeutico delle vibrazioni...\u201d\",\"breadcrumb\":{\"@id\":\"https:\/\/lbcomunicazione.org\/index.php\/2020\/02\/23\/il-potere-terapeutico-delle-vibrazioni\/#breadcrumb\"},\"inLanguage\":\"it-IT\",\"potentialAction\":[{\"@type\":\"ReadAction\",\"target\":[\"https:\/\/lbcomunicazione.org\/index.php\/2020\/02\/23\/il-potere-terapeutico-delle-vibrazioni\/\"]}]},{\"@type\":\"ImageObject\",\"inLanguage\":\"it-IT\",\"@id\":\"https:\/\/lbcomunicazione.org\/index.php\/2020\/02\/23\/il-potere-terapeutico-delle-vibrazioni\/#primaryimage\",\"url\":\"https:\/\/lbcomunicazione.org\/wp-content\/uploads\/2020\/02\/piano.jpg\",\"contentUrl\":\"https:\/\/lbcomunicazione.org\/wp-content\/uploads\/2020\/02\/piano.jpg\",\"width\":1152,\"height\":768},{\"@type\":\"BreadcrumbList\",\"@id\":\"https:\/\/lbcomunicazione.org\/index.php\/2020\/02\/23\/il-potere-terapeutico-delle-vibrazioni\/#breadcrumb\",\"itemListElement\":[{\"@type\":\"ListItem\",\"position\":1,\"name\":\"Home\",\"item\":\"https:\/\/lbcomunicazione.org\/\"},{\"@type\":\"ListItem\",\"position\":2,\"name\":\"Il potere terapeutico delle vibrazioni\"}]},{\"@type\":\"WebSite\",\"@id\":\"https:\/\/lbcomunicazione.org\/#website\",\"url\":\"https:\/\/lbcomunicazione.org\/\",\"name\":\"blogTG24lacomunicazione.org\",\"description\":\"Siamo una squadra di blogger, che desiderano dare voce a quelle notizie, realt\u00e0, associazioni, che non sono divulgate dai giornali e media\",\"publisher\":{\"@id\":\"https:\/\/lbcomunicazione.org\/#organization\"},\"potentialAction\":[{\"@type\":\"SearchAction\",\"target\":{\"@type\":\"EntryPoint\",\"urlTemplate\":\"https:\/\/lbcomunicazione.org\/?s={search_term_string}\"},\"query-input\":{\"@type\":\"PropertyValueSpecification\",\"valueRequired\":true,\"valueName\":\"search_term_string\"}}],\"inLanguage\":\"it-IT\"},{\"@type\":\"Organization\",\"@id\":\"https:\/\/lbcomunicazione.org\/#organization\",\"name\":\"blogtg24lacomunicazione\",\"url\":\"https:\/\/lbcomunicazione.org\/\",\"logo\":{\"@type\":\"ImageObject\",\"inLanguage\":\"it-IT\",\"@id\":\"https:\/\/lbcomunicazione.org\/#\/schema\/logo\/image\/\",\"url\":\"https:\/\/lbcomunicazione.org\/wp-content\/uploads\/2019\/01\/logo-cfpblogger.jpg\",\"contentUrl\":\"https:\/\/lbcomunicazione.org\/wp-content\/uploads\/2019\/01\/logo-cfpblogger.jpg\",\"width\":680,\"height\":709,\"caption\":\"blogtg24lacomunicazione\"},\"image\":{\"@id\":\"https:\/\/lbcomunicazione.org\/#\/schema\/logo\/image\/\"},\"sameAs\":[\"https:\/\/www.facebook.com\/beezzup\/\",\"https:\/\/x.com\/beezzup\",\"https:\/\/www.instagram.com\/beezzup\/\",\"https:\/\/www.pinterest.it\/beezzup\/\",\"https:\/\/www.youtube.com\/channel\/UCPeEGg5tKdoyOPK--mGE5Yg\"]},{\"@type\":\"Person\",\"@id\":\"https:\/\/lbcomunicazione.org\/#\/schema\/person\/e4a177341ebf118621eac39220872ae2\",\"name\":\"Ana Martinovic\",\"image\":{\"@type\":\"ImageObject\",\"inLanguage\":\"it-IT\",\"@id\":\"https:\/\/lbcomunicazione.org\/#\/schema\/person\/image\/\",\"url\":\"https:\/\/secure.gravatar.com\/avatar\/6b4e3cc6b25873d73d6ba4f4409f7fd021f7261b0c5e73c99bb8390283472f34?s=96&d=mm&r=g\",\"contentUrl\":\"https:\/\/secure.gravatar.com\/avatar\/6b4e3cc6b25873d73d6ba4f4409f7fd021f7261b0c5e73c99bb8390283472f34?s=96&d=mm&r=g\",\"caption\":\"Ana Martinovic\"},\"description\":\"Essere dei Gemelli a volte ti rende la vita difficile, ma di solito le da una marcia e un senso in pi\u00f9! Scrivo da quando ho 12 anni e scrivere per me significa sfruttare le difficolt\u00e0 e la gioia della vita per sfidarla e per lodarla. Mi sento bene quando scrivo, mi sento utile per qualcuno, come per me lo sono stati e lo saranno i pensieri dei grandi scrittori e di chiunque abbia qualcosa da dire al Mondo. Ci vuole amore e coraggio... \u201cTutto \u00e8 possibile, tutto \u00e8 a portata di mano, semplicemente non bisogna arrendersi. \u00c8 difficile finch\u00e9 non ti decidi, tutti gli ostacoli sembrano infiniti, tutte le difficolt\u00e0 sono insormontabili. Ma quando ti allontani da te stesso indeciso, quando vinci il tuo sconforto, ti si aprono percorsi senza precedenti e il mondo non \u00e8 pi\u00f9 angusto ne pieno di minacce\u201d Me\u0161a Selimovi\u0107, scrittore e accademico Jugoslavo *Testo originale: \u201cSve je mogu\u0107e, sve je na dohvat ruke, samo se \u010dovek ne sme predati. Te\u0161ko je dok se ne odlu\u010di\u0161, tada sve prepreke izgledaju neprelazne, sve te\u0161ko\u0107e nesavladive. Ali kad se otkine\u0161 od sebe neodlu\u010dnog, kad pobedi\u0161 svoju malodu\u0161nost, otvore se pred tobom neslu\u0107eni putevi, i svet vi\u0161e nije sku\u010den ni pun pretnji\u201d\",\"url\":\"https:\/\/lbcomunicazione.org\/index.php\/author\/ana-martinovic\/\"}]}<\/script>\n<!-- \/ Yoast SEO plugin. -->","yoast_head_json":{"title":"Il potere terapeutico delle vibrazioni - blog TG24 la comunicazione","description":"\u201cVibri-amo Vivi-amo: dalla poesia alla musica, dalla risata alla spiritualit\u00e0...il potere terapeutico delle vibrazioni...\u201d","robots":{"index":"index","follow":"follow","max-snippet":"max-snippet:-1","max-image-preview":"max-image-preview:large","max-video-preview":"max-video-preview:-1"},"canonical":"https:\/\/lbcomunicazione.org\/index.php\/2020\/02\/23\/il-potere-terapeutico-delle-vibrazioni\/","og_locale":"it_IT","og_type":"article","og_title":"Il potere terapeutico delle vibrazioni - blog TG24 la comunicazione","og_description":"\u201cVibri-amo Vivi-amo: dalla poesia alla musica, dalla risata alla spiritualit\u00e0...il potere terapeutico delle vibrazioni...\u201d","og_url":"https:\/\/lbcomunicazione.org\/index.php\/2020\/02\/23\/il-potere-terapeutico-delle-vibrazioni\/","og_site_name":"blog TG24 la comunicazione","article_publisher":"https:\/\/www.facebook.com\/beezzup\/","article_published_time":"2020-02-23T15:03:29+00:00","article_modified_time":"2020-02-23T15:03:30+00:00","og_image":[{"width":1152,"height":768,"url":"https:\/\/lbcomunicazione.org\/wp-content\/uploads\/2020\/02\/piano.jpg","type":"image\/jpeg"}],"author":"Ana Martinovic","twitter_card":"summary_large_image","twitter_creator":"@beezzup","twitter_site":"@beezzup","twitter_misc":{"Scritto da":"Ana Martinovic","Tempo di lettura stimato":"8 minuti"},"schema":{"@context":"https:\/\/schema.org","@graph":[{"@type":"Article","@id":"https:\/\/lbcomunicazione.org\/index.php\/2020\/02\/23\/il-potere-terapeutico-delle-vibrazioni\/#article","isPartOf":{"@id":"https:\/\/lbcomunicazione.org\/index.php\/2020\/02\/23\/il-potere-terapeutico-delle-vibrazioni\/"},"author":{"name":"Ana Martinovic","@id":"https:\/\/lbcomunicazione.org\/#\/schema\/person\/e4a177341ebf118621eac39220872ae2"},"headline":"Il potere terapeutico delle vibrazioni","datePublished":"2020-02-23T15:03:29+00:00","dateModified":"2020-02-23T15:03:30+00:00","mainEntityOfPage":{"@id":"https:\/\/lbcomunicazione.org\/index.php\/2020\/02\/23\/il-potere-terapeutico-delle-vibrazioni\/"},"wordCount":1554,"commentCount":1,"publisher":{"@id":"https:\/\/lbcomunicazione.org\/#organization"},"image":{"@id":"https:\/\/lbcomunicazione.org\/index.php\/2020\/02\/23\/il-potere-terapeutico-delle-vibrazioni\/#primaryimage"},"thumbnailUrl":"https:\/\/lbcomunicazione.org\/wp-content\/uploads\/2020\/02\/piano.jpg","keywords":["432Hz","amore","campane tibetane","Mantova","poesie","riallineamento spirituale","vibrazioni","yoga della risata"],"articleSection":["eventi"],"inLanguage":"it-IT","potentialAction":[{"@type":"CommentAction","name":"Comment","target":["https:\/\/lbcomunicazione.org\/index.php\/2020\/02\/23\/il-potere-terapeutico-delle-vibrazioni\/#respond"]}]},{"@type":"WebPage","@id":"https:\/\/lbcomunicazione.org\/index.php\/2020\/02\/23\/il-potere-terapeutico-delle-vibrazioni\/","url":"https:\/\/lbcomunicazione.org\/index.php\/2020\/02\/23\/il-potere-terapeutico-delle-vibrazioni\/","name":"Il potere terapeutico delle vibrazioni - blog TG24 la comunicazione","isPartOf":{"@id":"https:\/\/lbcomunicazione.org\/#website"},"primaryImageOfPage":{"@id":"https:\/\/lbcomunicazione.org\/index.php\/2020\/02\/23\/il-potere-terapeutico-delle-vibrazioni\/#primaryimage"},"image":{"@id":"https:\/\/lbcomunicazione.org\/index.php\/2020\/02\/23\/il-potere-terapeutico-delle-vibrazioni\/#primaryimage"},"thumbnailUrl":"https:\/\/lbcomunicazione.org\/wp-content\/uploads\/2020\/02\/piano.jpg","datePublished":"2020-02-23T15:03:29+00:00","dateModified":"2020-02-23T15:03:30+00:00","description":"\u201cVibri-amo Vivi-amo: dalla poesia alla musica, dalla risata alla spiritualit\u00e0...il potere terapeutico delle vibrazioni...\u201d","breadcrumb":{"@id":"https:\/\/lbcomunicazione.org\/index.php\/2020\/02\/23\/il-potere-terapeutico-delle-vibrazioni\/#breadcrumb"},"inLanguage":"it-IT","potentialAction":[{"@type":"ReadAction","target":["https:\/\/lbcomunicazione.org\/index.php\/2020\/02\/23\/il-potere-terapeutico-delle-vibrazioni\/"]}]},{"@type":"ImageObject","inLanguage":"it-IT","@id":"https:\/\/lbcomunicazione.org\/index.php\/2020\/02\/23\/il-potere-terapeutico-delle-vibrazioni\/#primaryimage","url":"https:\/\/lbcomunicazione.org\/wp-content\/uploads\/2020\/02\/piano.jpg","contentUrl":"https:\/\/lbcomunicazione.org\/wp-content\/uploads\/2020\/02\/piano.jpg","width":1152,"height":768},{"@type":"BreadcrumbList","@id":"https:\/\/lbcomunicazione.org\/index.php\/2020\/02\/23\/il-potere-terapeutico-delle-vibrazioni\/#breadcrumb","itemListElement":[{"@type":"ListItem","position":1,"name":"Home","item":"https:\/\/lbcomunicazione.org\/"},{"@type":"ListItem","position":2,"name":"Il potere terapeutico delle vibrazioni"}]},{"@type":"WebSite","@id":"https:\/\/lbcomunicazione.org\/#website","url":"https:\/\/lbcomunicazione.org\/","name":"blogTG24lacomunicazione.org","description":"Siamo una squadra di blogger, che desiderano dare voce a quelle notizie, realt\u00e0, associazioni, che non sono divulgate dai giornali e media","publisher":{"@id":"https:\/\/lbcomunicazione.org\/#organization"},"potentialAction":[{"@type":"SearchAction","target":{"@type":"EntryPoint","urlTemplate":"https:\/\/lbcomunicazione.org\/?s={search_term_string}"},"query-input":{"@type":"PropertyValueSpecification","valueRequired":true,"valueName":"search_term_string"}}],"inLanguage":"it-IT"},{"@type":"Organization","@id":"https:\/\/lbcomunicazione.org\/#organization","name":"blogtg24lacomunicazione","url":"https:\/\/lbcomunicazione.org\/","logo":{"@type":"ImageObject","inLanguage":"it-IT","@id":"https:\/\/lbcomunicazione.org\/#\/schema\/logo\/image\/","url":"https:\/\/lbcomunicazione.org\/wp-content\/uploads\/2019\/01\/logo-cfpblogger.jpg","contentUrl":"https:\/\/lbcomunicazione.org\/wp-content\/uploads\/2019\/01\/logo-cfpblogger.jpg","width":680,"height":709,"caption":"blogtg24lacomunicazione"},"image":{"@id":"https:\/\/lbcomunicazione.org\/#\/schema\/logo\/image\/"},"sameAs":["https:\/\/www.facebook.com\/beezzup\/","https:\/\/x.com\/beezzup","https:\/\/www.instagram.com\/beezzup\/","https:\/\/www.pinterest.it\/beezzup\/","https:\/\/www.youtube.com\/channel\/UCPeEGg5tKdoyOPK--mGE5Yg"]},{"@type":"Person","@id":"https:\/\/lbcomunicazione.org\/#\/schema\/person\/e4a177341ebf118621eac39220872ae2","name":"Ana Martinovic","image":{"@type":"ImageObject","inLanguage":"it-IT","@id":"https:\/\/lbcomunicazione.org\/#\/schema\/person\/image\/","url":"https:\/\/secure.gravatar.com\/avatar\/6b4e3cc6b25873d73d6ba4f4409f7fd021f7261b0c5e73c99bb8390283472f34?s=96&d=mm&r=g","contentUrl":"https:\/\/secure.gravatar.com\/avatar\/6b4e3cc6b25873d73d6ba4f4409f7fd021f7261b0c5e73c99bb8390283472f34?s=96&d=mm&r=g","caption":"Ana Martinovic"},"description":"Essere dei Gemelli a volte ti rende la vita difficile, ma di solito le da una marcia e un senso in pi\u00f9! Scrivo da quando ho 12 anni e scrivere per me significa sfruttare le difficolt\u00e0 e la gioia della vita per sfidarla e per lodarla. Mi sento bene quando scrivo, mi sento utile per qualcuno, come per me lo sono stati e lo saranno i pensieri dei grandi scrittori e di chiunque abbia qualcosa da dire al Mondo. Ci vuole amore e coraggio... \u201cTutto \u00e8 possibile, tutto \u00e8 a portata di mano, semplicemente non bisogna arrendersi. \u00c8 difficile finch\u00e9 non ti decidi, tutti gli ostacoli sembrano infiniti, tutte le difficolt\u00e0 sono insormontabili. Ma quando ti allontani da te stesso indeciso, quando vinci il tuo sconforto, ti si aprono percorsi senza precedenti e il mondo non \u00e8 pi\u00f9 angusto ne pieno di minacce\u201d Me\u0161a Selimovi\u0107, scrittore e accademico Jugoslavo *Testo originale: \u201cSve je mogu\u0107e, sve je na dohvat ruke, samo se \u010dovek ne sme predati. Te\u0161ko je dok se ne odlu\u010di\u0161, tada sve prepreke izgledaju neprelazne, sve te\u0161ko\u0107e nesavladive. Ali kad se otkine\u0161 od sebe neodlu\u010dnog, kad pobedi\u0161 svoju malodu\u0161nost, otvore se pred tobom neslu\u0107eni putevi, i svet vi\u0161e nije sku\u010den ni pun pretnji\u201d","url":"https:\/\/lbcomunicazione.org\/index.php\/author\/ana-martinovic\/"}]}},"_links":{"self":[{"href":"https:\/\/lbcomunicazione.org\/index.php\/wp-json\/wp\/v2\/posts\/3681","targetHints":{"allow":["GET"]}}],"collection":[{"href":"https:\/\/lbcomunicazione.org\/index.php\/wp-json\/wp\/v2\/posts"}],"about":[{"href":"https:\/\/lbcomunicazione.org\/index.php\/wp-json\/wp\/v2\/types\/post"}],"author":[{"embeddable":true,"href":"https:\/\/lbcomunicazione.org\/index.php\/wp-json\/wp\/v2\/users\/31"}],"replies":[{"embeddable":true,"href":"https:\/\/lbcomunicazione.org\/index.php\/wp-json\/wp\/v2\/comments?post=3681"}],"version-history":[{"count":0,"href":"https:\/\/lbcomunicazione.org\/index.php\/wp-json\/wp\/v2\/posts\/3681\/revisions"}],"wp:featuredmedia":[{"embeddable":true,"href":"https:\/\/lbcomunicazione.org\/index.php\/wp-json\/wp\/v2\/media\/3690"}],"wp:attachment":[{"href":"https:\/\/lbcomunicazione.org\/index.php\/wp-json\/wp\/v2\/media?parent=3681"}],"wp:term":[{"taxonomy":"category","embeddable":true,"href":"https:\/\/lbcomunicazione.org\/index.php\/wp-json\/wp\/v2\/categories?post=3681"},{"taxonomy":"post_tag","embeddable":true,"href":"https:\/\/lbcomunicazione.org\/index.php\/wp-json\/wp\/v2\/tags?post=3681"}],"curies":[{"name":"wp","href":"https:\/\/api.w.org\/{rel}","templated":true}]}}