{"id":3552,"date":"2020-02-21T17:03:02","date_gmt":"2020-02-21T16:03:02","guid":{"rendered":"http:\/\/lbcomunicazione.org\/?p=3552"},"modified":"2020-02-21T17:03:04","modified_gmt":"2020-02-21T16:03:04","slug":"teatro-balbo-canelli-apertura","status":"publish","type":"post","link":"https:\/\/lbcomunicazione.org\/index.php\/2020\/02\/21\/teatro-balbo-canelli-apertura\/","title":{"rendered":"Il Teatro Balbo di Canelli ritorna a vivere"},"content":{"rendered":"<p>di <strong>Piero Rattazzo<\/strong><\/p>\n<p>Il <strong>Teatro Balbo<\/strong> a Canelli &#8211; dopo un periodo di chiusura &#8211; riapre finalmente i battenti. Una \u201cstagione teatrale\u201d che lascia intendere che c\u2019\u00e8 e ci sar\u00e0 tanto da vedere, tanto da ridere e da condividere.<\/p>\n<blockquote><p>Un teatro in una citt\u00e0 \u00e8 una presenza fondamentale perch\u00e9 rappresenta un punto di riferimento culturale molto importante, oltre a rendere i cittadini pi\u00f9 uniti.<\/p>\n<p><img loading=\"lazy\" decoding=\"async\" class=\"size-medium wp-image-3559 alignright\" src=\"https:\/\/lbcomunicazione.org\/wp-content\/uploads\/2020\/02\/miseria-e-nobilt\u00e0-immagine-213x300.jpg\" alt=\"\" width=\"213\" height=\"300\" srcset=\"https:\/\/lbcomunicazione.org\/wp-content\/uploads\/2020\/02\/miseria-e-nobilt\u00e0-immagine-213x300.jpg 213w, https:\/\/lbcomunicazione.org\/wp-content\/uploads\/2020\/02\/miseria-e-nobilt\u00e0-immagine.jpg 510w\" sizes=\"auto, (max-width: 213px) 100vw, 213px\" \/><\/p><\/blockquote>\n<p>Sabato abbiamo avuto la possibilit\u00e0 di assistere a <strong>Miseria e Nobilt\u00e0<\/strong>, una commedia che diede vita persino a un film interpretato da Tot\u00f2. La protagonista sul palco \u00e8 stata &#8211; questa volta &#8211; la nota attrice <strong>Margherita Fumero<\/strong> che &#8211; come ha gentilmente detto al pubblico presente &#8211; &#8220;<em>non vede l&#8217;ora di ritornare con la Compagnia Teatrale Masaniello al pi\u00f9 presto a Canelli<\/em>&#8220;.<\/p>\n<h2>Partecipate, partecipiamo!<\/h2>\n<p><strong>Ecco l\u2019elenco delle future rappresentazioni<\/strong>:<\/p>\n<ul>\n<li>VENERD\u00cc 06\/3 \u2013 L\u2019Amore per l\u2019educazione<\/li>\n<li>VENERD\u00cc 20\/3 \u2013 La storia di Cirano<\/li>\n<\/ul>\n<p>Il seguente titolo, invece, \u00e8 un&#8217;opera per i bambini e le famiglie:<\/p>\n<ul>\n<li>DOMENICA 23\/2 -Alice nel paese delle meraviglie ore 17.00<\/li>\n<\/ul>\n<p><img loading=\"lazy\" decoding=\"async\" class=\"size-medium wp-image-3565 alignright\" src=\"https:\/\/lbcomunicazione.org\/wp-content\/uploads\/2020\/02\/compagnia-masaniello-218x300.jpg\" alt=\"\" width=\"218\" height=\"300\" srcset=\"https:\/\/lbcomunicazione.org\/wp-content\/uploads\/2020\/02\/compagnia-masaniello-218x300.jpg 218w, https:\/\/lbcomunicazione.org\/wp-content\/uploads\/2020\/02\/compagnia-masaniello-745x1024.jpg 745w, https:\/\/lbcomunicazione.org\/wp-content\/uploads\/2020\/02\/compagnia-masaniello-768x1056.jpg 768w, https:\/\/lbcomunicazione.org\/wp-content\/uploads\/2020\/02\/compagnia-masaniello-520x715.jpg 520w, https:\/\/lbcomunicazione.org\/wp-content\/uploads\/2020\/02\/compagnia-masaniello.jpg 797w\" sizes=\"auto, (max-width: 218px) 100vw, 218px\" \/><\/p>\n<p><img loading=\"lazy\" decoding=\"async\" class=\"size-medium wp-image-3566 alignleft\" src=\"https:\/\/lbcomunicazione.org\/wp-content\/uploads\/2020\/02\/spettacoli-comp-masaniello-218x300.jpg\" alt=\"\" width=\"218\" height=\"300\" srcset=\"https:\/\/lbcomunicazione.org\/wp-content\/uploads\/2020\/02\/spettacoli-comp-masaniello-218x300.jpg 218w, https:\/\/lbcomunicazione.org\/wp-content\/uploads\/2020\/02\/spettacoli-comp-masaniello-744x1024.jpg 744w, https:\/\/lbcomunicazione.org\/wp-content\/uploads\/2020\/02\/spettacoli-comp-masaniello-768x1057.jpg 768w, https:\/\/lbcomunicazione.org\/wp-content\/uploads\/2020\/02\/spettacoli-comp-masaniello-520x716.jpg 520w, https:\/\/lbcomunicazione.org\/wp-content\/uploads\/2020\/02\/spettacoli-comp-masaniello.jpg 816w\" sizes=\"auto, (max-width: 218px) 100vw, 218px\" \/><\/p>\n<p>&nbsp;<\/p>\n<p>&nbsp;<\/p>\n<p style=\"text-align: center\"><strong>Per prenotazioni:<\/strong> cell. 3334519755<\/p>\n<p style=\"text-align: center\">mail <a href=\"mailto:teatrobalbocanelli@gmail.com\" target=\"_blank\" rel=\"noopener noreferrer\">teatrobalbocanelli@gmail.com<\/a><\/p>\n<p>&nbsp;<\/p>\n<p style=\"text-align: center\">[revisione di <strong>Silvia Ponzio<\/strong>]<\/p>\n","protected":false},"excerpt":{"rendered":"<p>Il Teatro Balbo a Canelli, dopo un periodo di chiusura, torna a vivere: una \u201cstagione teatrale\u201d che lascia intendere che c\u2019\u00e8 e ci sar\u00e0 tanto da vedere<\/p>\n","protected":false},"author":37,"featured_media":3562,"comment_status":"open","ping_status":"closed","sticky":false,"template":"","format":"image","meta":{"footnotes":""},"categories":[26],"tags":[360,359],"class_list":["post-3552","post","type-post","status-publish","format-image","has-post-thumbnail","hentry","category-cinema-e-teatro","tag-canelli","tag-teatro-balbo","post_format-post-format-image"],"_links":{"self":[{"href":"https:\/\/lbcomunicazione.org\/index.php\/wp-json\/wp\/v2\/posts\/3552","targetHints":{"allow":["GET"]}}],"collection":[{"href":"https:\/\/lbcomunicazione.org\/index.php\/wp-json\/wp\/v2\/posts"}],"about":[{"href":"https:\/\/lbcomunicazione.org\/index.php\/wp-json\/wp\/v2\/types\/post"}],"author":[{"embeddable":true,"href":"https:\/\/lbcomunicazione.org\/index.php\/wp-json\/wp\/v2\/users\/37"}],"replies":[{"embeddable":true,"href":"https:\/\/lbcomunicazione.org\/index.php\/wp-json\/wp\/v2\/comments?post=3552"}],"version-history":[{"count":0,"href":"https:\/\/lbcomunicazione.org\/index.php\/wp-json\/wp\/v2\/posts\/3552\/revisions"}],"wp:featuredmedia":[{"embeddable":true,"href":"https:\/\/lbcomunicazione.org\/index.php\/wp-json\/wp\/v2\/media\/3562"}],"wp:attachment":[{"href":"https:\/\/lbcomunicazione.org\/index.php\/wp-json\/wp\/v2\/media?parent=3552"}],"wp:term":[{"taxonomy":"category","embeddable":true,"href":"https:\/\/lbcomunicazione.org\/index.php\/wp-json\/wp\/v2\/categories?post=3552"},{"taxonomy":"post_tag","embeddable":true,"href":"https:\/\/lbcomunicazione.org\/index.php\/wp-json\/wp\/v2\/tags?post=3552"}],"curies":[{"name":"wp","href":"https:\/\/api.w.org\/{rel}","templated":true}]}}