{"id":3531,"date":"2020-02-17T22:04:17","date_gmt":"2020-02-17T21:04:17","guid":{"rendered":"http:\/\/lbcomunicazione.org\/?p=3531"},"modified":"2020-09-07T22:16:00","modified_gmt":"2020-09-07T21:16:00","slug":"il-bene-e-il-malela-separazione","status":"publish","type":"post","link":"https:\/\/lbcomunicazione.org\/index.php\/2020\/02\/17\/il-bene-e-il-malela-separazione\/","title":{"rendered":"Il Bene E Il Male\u2026La Separazione!!"},"content":{"rendered":"<p><strong>Di Maria Diana<\/strong><\/p>\n<p>Com\u2019\u00e8 possibile che il <strong>bene<\/strong> e il <strong>male<\/strong> possano essere stati un tempo uniti quando stiamo parlando di due figure completamente opposte tra di loro, praticamente incompatibili?<!--more--><\/p>\n<h2>Il Bene E Il Male\u2026La Separazione!!!<\/h2>\n<div id=\"attachment_3543\" style=\"width: 310px\" class=\"wp-caption alignleft\"><img loading=\"lazy\" decoding=\"async\" aria-describedby=\"caption-attachment-3543\" class=\"wp-image-3543 size-medium\" src=\"https:\/\/lbcomunicazione.org\/wp-content\/uploads\/2020\/02\/polarization-1201698_1920-300x232.jpg\" alt=\"\" width=\"300\" height=\"232\" srcset=\"https:\/\/lbcomunicazione.org\/wp-content\/uploads\/2020\/02\/polarization-1201698_1920-300x232.jpg 300w, https:\/\/lbcomunicazione.org\/wp-content\/uploads\/2020\/02\/polarization-1201698_1920-1024x791.jpg 1024w, https:\/\/lbcomunicazione.org\/wp-content\/uploads\/2020\/02\/polarization-1201698_1920-768x593.jpg 768w, https:\/\/lbcomunicazione.org\/wp-content\/uploads\/2020\/02\/polarization-1201698_1920-1536x1186.jpg 1536w, https:\/\/lbcomunicazione.org\/wp-content\/uploads\/2020\/02\/polarization-1201698_1920-520x402.jpg 520w, https:\/\/lbcomunicazione.org\/wp-content\/uploads\/2020\/02\/polarization-1201698_1920.jpg 1920w\" sizes=\"auto, (max-width: 300px) 100vw, 300px\" \/><p id=\"caption-attachment-3543\" class=\"wp-caption-text\">Il bene e il male, due figure opposte&#8230;<\/p><\/div>\n<p>Come prima riflessione riconosco in questa citazione una separazione, una divisione, qualcosa che si \u00e8 rotto e che fa fatica a ricongiungersi\u2026.<\/p>\n<p>Com\u2019\u00e8 possibile che il <strong>bene<\/strong> e il <strong>male<\/strong> possano essere stati un tempo uniti quando stiamo parlando di due figure completamente opposte tra di loro, praticamente incompatibili?<\/p>\n<p>Da quel momento, da quella frattura sono iniziati i conflitti, le sofferenze, lo squilibrio\u2026.<br \/>\nEsattamente: lo squilibrio, e qui si racchiude il segreto, il nocciolo della questione.<\/p>\n<h2>Riflettiamo sulla nostra natura umana&#8230;<\/h2>\n<div id=\"attachment_3544\" style=\"width: 310px\" class=\"wp-caption alignright\"><img loading=\"lazy\" decoding=\"async\" aria-describedby=\"caption-attachment-3544\" class=\"wp-image-3544 size-medium\" src=\"https:\/\/lbcomunicazione.org\/wp-content\/uploads\/2020\/02\/chain-1623322_1920-300x180.jpg\" alt=\"\" width=\"300\" height=\"180\" srcset=\"https:\/\/lbcomunicazione.org\/wp-content\/uploads\/2020\/02\/chain-1623322_1920-300x180.jpg 300w, https:\/\/lbcomunicazione.org\/wp-content\/uploads\/2020\/02\/chain-1623322_1920-1024x614.jpg 1024w, https:\/\/lbcomunicazione.org\/wp-content\/uploads\/2020\/02\/chain-1623322_1920-768x461.jpg 768w, https:\/\/lbcomunicazione.org\/wp-content\/uploads\/2020\/02\/chain-1623322_1920-1536x922.jpg 1536w, https:\/\/lbcomunicazione.org\/wp-content\/uploads\/2020\/02\/chain-1623322_1920-520x312.jpg 520w, https:\/\/lbcomunicazione.org\/wp-content\/uploads\/2020\/02\/chain-1623322_1920.jpg 1920w\" sizes=\"auto, (max-width: 300px) 100vw, 300px\" \/><p id=\"caption-attachment-3544\" class=\"wp-caption-text\">Una frattura che ha determinato la svolta&#8230;<\/p><\/div>\n<p>Riflettiamo su di noi, sulla nostra natura umana, sulla divisione che \u00e8 insita in noi, divisione che ci crea non pochi conflitti.<\/p>\n<blockquote><p>Trattare un argomento di questo tipo in poche righe di un articolo non \u00e8 semplice, ma prover\u00f2 a darvi qualche spunto sul quale riflettere.<\/p><\/blockquote>\n<p>Il <strong>bene<\/strong> e il <strong>male<\/strong> sembra che siano sempre esistiti, ma non \u00e8 cos\u00ec: anche nella Bibbia si pu\u00f2 leggere che all\u2019inizio tutto era perfetto.<br \/>\nAd un tratto si \u00e8 creata questa frattura, causata da un allontanamento.<br \/>\nLa Bibbia ci dice che l\u2019allontanamento \u00e8 stato fra l\u2019uomo e Dio\u2026<\/p>\n<h2>Ci sono molte definizioni di Dio&#8230;<\/h2>\n<div id=\"attachment_3545\" style=\"width: 215px\" class=\"wp-caption alignleft\"><img loading=\"lazy\" decoding=\"async\" aria-describedby=\"caption-attachment-3545\" class=\"wp-image-3545 size-medium\" src=\"https:\/\/lbcomunicazione.org\/wp-content\/uploads\/2020\/02\/fantasy-4638284_1920-205x300.jpg\" alt=\"\" width=\"205\" height=\"300\" srcset=\"https:\/\/lbcomunicazione.org\/wp-content\/uploads\/2020\/02\/fantasy-4638284_1920-205x300.jpg 205w, https:\/\/lbcomunicazione.org\/wp-content\/uploads\/2020\/02\/fantasy-4638284_1920-700x1024.jpg 700w, https:\/\/lbcomunicazione.org\/wp-content\/uploads\/2020\/02\/fantasy-4638284_1920-768x1124.jpg 768w, https:\/\/lbcomunicazione.org\/wp-content\/uploads\/2020\/02\/fantasy-4638284_1920-1050x1536.jpg 1050w, https:\/\/lbcomunicazione.org\/wp-content\/uploads\/2020\/02\/fantasy-4638284_1920-520x761.jpg 520w, https:\/\/lbcomunicazione.org\/wp-content\/uploads\/2020\/02\/fantasy-4638284_1920.jpg 1312w\" sizes=\"auto, (max-width: 205px) 100vw, 205px\" \/><p id=\"caption-attachment-3545\" class=\"wp-caption-text\">Tutto parte da dentro di noi&#8230;<\/p><\/div>\n<p>Oggi come oggi, ci sono molte definizioni di Dio e molti modi per ricercarlo, ma uno dei passaggi pi\u00f9 dispersivi \u00e8 cercarlo in una chiesa o da qualche parte, senza fermarsi a interiorizzare, a comprendere che l\u2019equilibrio perso \u00e8 soprattutto un equilibrio che ha origine all\u2019interno di noi, dentro il nostro stesso essere.<br \/>\nSe riflettiamo bene, oggi come oggi, dove possiamo ritrovare l\u2019equilibrio perduto?<br \/>\nLo possiamo ritrovare SOLO DENTRO DI NOI!!!<\/p>\n<p>Questo \u00e8 un aspetto molto importante da capire.<br \/>\nOgni conflitto, ogni guerra, ogni dolore \u00e8 partito da noi, da ognuno di noi, da DENTRO DI NOI!!!<\/p>\n<h2><\/h2>\n<h2>Il riflesso del bene e del male&#8230;<\/h2>\n<div id=\"attachment_3550\" style=\"width: 310px\" class=\"wp-caption alignright\"><img loading=\"lazy\" decoding=\"async\" aria-describedby=\"caption-attachment-3550\" class=\"wp-image-3550 size-medium\" src=\"https:\/\/lbcomunicazione.org\/wp-content\/uploads\/2020\/02\/angel-1384694_1920-300x300.png\" alt=\"\" width=\"300\" height=\"300\" srcset=\"https:\/\/lbcomunicazione.org\/wp-content\/uploads\/2020\/02\/angel-1384694_1920-300x300.png 300w, https:\/\/lbcomunicazione.org\/wp-content\/uploads\/2020\/02\/angel-1384694_1920-1024x1024.png 1024w, https:\/\/lbcomunicazione.org\/wp-content\/uploads\/2020\/02\/angel-1384694_1920-150x150.png 150w, https:\/\/lbcomunicazione.org\/wp-content\/uploads\/2020\/02\/angel-1384694_1920-768x768.png 768w, https:\/\/lbcomunicazione.org\/wp-content\/uploads\/2020\/02\/angel-1384694_1920-1536x1536.png 1536w, https:\/\/lbcomunicazione.org\/wp-content\/uploads\/2020\/02\/angel-1384694_1920-160x160.png 160w, https:\/\/lbcomunicazione.org\/wp-content\/uploads\/2020\/02\/angel-1384694_1920-320x320.png 320w, https:\/\/lbcomunicazione.org\/wp-content\/uploads\/2020\/02\/angel-1384694_1920-520x520.png 520w, https:\/\/lbcomunicazione.org\/wp-content\/uploads\/2020\/02\/angel-1384694_1920.png 1920w\" sizes=\"auto, (max-width: 300px) 100vw, 300px\" \/><p id=\"caption-attachment-3550\" class=\"wp-caption-text\">Un riflesso di separazione&#8230;<\/p><\/div>\n<p>Nella separazione si \u00e8 creato questo riflesso del bene e del male, credendo che il <strong>bene<\/strong> possa salvare il mondo\u2026<br \/>\nMa cos\u2019\u00e8 veramente il <strong>bene<\/strong>? E\u2019 veramente ci\u00f2 che pensiamo? E\u2019 veramente mancanza di <strong>male<\/strong>?<br \/>\nE il <strong>male<\/strong> \u00e8 mancanza di <strong>bene<\/strong>?<\/p>\n<p>Come possiamo distinguere il <strong>bene<\/strong> dal <strong>male<\/strong>?<br \/>\nQuante volte credendo di fare del <strong>bene,<\/strong> si \u00e8 fatto del <strong>male<\/strong> e viceversa?<br \/>\nNon vi sembra che ci sia un po\u2019 di confusione?<br \/>\nNon vi sembra che tutto ci\u00f2 ha lo scopo di portare alla separazione tra le persone?<br \/>\nGiudizio, critica ecc\u2026.da quale fonte provengono?<br \/>\nProvengono dalla conoscenza del <strong>bene<\/strong> e del <strong>male<\/strong> che ognuno di noi CREDE DI AVERE!!!<br \/>\nSenso di superiorit\u00e0 o di inferiorit\u00e0, disperazione, tutti conflitti che separano, che indeboliscono, che fanno parte del nostro stesso squilibrio interiore!!!<\/p>\n<h2>Come rimediare..?<\/h2>\n<div id=\"attachment_3546\" style=\"width: 310px\" class=\"wp-caption alignleft\"><img loading=\"lazy\" decoding=\"async\" aria-describedby=\"caption-attachment-3546\" class=\"wp-image-3546 size-medium\" src=\"https:\/\/lbcomunicazione.org\/wp-content\/uploads\/2020\/02\/dualism-597093_1920-300x199.jpg\" alt=\"\" width=\"300\" height=\"199\" srcset=\"https:\/\/lbcomunicazione.org\/wp-content\/uploads\/2020\/02\/dualism-597093_1920-300x199.jpg 300w, https:\/\/lbcomunicazione.org\/wp-content\/uploads\/2020\/02\/dualism-597093_1920-1024x680.jpg 1024w, https:\/\/lbcomunicazione.org\/wp-content\/uploads\/2020\/02\/dualism-597093_1920-768x510.jpg 768w, https:\/\/lbcomunicazione.org\/wp-content\/uploads\/2020\/02\/dualism-597093_1920-1536x1020.jpg 1536w, https:\/\/lbcomunicazione.org\/wp-content\/uploads\/2020\/02\/dualism-597093_1920-520x345.jpg 520w, https:\/\/lbcomunicazione.org\/wp-content\/uploads\/2020\/02\/dualism-597093_1920.jpg 1920w\" sizes=\"auto, (max-width: 300px) 100vw, 300px\" \/><p id=\"caption-attachment-3546\" class=\"wp-caption-text\">Il dualismo che separa&#8230;<\/p><\/div>\n<p>Come si pu\u00f2 porre rimedio a tutto ci\u00f2?<br \/>\nAnche perch\u00e9 porvi rimedio significa uscire da questo ciclo di dolore, di separazione, di conflitto anche esteriore, guerre comprese.<\/p>\n<p>Quando si dice che viviamo nella nebbia, l\u2019aspetto determinante \u00e8 proprio il vivere nel dualismo, nel quale il <strong>bene<\/strong> e il <strong>male<\/strong> sono separati.<\/p>\n<p>La nostra natura si comporta in modo da abituarsi facilmente a questa separazione, vedendola come una cosa che fa parte della vita.<\/p>\n<h2>Impariamo ad osservare&#8230;<\/h2>\n<div id=\"attachment_3547\" style=\"width: 310px\" class=\"wp-caption alignright\"><img loading=\"lazy\" decoding=\"async\" aria-describedby=\"caption-attachment-3547\" class=\"wp-image-3547 size-medium\" src=\"https:\/\/lbcomunicazione.org\/wp-content\/uploads\/2020\/02\/physics-3871218_1920-300x200.jpg\" alt=\"\" width=\"300\" height=\"200\" srcset=\"https:\/\/lbcomunicazione.org\/wp-content\/uploads\/2020\/02\/physics-3871218_1920-300x200.jpg 300w, https:\/\/lbcomunicazione.org\/wp-content\/uploads\/2020\/02\/physics-3871218_1920-1024x683.jpg 1024w, https:\/\/lbcomunicazione.org\/wp-content\/uploads\/2020\/02\/physics-3871218_1920-768x512.jpg 768w, https:\/\/lbcomunicazione.org\/wp-content\/uploads\/2020\/02\/physics-3871218_1920-1536x1024.jpg 1536w, https:\/\/lbcomunicazione.org\/wp-content\/uploads\/2020\/02\/physics-3871218_1920-520x347.jpg 520w, https:\/\/lbcomunicazione.org\/wp-content\/uploads\/2020\/02\/physics-3871218_1920.jpg 1920w\" sizes=\"auto, (max-width: 300px) 100vw, 300px\" \/><p id=\"caption-attachment-3547\" class=\"wp-caption-text\">L&#8217;amore ci porta ad uscire dal dualismo&#8230;<\/p><\/div>\n<blockquote><p>Se impariamo ad osservare ad esempio il nostro stesso corpo, ci possiamo rendere conto che \u00e8 composto da elementi \u201c<em>opposti<\/em>\u201d, e per essere formato e in equilibrio ha necessit\u00e0 di unire in qualche modo delle sostanze che, se prese singolarmente, non servirebbero a nulla\u2026<br \/>\nLa stessa creazione \u00e8 composta da elementi \u201c<em>opposti<\/em>\u201d, un insieme di nuclei, atomi, ecc\u2026.che messi insieme danno la vita.<br \/>\nPresi singolarmente non servono, ma uniti in un determinato modo danno il via ad un vero e proprio processo vitale, ad una vera e propria meraviglia.<\/p><\/blockquote>\n<p>Noi stessi siamo in qualche modo alla ricerca dell\u2019anima gemella. di qualcuno con il quale condividere sia i nostri pregi che i nostri difetti.<br \/>\nMa anche qui si cade in un tranello, perch\u00e9 l\u2019anima gemella non \u00e8 altro che lo specchio perfetto per riconoscere la nostra separazione dal nostro <strong>S\u00e8<\/strong>, dalla <strong>Coscienza<\/strong>, da quella <strong>Unit\u00e0<\/strong> che \u00e8 nascosta in questa nebbia che ci avvolge.<br \/>\nInfatti, cosa meglio dell\u2019amore come strumento per ricongiungerci a noi? Per uscire dal dualismo?<\/p>\n<h2>Il miracolo della vita&#8230;<\/h2>\n<div id=\"attachment_3549\" style=\"width: 310px\" class=\"wp-caption alignleft\"><img loading=\"lazy\" decoding=\"async\" aria-describedby=\"caption-attachment-3549\" class=\"wp-image-3549 size-medium\" src=\"https:\/\/lbcomunicazione.org\/wp-content\/uploads\/2020\/02\/meditation-3963013_1920-300x229.jpg\" alt=\"\" width=\"300\" height=\"229\" srcset=\"https:\/\/lbcomunicazione.org\/wp-content\/uploads\/2020\/02\/meditation-3963013_1920-300x229.jpg 300w, https:\/\/lbcomunicazione.org\/wp-content\/uploads\/2020\/02\/meditation-3963013_1920-1024x780.jpg 1024w, https:\/\/lbcomunicazione.org\/wp-content\/uploads\/2020\/02\/meditation-3963013_1920-768x585.jpg 768w, https:\/\/lbcomunicazione.org\/wp-content\/uploads\/2020\/02\/meditation-3963013_1920-1536x1170.jpg 1536w, https:\/\/lbcomunicazione.org\/wp-content\/uploads\/2020\/02\/meditation-3963013_1920-520x396.jpg 520w, https:\/\/lbcomunicazione.org\/wp-content\/uploads\/2020\/02\/meditation-3963013_1920.jpg 1920w\" sizes=\"auto, (max-width: 300px) 100vw, 300px\" \/><p id=\"caption-attachment-3549\" class=\"wp-caption-text\">L&#8217;unit\u00e0 armonica degli opposti crea il miracolo&#8230;<\/p><\/div>\n<p><em>Allora possiamo pensare ad un mondo di solo <strong>bene<\/strong> o di solo <strong>male<\/strong>?<\/em><br \/>\n<em>Non \u00e8 possibile, perch\u00e9 il miracolo della vita \u00e8 proprio questa unione degli opposti, e ci\u00f2 che fa la differenza \u00e8 il loro equilibrio, la stabilit\u00e0, l\u2019unit\u00e0 armonica.<\/em><\/p>\n<h3>Tutto ci\u00f2 che ci porta a confrontarci con noi stessi, \u00e8 il benvenuto per la nostra interiorizzazione.<\/h3>\n<p><em>Quando siamo innamorati, riusciamo a scavalcare determinati ostacoli che, altrimenti, non vogliamo assolutamente affrontare.<\/em><\/p>\n<p>Si ha bisogno sempre di una \u201c<em>spinta<\/em>\u201d per capire che la vita che viviamo non \u00e8 una vita naturale, utile ad essere degna di essere vissuta, ma sta diventando una vita sterile e vuota.<\/p>\n<h2>Risolvere il problema alla radice&#8230;<\/h2>\n<p><strong>Perch\u00e9 meravigliarsi allora di tutta la disperazione che c\u2019\u00e8 nel mondo?<\/strong><\/p>\n<div id=\"attachment_3548\" style=\"width: 310px\" class=\"wp-caption alignright\"><img loading=\"lazy\" decoding=\"async\" aria-describedby=\"caption-attachment-3548\" class=\"wp-image-3548 size-medium\" src=\"https:\/\/lbcomunicazione.org\/wp-content\/uploads\/2020\/02\/sorrow-699608_1920-300x300.jpg\" alt=\"\" width=\"300\" height=\"300\" srcset=\"https:\/\/lbcomunicazione.org\/wp-content\/uploads\/2020\/02\/sorrow-699608_1920-300x300.jpg 300w, https:\/\/lbcomunicazione.org\/wp-content\/uploads\/2020\/02\/sorrow-699608_1920-1024x1024.jpg 1024w, https:\/\/lbcomunicazione.org\/wp-content\/uploads\/2020\/02\/sorrow-699608_1920-150x150.jpg 150w, https:\/\/lbcomunicazione.org\/wp-content\/uploads\/2020\/02\/sorrow-699608_1920-768x768.jpg 768w, https:\/\/lbcomunicazione.org\/wp-content\/uploads\/2020\/02\/sorrow-699608_1920-1536x1536.jpg 1536w, https:\/\/lbcomunicazione.org\/wp-content\/uploads\/2020\/02\/sorrow-699608_1920-160x160.jpg 160w, https:\/\/lbcomunicazione.org\/wp-content\/uploads\/2020\/02\/sorrow-699608_1920-320x320.jpg 320w, https:\/\/lbcomunicazione.org\/wp-content\/uploads\/2020\/02\/sorrow-699608_1920-520x520.jpg 520w, https:\/\/lbcomunicazione.org\/wp-content\/uploads\/2020\/02\/sorrow-699608_1920.jpg 1920w\" sizes=\"auto, (max-width: 300px) 100vw, 300px\" \/><p id=\"caption-attachment-3548\" class=\"wp-caption-text\">La soluzione \u00e8 dentro di noi&#8230;<\/p><\/div>\n<blockquote><p>Se accettiamo questo dualismo, accettiamo anche tutto ci\u00f2 che ne consegue e che sta in continuazione degenerando.<br \/>\nIo sono per risolvere il problema alla radice, e la radice la troviamo dentro di noi, non fuori.<br \/>\nLa responsabilit\u00e0 \u00e8 nostra, solo nostra della realt\u00e0 che stiamo vivendo e del dolore che generiamo agli altri esseri viventi di questo pianeta.<\/p><\/blockquote>\n<p>Se impariamo ad osservarci, possiamo renderci conto di come siamo separati da noi stessi, di come tutto ci\u00f2 che pensiamo e che facciamo, \u00e8 come se lo facesse un\u2019altra persona, non noi.<\/p>\n<p><strong>Non vogliamo prenderci la responsabilit\u00e0 di cambiare radicalmente.<\/strong><\/p>\n<p>Fateci caso, provateci\u2026.questo potrebbe essere un inizio per vedere la propria vita con occhi nuovi, e portare in noi il desiderio di ritrovare quell\u2019unit\u00e0 perduta.<\/p>\n<p>Se ti \u00e8 piaciuto l\u2019articolo puoi condividerne altri a questi link:<\/p>\n<p><a href=\"https:\/\/lbcomunicazione.org\/index.php\/author\/maria\/\">https:\/\/lbcomunicazione.org\/index.php\/author\/maria\/\u00a0\u00a0\u00a0\u00a0\u00a0\u00a0<\/a><br \/>\n<a href=\"https:\/\/lbcomunicazione.org\/index.php\/pittricediparole\/\">https:\/\/lbcomunicazione.org\/index.php\/pittricediparole\/<\/a><\/p>\n","protected":false},"excerpt":{"rendered":"<p>Di Maria Diana Com\u2019\u00e8 possibile che il bene e il male possano essere stati un tempo uniti quando stiamo parlando di due figure completamente opposte tra di loro, praticamente incompatibili?<\/p>\n","protected":false},"author":12,"featured_media":3542,"comment_status":"open","ping_status":"closed","sticky":false,"template":"","format":"image","meta":{"footnotes":""},"categories":[181],"tags":[357,358],"class_list":["post-3531","post","type-post","status-publish","format-image","has-post-thumbnail","hentry","category-riflessioni","tag-bene-e-male","tag-separazione","post_format-post-format-image"],"_links":{"self":[{"href":"https:\/\/lbcomunicazione.org\/index.php\/wp-json\/wp\/v2\/posts\/3531","targetHints":{"allow":["GET"]}}],"collection":[{"href":"https:\/\/lbcomunicazione.org\/index.php\/wp-json\/wp\/v2\/posts"}],"about":[{"href":"https:\/\/lbcomunicazione.org\/index.php\/wp-json\/wp\/v2\/types\/post"}],"author":[{"embeddable":true,"href":"https:\/\/lbcomunicazione.org\/index.php\/wp-json\/wp\/v2\/users\/12"}],"replies":[{"embeddable":true,"href":"https:\/\/lbcomunicazione.org\/index.php\/wp-json\/wp\/v2\/comments?post=3531"}],"version-history":[{"count":0,"href":"https:\/\/lbcomunicazione.org\/index.php\/wp-json\/wp\/v2\/posts\/3531\/revisions"}],"wp:featuredmedia":[{"embeddable":true,"href":"https:\/\/lbcomunicazione.org\/index.php\/wp-json\/wp\/v2\/media\/3542"}],"wp:attachment":[{"href":"https:\/\/lbcomunicazione.org\/index.php\/wp-json\/wp\/v2\/media?parent=3531"}],"wp:term":[{"taxonomy":"category","embeddable":true,"href":"https:\/\/lbcomunicazione.org\/index.php\/wp-json\/wp\/v2\/categories?post=3531"},{"taxonomy":"post_tag","embeddable":true,"href":"https:\/\/lbcomunicazione.org\/index.php\/wp-json\/wp\/v2\/tags?post=3531"}],"curies":[{"name":"wp","href":"https:\/\/api.w.org\/{rel}","templated":true}]}}