{"id":3399,"date":"2020-02-17T13:27:53","date_gmt":"2020-02-17T12:27:53","guid":{"rendered":"http:\/\/lbcomunicazione.org\/?p=3399"},"modified":"2020-02-17T22:11:12","modified_gmt":"2020-02-17T21:11:12","slug":"il-conflitto-interiore-un-caro-amico","status":"publish","type":"post","link":"https:\/\/lbcomunicazione.org\/index.php\/2020\/02\/17\/il-conflitto-interiore-un-caro-amico\/","title":{"rendered":"Il Conflitto Interiore, Un Caro Amico\u2026"},"content":{"rendered":"<div class=\"video-container\"><iframe loading=\"lazy\" title=\"blog TG24 la comunicazione : &quot; Il Conflitto Interiore, Un Caro Amico... &quot;\" width=\"500\" height=\"281\" src=\"https:\/\/www.youtube.com\/embed\/Wxmc-nqMLCU?feature=oembed&#038;wmode=opaque\" frameborder=\"0\" allow=\"accelerometer; autoplay; clipboard-write; encrypted-media; gyroscope; picture-in-picture; web-share\" referrerpolicy=\"strict-origin-when-cross-origin\" allowfullscreen><\/iframe><\/div>\n<p>&nbsp;<\/p>\n<p>&#8220;<em>L&#8217;uomo muore con le armi in pugno. Quando ami davvero senti svanire ogni conflitto interiore. Non vi \u00e8 progresso senza conflitto: questa \u00e8 la legge che la civilt\u00e0 ha seguito fino ai nostri giorni. I conflitti nel mondo sono lo specchio dei nostri conflitti interni irrisolti<\/em>. (aforisticamente.com)<!--more--><\/p>\n<h2>Un caro amico?<\/h2>\n<div id=\"attachment_3402\" style=\"width: 310px\" class=\"wp-caption alignleft\"><img loading=\"lazy\" decoding=\"async\" aria-describedby=\"caption-attachment-3402\" class=\"wp-image-3402 size-medium\" src=\"https:\/\/lbcomunicazione.org\/wp-content\/uploads\/2020\/02\/woman-1913737_1920-300x203.jpg\" alt=\"\" width=\"300\" height=\"203\" srcset=\"https:\/\/lbcomunicazione.org\/wp-content\/uploads\/2020\/02\/woman-1913737_1920-300x203.jpg 300w, https:\/\/lbcomunicazione.org\/wp-content\/uploads\/2020\/02\/woman-1913737_1920-1024x692.jpg 1024w, https:\/\/lbcomunicazione.org\/wp-content\/uploads\/2020\/02\/woman-1913737_1920-768x519.jpg 768w, https:\/\/lbcomunicazione.org\/wp-content\/uploads\/2020\/02\/woman-1913737_1920-1536x1038.jpg 1536w, https:\/\/lbcomunicazione.org\/wp-content\/uploads\/2020\/02\/woman-1913737_1920-520x351.jpg 520w, https:\/\/lbcomunicazione.org\/wp-content\/uploads\/2020\/02\/woman-1913737_1920.jpg 1920w\" sizes=\"auto, (max-width: 300px) 100vw, 300px\" \/><p id=\"caption-attachment-3402\" class=\"wp-caption-text\">Come pu\u00f2 il conflitto essere un amico?<\/p><\/div>\n<h3>E\u2019 veramente un caro amico il conflitto che ci fa vivere momenti di agitazione e di instabilit\u00e0 emotiva?<\/h3>\n<p>Guardiamolo insieme\u2026<\/p>\n<p>C\u2019\u00e8 una grande ricerca di sincerit\u00e0, di luce, anche da parte di molti giovani bench\u00e9 possa non vedersi subito, ma c\u2019\u00e8\u2026<\/p>\n<p>Il conflitto interiore \u00e8 un mezzo per mantenere vivo il desiderio di vita, di calore, di rimanere in qualche modo svegli.<\/p>\n<h3>Perch\u00e9 svegli?<\/h3>\n<p>Perch\u00e9 in questo mondo ci sono molte trappole che portano ad addormentare le persone, a farle cadere nell\u2019oblio\u2026<\/p>\n<h2>Porsi delle domande&#8230;<\/h2>\n<div id=\"attachment_3403\" style=\"width: 310px\" class=\"wp-caption alignright\"><img loading=\"lazy\" decoding=\"async\" aria-describedby=\"caption-attachment-3403\" class=\"wp-image-3403 size-medium\" src=\"https:\/\/lbcomunicazione.org\/wp-content\/uploads\/2020\/02\/girl-3421489_1920-300x200.jpg\" alt=\"\" width=\"300\" height=\"200\" srcset=\"https:\/\/lbcomunicazione.org\/wp-content\/uploads\/2020\/02\/girl-3421489_1920-300x200.jpg 300w, https:\/\/lbcomunicazione.org\/wp-content\/uploads\/2020\/02\/girl-3421489_1920-1024x683.jpg 1024w, https:\/\/lbcomunicazione.org\/wp-content\/uploads\/2020\/02\/girl-3421489_1920-768x512.jpg 768w, https:\/\/lbcomunicazione.org\/wp-content\/uploads\/2020\/02\/girl-3421489_1920-1536x1024.jpg 1536w, https:\/\/lbcomunicazione.org\/wp-content\/uploads\/2020\/02\/girl-3421489_1920-520x347.jpg 520w, https:\/\/lbcomunicazione.org\/wp-content\/uploads\/2020\/02\/girl-3421489_1920.jpg 1920w\" sizes=\"auto, (max-width: 300px) 100vw, 300px\" \/><p id=\"caption-attachment-3403\" class=\"wp-caption-text\">Desiderio di consapevolezza&#8230;<\/p><\/div>\n<p>Quando dentro di noi si formano delle domande, allora \u00e8 un buon segno proprio perch\u00e9 la domanda porta ad approfondire, a ricercare, a voler raggiungere una chiarezza, una risposta, e ci si muove in quella direzione.<\/p>\n<p>Ovviamente il tutto condito con dubbi, perplessit\u00e0, desiderio di approfondire e di non fermarsi.<\/p>\n<h2>Che cosa ci vuole dire&#8230;<\/h2>\n<div id=\"attachment_3404\" style=\"width: 310px\" class=\"wp-caption alignleft\"><img loading=\"lazy\" decoding=\"async\" aria-describedby=\"caption-attachment-3404\" class=\"wp-image-3404 size-medium\" src=\"https:\/\/lbcomunicazione.org\/wp-content\/uploads\/2020\/02\/yes-3100993_1920-300x200.jpg\" alt=\"\" width=\"300\" height=\"200\" srcset=\"https:\/\/lbcomunicazione.org\/wp-content\/uploads\/2020\/02\/yes-3100993_1920-300x200.jpg 300w, https:\/\/lbcomunicazione.org\/wp-content\/uploads\/2020\/02\/yes-3100993_1920-1024x683.jpg 1024w, https:\/\/lbcomunicazione.org\/wp-content\/uploads\/2020\/02\/yes-3100993_1920-768x512.jpg 768w, https:\/\/lbcomunicazione.org\/wp-content\/uploads\/2020\/02\/yes-3100993_1920-1536x1025.jpg 1536w, https:\/\/lbcomunicazione.org\/wp-content\/uploads\/2020\/02\/yes-3100993_1920-520x347.jpg 520w, https:\/\/lbcomunicazione.org\/wp-content\/uploads\/2020\/02\/yes-3100993_1920.jpg 1920w\" sizes=\"auto, (max-width: 300px) 100vw, 300px\" \/><p id=\"caption-attachment-3404\" class=\"wp-caption-text\">Importante \u00e8 vivere&#8230;<\/p><\/div>\n<p>Quando ci ritroviamo a vivere il conflitto dentro di noi, non guardiamolo come un nemico, ma cerchiamo di capire che cosa vuole dirci veramente.<\/p>\n<blockquote><p>Ogni cosa che viviamo, la viviamo perch\u00e9 fa parte della nostra realt\u00e0, del nostro modo di vedere e di vivere le cose.<\/p><\/blockquote>\n<p>Se non ci fossero conflitti, le motivazioni potrebbero essere due: O si sta vivendo una fase speciale dove tutto fluisce in modo perfetto e nulla si trova &#8220;<em>fuori posto<\/em>&#8220;, oppure si sta \u201c<em>dormendo alla grande<\/em>\u201d, e questo \u00e8 molto preoccupante, oserei dire <em><strong>pericoloso<\/strong><\/em>.<\/p>\n<h2>Conflitto interiore ed esteriore&#8230;<\/h2>\n<div id=\"attachment_3405\" style=\"width: 310px\" class=\"wp-caption alignright\"><img loading=\"lazy\" decoding=\"async\" aria-describedby=\"caption-attachment-3405\" class=\"wp-image-3405 size-medium\" src=\"https:\/\/lbcomunicazione.org\/wp-content\/uploads\/2020\/02\/face-636092_1920-300x225.jpg\" alt=\"\" width=\"300\" height=\"225\" srcset=\"https:\/\/lbcomunicazione.org\/wp-content\/uploads\/2020\/02\/face-636092_1920-300x225.jpg 300w, https:\/\/lbcomunicazione.org\/wp-content\/uploads\/2020\/02\/face-636092_1920-1024x768.jpg 1024w, https:\/\/lbcomunicazione.org\/wp-content\/uploads\/2020\/02\/face-636092_1920-768x576.jpg 768w, https:\/\/lbcomunicazione.org\/wp-content\/uploads\/2020\/02\/face-636092_1920-1536x1152.jpg 1536w, https:\/\/lbcomunicazione.org\/wp-content\/uploads\/2020\/02\/face-636092_1920-520x390.jpg 520w, https:\/\/lbcomunicazione.org\/wp-content\/uploads\/2020\/02\/face-636092_1920.jpg 1920w\" sizes=\"auto, (max-width: 300px) 100vw, 300px\" \/><p id=\"caption-attachment-3405\" class=\"wp-caption-text\">Necessita una radicale trasformazione della mente&#8230;<\/p><\/div>\n<p>Si dice che il conflitto interiore, se non viene in qualche modo risolto, porta al conflitto esteriore.<\/p>\n<p><strong>Ma bisogna anche capire che non c\u2019\u00e8 crescita senza prima affrontare i conflitti che emergono dalle parti pi\u00f9 oscure di noi stessi.<\/strong><\/p>\n<blockquote><p>\u201e<em>C&#8217;\u00e8 una rivoluzione che dobbiamo fare se vogliamo sottrarci all&#8217;angoscia, ai conflitti e alle frustrazioni in cui siamo afferrati. Questa rivoluzione deve cominciare non con le teorie e le ideologie, ma con una radicale trasformazione della nostra mente.<\/em>\u201c \u2014 Jiddu Krishnamurti filosofo apolide 1895 &#8211; 1986<\/p><\/blockquote>\n<p>Una radicale trasformazione della nostra mente \u00e8 sicuramente un traguardo necessario da raggiungere per arrivare al punto di trovare la pace in noi.<\/p>\n<h2>Vivere senza conflitti&#8230;<\/h2>\n<div id=\"attachment_3406\" style=\"width: 310px\" class=\"wp-caption alignleft\"><img loading=\"lazy\" decoding=\"async\" aria-describedby=\"caption-attachment-3406\" class=\"wp-image-3406 size-medium\" src=\"https:\/\/lbcomunicazione.org\/wp-content\/uploads\/2020\/02\/woman-2188033_1920-300x170.jpg\" alt=\"\" width=\"300\" height=\"170\" srcset=\"https:\/\/lbcomunicazione.org\/wp-content\/uploads\/2020\/02\/woman-2188033_1920-300x170.jpg 300w, https:\/\/lbcomunicazione.org\/wp-content\/uploads\/2020\/02\/woman-2188033_1920-1024x580.jpg 1024w, https:\/\/lbcomunicazione.org\/wp-content\/uploads\/2020\/02\/woman-2188033_1920-768x435.jpg 768w, https:\/\/lbcomunicazione.org\/wp-content\/uploads\/2020\/02\/woman-2188033_1920-1536x870.jpg 1536w, https:\/\/lbcomunicazione.org\/wp-content\/uploads\/2020\/02\/woman-2188033_1920-520x294.jpg 520w, https:\/\/lbcomunicazione.org\/wp-content\/uploads\/2020\/02\/woman-2188033_1920.jpg 1920w\" sizes=\"auto, (max-width: 300px) 100vw, 300px\" \/><p id=\"caption-attachment-3406\" class=\"wp-caption-text\">Vivere senza conflitti&#8230;un sogno&#8230;<\/p><\/div>\n<p>Vivere senza conflitti \u00e8 un vero e proprio sogno di tutti, ma nascondere a noi stessi i nodi cruciali della nostra natura umana, non \u00e8 una buona idea, tutt\u2019altro.<\/p>\n<p>\u201eQuando un fatto interiore non viene reso cosciente, si produce fuori, come destino. Ossia, quando il singolo rimane indiviso e non diventa cosciente del suo antagonismo interiore, il mondo deve per forza rappresentare quel conflitto e dividersi in due.\u201c \u2014 Carl Gustav Jung psichiatra,\u00a0\u00a0\u00a0\u00a0\u00a0\u00a0 psicoanalista e antropologo svizzero 1875 &#8211; 1961<\/p>\n<p>Ognuno di noi svolge un ruolo molto importante perch\u00e9 nessuno \u00e8 scollegato, ma tutti facciamo parte di un disegno molto pi\u00f9 grande, ed \u00e8 nostro compito prenderne atto, e comportarci di conseguenza.<\/p>\n<p>Se ti \u00e8 piaciuto l\u2019articolo puoi condividerne altri a questi link:<\/p>\n<p><a href=\"https:\/\/lbcomunicazione.org\/index.php\/author\/maria\/\">https:\/\/lbcomunicazione.org\/index.php\/author\/maria\/\u00a0\u00a0\u00a0\u00a0<\/a><br \/>\n<a href=\"https:\/\/lbcomunicazione.org\/index.php\/pittricediparole\/\">https:\/\/lbcomunicazione.org\/index.php\/pittricediparole\/<\/a><\/p>\n","protected":false},"excerpt":{"rendered":"<p>&nbsp; &#8220;L&#8217;uomo muore con le armi in pugno. Quando ami davvero senti svanire ogni conflitto interiore. Non vi \u00e8 progresso senza conflitto: questa \u00e8 la legge che la civilt\u00e0 ha seguito fino ai nostri giorni. I&#46;&#46;&#46;<\/p>\n","protected":false},"author":12,"featured_media":3330,"comment_status":"open","ping_status":"closed","sticky":false,"template":"","format":"image","meta":{"footnotes":""},"categories":[181],"tags":[350,349],"class_list":["post-3399","post","type-post","status-publish","format-image","has-post-thumbnail","hentry","category-riflessioni","tag-amico","tag-conflitto-interiore","post_format-post-format-image"],"_links":{"self":[{"href":"https:\/\/lbcomunicazione.org\/index.php\/wp-json\/wp\/v2\/posts\/3399","targetHints":{"allow":["GET"]}}],"collection":[{"href":"https:\/\/lbcomunicazione.org\/index.php\/wp-json\/wp\/v2\/posts"}],"about":[{"href":"https:\/\/lbcomunicazione.org\/index.php\/wp-json\/wp\/v2\/types\/post"}],"author":[{"embeddable":true,"href":"https:\/\/lbcomunicazione.org\/index.php\/wp-json\/wp\/v2\/users\/12"}],"replies":[{"embeddable":true,"href":"https:\/\/lbcomunicazione.org\/index.php\/wp-json\/wp\/v2\/comments?post=3399"}],"version-history":[{"count":0,"href":"https:\/\/lbcomunicazione.org\/index.php\/wp-json\/wp\/v2\/posts\/3399\/revisions"}],"wp:featuredmedia":[{"embeddable":true,"href":"https:\/\/lbcomunicazione.org\/index.php\/wp-json\/wp\/v2\/media\/3330"}],"wp:attachment":[{"href":"https:\/\/lbcomunicazione.org\/index.php\/wp-json\/wp\/v2\/media?parent=3399"}],"wp:term":[{"taxonomy":"category","embeddable":true,"href":"https:\/\/lbcomunicazione.org\/index.php\/wp-json\/wp\/v2\/categories?post=3399"},{"taxonomy":"post_tag","embeddable":true,"href":"https:\/\/lbcomunicazione.org\/index.php\/wp-json\/wp\/v2\/tags?post=3399"}],"curies":[{"name":"wp","href":"https:\/\/api.w.org\/{rel}","templated":true}]}}