{"id":3302,"date":"2020-02-13T22:22:15","date_gmt":"2020-02-13T21:22:15","guid":{"rendered":"http:\/\/lbcomunicazione.org\/?p=3302"},"modified":"2020-02-13T22:22:15","modified_gmt":"2020-02-13T21:22:15","slug":"perche_valentino-santo-innamorati","status":"publish","type":"post","link":"https:\/\/lbcomunicazione.org\/index.php\/2020\/02\/13\/perche_valentino-santo-innamorati\/","title":{"rendered":"Perch\u00e9 Valentino \u00e8 il Santo degli innamorati?"},"content":{"rendered":"<p><img loading=\"lazy\" decoding=\"async\" class=\"size-medium wp-image-3335 alignleft\" src=\"https:\/\/lbcomunicazione.org\/wp-content\/uploads\/2020\/02\/amore-a-s.valentino-212x300.jpg\" alt=\"\" width=\"212\" height=\"300\" srcset=\"https:\/\/lbcomunicazione.org\/wp-content\/uploads\/2020\/02\/amore-a-s.valentino-212x300.jpg 212w, https:\/\/lbcomunicazione.org\/wp-content\/uploads\/2020\/02\/amore-a-s.valentino-520x735.jpg 520w, https:\/\/lbcomunicazione.org\/wp-content\/uploads\/2020\/02\/amore-a-s.valentino.jpg 679w\" sizes=\"auto, (max-width: 212px) 100vw, 212px\" \/><\/p>\n<p>\u00c8 una festa dedicata all&#8217;amore. Ma vi siete mai chiesti perch\u00e9 Valentino \u00e8 stato scelto come il Santo degli innamorati?<\/p>\n<h2>Matrimoni combinati? Ma da un Dio&#8230;<\/h2>\n<p>La festa di San Valentino ha origini nell&#8217;epoca romana, quando rendevano omaggio, con un particolare rito, al Dio Lupercus. Si racconta che i nomi di donne e uomini venivano messi in un\u2019urna, e un bambino estraeva a caso i nomi, creando coppie affinch\u00e9 il rito della fertilit\u00e0 e il Dio fossero onorati. Rito che un anno dopo sarebbe stato rinnovato con la creazione casuale di altre coppie.<\/p>\n<p>Gli antichi Padri della Chiesa &#8211; considerando immorale tutta questa rituale &#8211; cercarono un Santo \u201cdegli innamorati\u201d, per sostituire il libertino Lupercus. Venne cos\u00ec trovato un candidato in San Valentino.<\/p>\n<h2>Chi era Valentino?<\/h2>\n<p>Valentino era un vescovo martirizzato circa duecento anni prima. Fu rinchiuso in prigione poich\u00e9 non cedette all&#8217;abiura -disconoscimento del Signore &#8211; e, mentre era in cella, si innamor\u00f2 della figlia cieca del guardiano. Prima di morire sacrificato, con la forza della sua fede la guar\u00ec.<\/p>\n<p><img loading=\"lazy\" decoding=\"async\" class=\"size-medium wp-image-3338 alignleft\" src=\"https:\/\/lbcomunicazione.org\/wp-content\/uploads\/2020\/02\/canelli-sternia-225x300.jpg\" alt=\"\" width=\"225\" height=\"300\" srcset=\"https:\/\/lbcomunicazione.org\/wp-content\/uploads\/2020\/02\/canelli-sternia-225x300.jpg 225w, https:\/\/lbcomunicazione.org\/wp-content\/uploads\/2020\/02\/canelli-sternia-520x693.jpg 520w, https:\/\/lbcomunicazione.org\/wp-content\/uploads\/2020\/02\/canelli-sternia.jpg 720w\" sizes=\"auto, (max-width: 225px) 100vw, 225px\" \/><\/p>\n<h2>San Valentino in chiave moderna<\/h2>\n<p><img loading=\"lazy\" decoding=\"async\" class=\"size-medium wp-image-3336 alignright\" src=\"https:\/\/lbcomunicazione.org\/wp-content\/uploads\/2020\/02\/canelli-sparkling-300x251.jpg\" alt=\"\" width=\"300\" height=\"251\" srcset=\"https:\/\/lbcomunicazione.org\/wp-content\/uploads\/2020\/02\/canelli-sparkling-300x251.jpg 300w, https:\/\/lbcomunicazione.org\/wp-content\/uploads\/2020\/02\/canelli-sparkling-768x644.jpg 768w, https:\/\/lbcomunicazione.org\/wp-content\/uploads\/2020\/02\/canelli-sparkling-520x436.jpg 520w, https:\/\/lbcomunicazione.org\/wp-content\/uploads\/2020\/02\/canelli-sparkling.jpg 940w\" sizes=\"auto, (max-width: 300px) 100vw, 300px\" \/><\/p>\n<p>A Canelli sono i tappi dello spumante a testimoniare l\u2019amore di coppia, con una bella passeggiata sulla collina di Villanuova e interessanti intrattenimenti organizzati dal mio Comune, ecco la locandina per Sabato 15 febbraio 2020.<\/p>\n<p>[revisione di <strong>Silvia Ponzio<\/strong>]<\/p>\n","protected":false},"excerpt":{"rendered":"<p>Vi siete mai chiesti perch\u00e9 Valentino \u00e8 stato scelto come il Santo degli innamorati?<\/p>\n","protected":false},"author":35,"featured_media":0,"comment_status":"open","ping_status":"closed","sticky":false,"template":"","format":"image","meta":{"footnotes":""},"categories":[6],"tags":[347],"class_list":["post-3302","post","type-post","status-publish","format-image","hentry","category-attualita","tag-innamorati","post_format-post-format-image"],"_links":{"self":[{"href":"https:\/\/lbcomunicazione.org\/index.php\/wp-json\/wp\/v2\/posts\/3302","targetHints":{"allow":["GET"]}}],"collection":[{"href":"https:\/\/lbcomunicazione.org\/index.php\/wp-json\/wp\/v2\/posts"}],"about":[{"href":"https:\/\/lbcomunicazione.org\/index.php\/wp-json\/wp\/v2\/types\/post"}],"author":[{"embeddable":true,"href":"https:\/\/lbcomunicazione.org\/index.php\/wp-json\/wp\/v2\/users\/35"}],"replies":[{"embeddable":true,"href":"https:\/\/lbcomunicazione.org\/index.php\/wp-json\/wp\/v2\/comments?post=3302"}],"version-history":[{"count":0,"href":"https:\/\/lbcomunicazione.org\/index.php\/wp-json\/wp\/v2\/posts\/3302\/revisions"}],"wp:attachment":[{"href":"https:\/\/lbcomunicazione.org\/index.php\/wp-json\/wp\/v2\/media?parent=3302"}],"wp:term":[{"taxonomy":"category","embeddable":true,"href":"https:\/\/lbcomunicazione.org\/index.php\/wp-json\/wp\/v2\/categories?post=3302"},{"taxonomy":"post_tag","embeddable":true,"href":"https:\/\/lbcomunicazione.org\/index.php\/wp-json\/wp\/v2\/tags?post=3302"}],"curies":[{"name":"wp","href":"https:\/\/api.w.org\/{rel}","templated":true}]}}