{"id":3282,"date":"2020-02-13T16:32:49","date_gmt":"2020-02-13T15:32:49","guid":{"rendered":"http:\/\/lbcomunicazione.org\/?p=3282"},"modified":"2020-02-13T16:32:49","modified_gmt":"2020-02-13T15:32:49","slug":"nazismo-racconto-bambini","status":"publish","type":"post","link":"https:\/\/lbcomunicazione.org\/index.php\/2020\/02\/13\/nazismo-racconto-bambini\/","title":{"rendered":"Il nazismo raccontato ai bambini: come spiego la crudelt\u00e0?"},"content":{"rendered":"<p>di <strong>Monica Brunettini<\/strong><\/p>\n<p>Il nazismo \u00e8 un periodo storico di crudelt\u00e0 inaudita ed \u00e8 impossibile da &#8220;raccontare&#8221; senza traumi e tristezza. E da un episodio che ho vissuto, mi \u00e8 venuta l&#8217;ispirazione di scrivere queste poche righe.<\/p>\n<h2>Uno dei periodi pi\u00f9 bui della nostra storia recente<\/h2>\n<div id=\"attachment_3289\" style=\"width: 430px\" class=\"wp-caption alignright\"><a href=\"https:\/\/lbcomunicazione.org\/wp-content\/uploads\/2020\/02\/locandina_Jojo_Rabbit.jpg\" target=\"_blank\" rel=\"https:\/\/lbcomunicazione.org\/wp-content\/uploads\/2020\/02\/locandina_Jojo_Rabbit.jpg noopener noreferrer\"><img loading=\"lazy\" decoding=\"async\" aria-describedby=\"caption-attachment-3289\" class=\"wp-image-3289 size-full\" src=\"https:\/\/lbcomunicazione.org\/wp-content\/uploads\/2020\/02\/locandina_Jojo_Rabbit.jpg\" alt=\"\" width=\"420\" height=\"600\" \/><\/a><p id=\"caption-attachment-3289\" class=\"wp-caption-text\">La locandina italiana di Jojo Rabbit diretto da Taika Waititi<\/p><\/div>\n<p>Mi trovavo con amici e abbiamo deciso di andare a vedere un film con i bambini. Mio figlio che ha appena compiuto dieci anni, un&#8217;altra famiglia con un bimbo di 8 e un altro di quasi undici anni.<\/p>\n<p>Abbiamo optato per il film <strong>Jojo Rabbit<\/strong> che &#8211; a giudicare dal trailer e senza leggere la trama e tutte le recensioni &#8211; poteva persino sembrare divertente.<\/p>\n<blockquote><p>Ho assistito &#8211; per la cronaca &#8211; alla visione &#8220;parziale&#8221; del film in questione: una commedia drammatica del 2019, diretto da Taika Waititi, con Roman Griffin Davis e Thomasin McKenzie.<\/p><\/blockquote>\n<p>La pellicola, certamente valida e piena di spunti di riflessione, purtroppo, tratta di un argomento molto impegnativo e delicato: il <strong>nazismo<\/strong>. \u00c8 un film che &#8211; tra l&#8217;altro &#8211; ha vinto anche dei premi ed \u00e8 consigliato a ragazzi a partire dai quattordici anni. Dopo appena venti minuti, infatti, siamo usciti, non ce la siamo sentita di assistere fino alla fine, data l&#8217;et\u00e0 dei bambini e con i miei amici abbiamo fatto alcune considerazioni.<\/p>\n<blockquote><p>Un periodo storico in cui sono state commesse atrocit\u00e0 inenarrabili difficilmente si pu\u00f2 &#8220;raccontare&#8221; senza traumi e tristezza.<\/p><\/blockquote>\n<h2>Immagini violente possono traumatizzare i pi\u00f9 sensibili<\/h2>\n<p>Vorrei solo puntualizzare che assorbire informazioni storiche da un libro di testo \u00e8 differente rispetto a vedere le immagini. Un film \u00e8 necessariamente ricco di immagini e questo fa in modo che ciascuno di noi arrivi &#8211; pi\u00f9 o meno preparato &#8211; a comprenderle, in base all&#8217;et\u00e0 ma anche al grado di maturit\u00e0.<\/p>\n<p><img loading=\"lazy\" decoding=\"async\" class=\"size-medium wp-image-654 alignleft\" src=\"https:\/\/lbcomunicazione.org\/wp-content\/uploads\/2019\/10\/girl-1843477_1920-218x300.jpg\" alt=\"\" width=\"218\" height=\"300\" srcset=\"https:\/\/lbcomunicazione.org\/wp-content\/uploads\/2019\/10\/girl-1843477_1920-218x300.jpg 218w, https:\/\/lbcomunicazione.org\/wp-content\/uploads\/2019\/10\/girl-1843477_1920-768x1059.jpg 768w, https:\/\/lbcomunicazione.org\/wp-content\/uploads\/2019\/10\/girl-1843477_1920-742x1024.jpg 742w, https:\/\/lbcomunicazione.org\/wp-content\/uploads\/2019\/10\/girl-1843477_1920-520x717.jpg 520w, https:\/\/lbcomunicazione.org\/wp-content\/uploads\/2019\/10\/girl-1843477_1920.jpg 1392w\" sizes=\"auto, (max-width: 218px) 100vw, 218px\" \/><\/p>\n<p>Non \u00e8 un argomento da sottovalutare affinch\u00e9 i nostri figli\u00a0non arrivino a essere anestetizzati dal dolore a furia di vedere immagini di sofferenza che si imprimono in modo indelebile nelle loro fertili menti. Vedere continuamente scene raccapriccianti influenza le credenze e fa sembrare &#8220;normale&#8221; ci\u00f2 che non lo \u00e8.<\/p>\n<p>Se durante la lettura il bambino \u00e8 attivo, pu\u00f2 elaborare mentalmente le immagini che il libro evoca, la televisione e un film &#8220;catturano&#8221; il cervello. <strong>La lettura <\/strong>&#8211; anche se avviene solitudine &#8211; stimola l\u2019immaginazione, mentre lo schermo televisivo congela la creativit\u00e0. Le programmazioni tendono ad assomigliarsi tutte, e quasi tutte offrono una trama di base analoga, con varianti che diversificano i personaggi e le storie. Succede anche nei videogiochi. Il messaggio che passa \u00e8 di violenza e poi i bimbi diventano violenti e indifferenti alla sofferenza.<\/p>\n<div class=\"video-container\"><iframe loading=\"lazy\" title=\"blog TG24 la comunicazione : &quot; Il nazismo raccontato ai bambini, come spiego la crudelt\u00e0? &quot;\" width=\"500\" height=\"281\" src=\"https:\/\/www.youtube.com\/embed\/CUdfbt0IokY?feature=oembed&#038;wmode=opaque\" frameborder=\"0\" allow=\"accelerometer; autoplay; clipboard-write; encrypted-media; gyroscope; picture-in-picture; web-share\" referrerpolicy=\"strict-origin-when-cross-origin\" allowfullscreen><\/iframe><\/div>\n<p>[revisione di <strong>Silvia Ponzio<\/strong>]<\/p>\n","protected":false},"excerpt":{"rendered":"<p>Un periodo storico, come il Nazismo, in cui sono state commesse atrocit\u00e0 inenarrabili difficilmente si pu\u00f2 &#8220;raccontare&#8221; senza traumi e tristezza<\/p>\n","protected":false},"author":35,"featured_media":3283,"comment_status":"open","ping_status":"closed","sticky":false,"template":"","format":"image","meta":{"footnotes":""},"categories":[26],"tags":[],"class_list":["post-3282","post","type-post","status-publish","format-image","has-post-thumbnail","hentry","category-cinema-e-teatro","post_format-post-format-image"],"_links":{"self":[{"href":"https:\/\/lbcomunicazione.org\/index.php\/wp-json\/wp\/v2\/posts\/3282","targetHints":{"allow":["GET"]}}],"collection":[{"href":"https:\/\/lbcomunicazione.org\/index.php\/wp-json\/wp\/v2\/posts"}],"about":[{"href":"https:\/\/lbcomunicazione.org\/index.php\/wp-json\/wp\/v2\/types\/post"}],"author":[{"embeddable":true,"href":"https:\/\/lbcomunicazione.org\/index.php\/wp-json\/wp\/v2\/users\/35"}],"replies":[{"embeddable":true,"href":"https:\/\/lbcomunicazione.org\/index.php\/wp-json\/wp\/v2\/comments?post=3282"}],"version-history":[{"count":0,"href":"https:\/\/lbcomunicazione.org\/index.php\/wp-json\/wp\/v2\/posts\/3282\/revisions"}],"wp:featuredmedia":[{"embeddable":true,"href":"https:\/\/lbcomunicazione.org\/index.php\/wp-json\/wp\/v2\/media\/3283"}],"wp:attachment":[{"href":"https:\/\/lbcomunicazione.org\/index.php\/wp-json\/wp\/v2\/media?parent=3282"}],"wp:term":[{"taxonomy":"category","embeddable":true,"href":"https:\/\/lbcomunicazione.org\/index.php\/wp-json\/wp\/v2\/categories?post=3282"},{"taxonomy":"post_tag","embeddable":true,"href":"https:\/\/lbcomunicazione.org\/index.php\/wp-json\/wp\/v2\/tags?post=3282"}],"curies":[{"name":"wp","href":"https:\/\/api.w.org\/{rel}","templated":true}]}}