{"id":3091,"date":"2020-06-28T12:39:52","date_gmt":"2020-06-28T11:39:52","guid":{"rendered":"http:\/\/lbcomunicazione.org\/?p=3091"},"modified":"2020-06-28T12:39:52","modified_gmt":"2020-06-28T11:39:52","slug":"il-pensiero-crea","status":"publish","type":"post","link":"https:\/\/lbcomunicazione.org\/index.php\/2020\/06\/28\/il-pensiero-crea\/","title":{"rendered":"Il pensiero crea"},"content":{"rendered":"<h2>Pensieri in funzione di noi o degli altri!<\/h2>\n<h2><img loading=\"lazy\" decoding=\"async\" class=\"size-medium wp-image-3096 alignleft\" src=\"https:\/\/lbcomunicazione.org\/wp-content\/uploads\/2020\/02\/padre-e-figlio-sulla-strada-300x177.jpg\" alt=\"\" width=\"300\" height=\"177\" srcset=\"https:\/\/lbcomunicazione.org\/wp-content\/uploads\/2020\/02\/padre-e-figlio-sulla-strada-300x177.jpg 300w, https:\/\/lbcomunicazione.org\/wp-content\/uploads\/2020\/02\/padre-e-figlio-sulla-strada-520x307.jpg 520w, https:\/\/lbcomunicazione.org\/wp-content\/uploads\/2020\/02\/padre-e-figlio-sulla-strada.jpg 576w\" sizes=\"auto, (max-width: 300px) 100vw, 300px\" \/><\/h2>\n<p style=\"text-align: left\"><em>Tu, noi, siamo fermi in una stazione ad aspettare il treno che parte per <\/em>raggiungere la meta prefissa. Bene, allora siamo d\u2019accordo che il pensiero da origine alle nostre azioni, e che sta a noi valutare e scegliere quale sia il pensiero migliore. Ma migliore per chi? Per noi o per gli altri! E se gli altri siamo noi allora il pensiero migliore non sar\u00e0 l\u2019avere, il possedere ma la condivisione dell\u2019amore, indipendentemente da tutto ci\u00f2 che ci circonda o che la nostra ragione ci porta a credere.<\/p>\n<h3 style=\"text-align: center\">L&#8217;origine della vita<\/h3>\n<ol>\n<li><img loading=\"lazy\" decoding=\"async\" class=\"alignnone size-medium wp-image-3094 alignright\" src=\"https:\/\/lbcomunicazione.org\/wp-content\/uploads\/2020\/02\/cuore-mani-frequenze-300x114.jpg\" alt=\"\" width=\"300\" height=\"114\" srcset=\"https:\/\/lbcomunicazione.org\/wp-content\/uploads\/2020\/02\/cuore-mani-frequenze-300x114.jpg 300w, https:\/\/lbcomunicazione.org\/wp-content\/uploads\/2020\/02\/cuore-mani-frequenze-768x291.jpg 768w, https:\/\/lbcomunicazione.org\/wp-content\/uploads\/2020\/02\/cuore-mani-frequenze-520x197.jpg 520w, https:\/\/lbcomunicazione.org\/wp-content\/uploads\/2020\/02\/cuore-mani-frequenze.jpg 960w\" sizes=\"auto, (max-width: 300px) 100vw, 300px\" \/><\/li>\n<\/ol>\n<p>Prendiamo come esempio il verbo \u201cNon fare agli altri ci\u00f2 che non vorresti fosse fatto a te stesso\u201d, questo \u00e8 il senso della Vita, indipendente a chi crede o a chi non crede. Questa \u00e8 l\u2019origine della Vita, perch\u00e9 noi e gli altri siamo la Vita, seppur con aspetti, colore, personalit\u00e0 e pensiero diversi.<\/p>\n<p>Pensare di avere per i nostri soli interessi ci porter\u00e0, \u201ccome ci ha portato\u201d sulla strada dell\u2019avere, quindi a conoscere e credere in persone che la pensano allo stesso modo spinte dallo stesso interesse, ma non per questo vuol dire che sia la verit\u00e0!<\/p>\n<p>Questa \u00e8 la nostra di verit\u00e0, da non confondere con la realt\u00e0 dell\u2019insieme dove non \u00e8 l\u2019avere il pensiero comune ma l\u2019essere in ascolto della tua Anima, del tuo spirito e non della tua mente.<\/p>\n<h4 style=\"text-align: center\"><strong>La concettualit\u00e0 e la pratica<\/strong><\/h4>\n<p><img loading=\"lazy\" decoding=\"async\" class=\"alignnone size-medium wp-image-3099 alignleft\" src=\"https:\/\/lbcomunicazione.org\/wp-content\/uploads\/2020\/02\/mani-che-si-avvicinano-186x300.jpeg\" alt=\"\" width=\"186\" height=\"300\" srcset=\"https:\/\/lbcomunicazione.org\/wp-content\/uploads\/2020\/02\/mani-che-si-avvicinano-186x300.jpeg 186w, https:\/\/lbcomunicazione.org\/wp-content\/uploads\/2020\/02\/mani-che-si-avvicinano-636x1024.jpeg 636w, https:\/\/lbcomunicazione.org\/wp-content\/uploads\/2020\/02\/mani-che-si-avvicinano-768x1237.jpeg 768w, https:\/\/lbcomunicazione.org\/wp-content\/uploads\/2020\/02\/mani-che-si-avvicinano-520x838.jpeg 520w, https:\/\/lbcomunicazione.org\/wp-content\/uploads\/2020\/02\/mani-che-si-avvicinano.jpeg 807w\" sizes=\"auto, (max-width: 186px) 100vw, 186px\" \/><\/p>\n<p>Ecco, questo pensiero dell\u2019essere per\u00f2 sar\u00e0 sempre un concetto, una visione finch\u00e9 tu, noi, decideremo di viverne l\u2019esperienza, che parte per\u00f2 dalla tua, nostra coscienza, \u201cAnima\u201d per poi divenire pensiero e azione.<\/p>\n<p>Nel momento che penso posso creare la realt\u00e0 agendo in un modo o in un altro, dove l\u2019intento sar\u00e0 la matrice del divenire. Ricordate tutte quelle volte che avevate il desiderio di avere questo o quello!<\/p>\n<p>Incontri, situazioni ci porteranno sempre a vedere chi siamo e come siamo se noi ci impegneremo a prestare attenzione alle nostre sensazioni senza pi\u00f9 accantonarle.<\/p>\n<p>Sta a noi decidere dove andare, con chi andare e con che intento, tenendo ben presente che \u00e8 lo spirito a generare le conseguenze sulla materia.<\/p>\n<ol>\n<li>Ricordiamoci sempre che noi tutti siamo mossi dall\u2019energia dello spirito vivente, credenti o non credenti, e che l\u2019Amore \u00e8 il denominatore comune.<\/li>\n<\/ol>\n","protected":false},"excerpt":{"rendered":"<p>Pensieri in funzione di noi o degli altri! Tu, noi, siamo fermi in una stazione ad aspettare il treno che parte per raggiungere la meta prefissa. Bene, allora siamo d\u2019accordo che il pensiero da origine alle&#46;&#46;&#46;<\/p>\n","protected":false},"author":33,"featured_media":3092,"comment_status":"open","ping_status":"closed","sticky":false,"template":"","format":"image","meta":{"footnotes":""},"categories":[181,31],"tags":[41,322,113,328,241,39],"class_list":["post-3091","post","type-post","status-publish","format-image","has-post-thumbnail","hentry","category-riflessioni","category-sociale","tag-apertura-mentale","tag-coscienza","tag-il-mondo-che-io-sono","tag-impegno","tag-mente","tag-visione-della-vita","post_format-post-format-image"],"_links":{"self":[{"href":"https:\/\/lbcomunicazione.org\/index.php\/wp-json\/wp\/v2\/posts\/3091","targetHints":{"allow":["GET"]}}],"collection":[{"href":"https:\/\/lbcomunicazione.org\/index.php\/wp-json\/wp\/v2\/posts"}],"about":[{"href":"https:\/\/lbcomunicazione.org\/index.php\/wp-json\/wp\/v2\/types\/post"}],"author":[{"embeddable":true,"href":"https:\/\/lbcomunicazione.org\/index.php\/wp-json\/wp\/v2\/users\/33"}],"replies":[{"embeddable":true,"href":"https:\/\/lbcomunicazione.org\/index.php\/wp-json\/wp\/v2\/comments?post=3091"}],"version-history":[{"count":0,"href":"https:\/\/lbcomunicazione.org\/index.php\/wp-json\/wp\/v2\/posts\/3091\/revisions"}],"wp:featuredmedia":[{"embeddable":true,"href":"https:\/\/lbcomunicazione.org\/index.php\/wp-json\/wp\/v2\/media\/3092"}],"wp:attachment":[{"href":"https:\/\/lbcomunicazione.org\/index.php\/wp-json\/wp\/v2\/media?parent=3091"}],"wp:term":[{"taxonomy":"category","embeddable":true,"href":"https:\/\/lbcomunicazione.org\/index.php\/wp-json\/wp\/v2\/categories?post=3091"},{"taxonomy":"post_tag","embeddable":true,"href":"https:\/\/lbcomunicazione.org\/index.php\/wp-json\/wp\/v2\/tags?post=3091"}],"curies":[{"name":"wp","href":"https:\/\/api.w.org\/{rel}","templated":true}]}}