{"id":253,"date":"2019-03-24T17:24:25","date_gmt":"2019-03-24T16:24:25","guid":{"rendered":"http:\/\/lbcomunicazione.org\/?p=253"},"modified":"2019-03-24T17:24:28","modified_gmt":"2019-03-24T16:24:28","slug":"ambiente-i-giovani-scendono-in-piazza","status":"publish","type":"post","link":"https:\/\/lbcomunicazione.org\/index.php\/2019\/03\/24\/ambiente-i-giovani-scendono-in-piazza\/","title":{"rendered":"Ambiente i giovani scendono in piazza."},"content":{"rendered":"<p><img decoding=\"async\" class=\"emoji jetpack-lazy-image jetpack-lazy-image--handled\" style=\"font-size: inherit; background-color: #ffffff;\" src=\"https:\/\/s.w.org\/images\/core\/emoji\/11\/svg\/270d-1f3fb.svg\" alt=\"&#x270d;?\" \/><img decoding=\"async\" class=\"emoji jetpack-lazy-image jetpack-lazy-image--handled\" style=\"font-size: inherit; background-color: #ffffff;\" src=\"https:\/\/s.w.org\/images\/core\/emoji\/11\/svg\/270d-1f3fb.svg\" alt=\"&#x270d;?\" \/> Ambiente i giovani scendono in piazza. <img decoding=\"async\" class=\"emoji jetpack-lazy-image jetpack-lazy-image--handled\" style=\"font-size: inherit; background-color: #ffffff;\" src=\"https:\/\/s.w.org\/images\/core\/emoji\/11\/svg\/270d-1f3fb.svg\" alt=\"&#x270d;?\" \/><img decoding=\"async\" class=\"emoji jetpack-lazy-image jetpack-lazy-image--handled\" style=\"font-size: inherit; background-color: #ffffff;\" src=\"https:\/\/s.w.org\/images\/core\/emoji\/11\/svg\/270d-1f3fb.svg\" alt=\"&#x270d;?\" \/><span style=\"font-size: inherit;\"> Articolo di <\/span><a class=\"author-title\" style=\"font-size: inherit;\" href=\"https:\/\/blogcq24.net\/bertonico\/author\/robertarebella\/\">Roberta Rebella<\/a><img decoding=\"async\" class=\"emoji jetpack-lazy-image jetpack-lazy-image--handled\" style=\"font-size: inherit; background-color: #ffffff;\" src=\"https:\/\/s.w.org\/images\/core\/emoji\/11\/svg\/270d-1f3fb.svg\" alt=\"&#x270d;?\" \/><img decoding=\"async\" class=\"emoji jetpack-lazy-image jetpack-lazy-image--handled\" style=\"font-size: inherit; background-color: #ffffff;\" src=\"https:\/\/s.w.org\/images\/core\/emoji\/11\/svg\/270d-1f3fb.svg\" alt=\"&#x270d;?\" \/><span style=\"font-size: inherit;\">Bertonico<\/span><img decoding=\"async\" class=\"emoji jetpack-lazy-image jetpack-lazy-image--handled\" style=\"font-size: inherit; background-color: #ffffff;\" src=\"https:\/\/s.w.org\/images\/core\/emoji\/11\/svg\/270d-1f3fb.svg\" alt=\"&#x270d;?\" \/><img decoding=\"async\" class=\"emoji jetpack-lazy-image jetpack-lazy-image--handled\" style=\"font-size: inherit; background-color: #ffffff;\" src=\"https:\/\/s.w.org\/images\/core\/emoji\/11\/svg\/270d-1f3fb.svg\" alt=\"&#x270d;?\" \/><\/p>\n<h3>La Parola a Maurizio Sarlo:<\/h3>\n<div id=\"id_5c8bea017015a0221035713\" class=\"text_exposed_root text_exposed\"><em>Il clima ha sete di giustizia!<\/em><br \/>\n<em>La Terra ha sete di saggia Giustizia!<\/em><br \/>\n<em>(\u2026 dal libretto di MauS\u00a0<span class=\"_5mfr\"><span class=\"_6qdm\"><img decoding=\"async\" class=\"emoji\" draggable=\"false\" src=\"https:\/\/s.w.org\/images\/core\/emoji\/11.2.0\/svg\/1f609.svg\" alt=\"&#x1f609;\" \/><\/span><\/span>)<\/em><\/div>\n<div><\/div>\n<div class=\"text_exposed_root text_exposed\">Domani saremo a Bressanvido (VI) con il dott Luigi Montano.<br \/>\n<span class=\"text_exposed_show\">Oggi , molti Giovani (la maiuscola \u00e8 d\u2019obbligo) del Mondo sono scesi in piazza per chiedere il rispetto e l\u2019innovazione etica delle politiche legate al rispetto del clima e dell\u2019ambiente.<\/span>La Terra, quasi ovunque, \u00e8 terribilmente malata.<\/p>\n<p>La malattia pi\u00f9 grave, per\u00f2, a mio avviso, \u00e8 quella legata all\u2019assoluta ignoranza della maggioranza dei Popoli sulle VERE CAUSE che generano scompensi a tutti.<\/p>\n<p>Pesticidi somministrati a tutti i terreni, con l\u2019idea che una loro minima tolleranza non incida negativamente sui prodotti che gli agricoltori produrranno. I nostri scienziati hanno dimostrato l\u2019esatto contrario!<\/p>\n<p>\u201cScie di condensa\u201d in cielo, ad ogni previsione di peggioramento climatico, rilasciate da aerei\u00a0<span class=\"_5mfr\"><span class=\"_6qdm\"><img decoding=\"async\" class=\"emoji\" draggable=\"false\" src=\"https:\/\/s.w.org\/images\/core\/emoji\/11.2.0\/svg\/2708.svg\" alt=\"&#x2708;&#xfe0f;\" \/><\/span><\/span>\u00a0che si differenziano da tutti gli altri, proprio per emanare \u201cscie\u201d che durano ore e ore e si distribuiscono nel cielo creando una specie di coltre nuvolosa: cosa si nasconde dietro tale \u201ccoltre nuvolosa\u201d? Perch\u00e9 si mette un segreto di Stato sulle \u201cscie di condensa\u201d? Perch\u00e9 il \u201ccomico del grillo\u201d, che oggi \u00e8 al Governo con i suoi yes man, sorride e irride a chi lancia moniti sulle \u201cscie chimiche\u201d?<\/p>\n<\/div>\n<p><em><a href=\"https:\/\/blogcq24.net\/castelnovobariano\/blog\/ambiente\/ambiente-i-giovani-scendono-in-piazza\/\">&#8230;continua su blogcq24.net<\/a><\/em><\/p>\n","protected":false},"excerpt":{"rendered":"<p>Ambiente i giovani scendono in piazza. Articolo di Roberta RebellaBertonico La Parola a Maurizio Sarlo: Il clima ha sete di giustizia! La Terra ha sete di saggia Giustizia! (\u2026 dal libretto di MauS\u00a0) Domani saremo a&#46;&#46;&#46;<\/p>\n","protected":false},"author":5,"featured_media":254,"comment_status":"open","ping_status":"closed","sticky":false,"template":"","format":"gallery","meta":{"footnotes":""},"categories":[24],"tags":[95,96,37],"class_list":["post-253","post","type-post","status-publish","format-gallery","has-post-thumbnail","hentry","category-ambiente","tag-ambiente","tag-giovani","tag-pvu","post_format-post-format-gallery"],"_links":{"self":[{"href":"https:\/\/lbcomunicazione.org\/index.php\/wp-json\/wp\/v2\/posts\/253","targetHints":{"allow":["GET"]}}],"collection":[{"href":"https:\/\/lbcomunicazione.org\/index.php\/wp-json\/wp\/v2\/posts"}],"about":[{"href":"https:\/\/lbcomunicazione.org\/index.php\/wp-json\/wp\/v2\/types\/post"}],"author":[{"embeddable":true,"href":"https:\/\/lbcomunicazione.org\/index.php\/wp-json\/wp\/v2\/users\/5"}],"replies":[{"embeddable":true,"href":"https:\/\/lbcomunicazione.org\/index.php\/wp-json\/wp\/v2\/comments?post=253"}],"version-history":[{"count":0,"href":"https:\/\/lbcomunicazione.org\/index.php\/wp-json\/wp\/v2\/posts\/253\/revisions"}],"wp:featuredmedia":[{"embeddable":true,"href":"https:\/\/lbcomunicazione.org\/index.php\/wp-json\/wp\/v2\/media\/254"}],"wp:attachment":[{"href":"https:\/\/lbcomunicazione.org\/index.php\/wp-json\/wp\/v2\/media?parent=253"}],"wp:term":[{"taxonomy":"category","embeddable":true,"href":"https:\/\/lbcomunicazione.org\/index.php\/wp-json\/wp\/v2\/categories?post=253"},{"taxonomy":"post_tag","embeddable":true,"href":"https:\/\/lbcomunicazione.org\/index.php\/wp-json\/wp\/v2\/tags?post=253"}],"curies":[{"name":"wp","href":"https:\/\/api.w.org\/{rel}","templated":true}]}}