{"id":2315,"date":"2020-01-17T11:28:29","date_gmt":"2020-01-17T10:28:29","guid":{"rendered":"http:\/\/lbcomunicazione.org\/?p=2315"},"modified":"2020-05-24T22:34:31","modified_gmt":"2020-05-24T21:34:31","slug":"umbria-terra-di-grandi-storie","status":"publish","type":"post","link":"https:\/\/lbcomunicazione.org\/index.php\/2020\/01\/17\/umbria-terra-di-grandi-storie\/","title":{"rendered":"Umbria, terra di grandi storie"},"content":{"rendered":"<p><img loading=\"lazy\" decoding=\"async\" class=\"wp-image-2321 aligncenter\" src=\"https:\/\/lbcomunicazione.org\/wp-content\/uploads\/2020\/01\/eso-300x300.jpg\" alt=\"\" width=\"215\" height=\"215\" srcset=\"https:\/\/lbcomunicazione.org\/wp-content\/uploads\/2020\/01\/eso-300x300.jpg 300w, https:\/\/lbcomunicazione.org\/wp-content\/uploads\/2020\/01\/eso-150x150.jpg 150w, https:\/\/lbcomunicazione.org\/wp-content\/uploads\/2020\/01\/eso-160x160.jpg 160w, https:\/\/lbcomunicazione.org\/wp-content\/uploads\/2020\/01\/eso-320x320.jpg 320w, https:\/\/lbcomunicazione.org\/wp-content\/uploads\/2020\/01\/eso-520x520.jpg 520w, https:\/\/lbcomunicazione.org\/wp-content\/uploads\/2020\/01\/eso.jpg 640w\" sizes=\"auto, (max-width: 215px) 100vw, 215px\" \/><\/p>\n<p>&nbsp;<\/p>\n<p style=\"text-align: left;\">\u00a0L&#8217;Umbria appare come una piccola regione incastonata tra i monti dell&#8217;Appennino Centrale, costellata di antichi borghi spesso in lotta tra loro.\u00a0 Nel corso dei secoli ha visto avvicendarsi la presenza di Umbri, Celti, Etruschi, Romani, Barbari, soprattutto Bizantini.<\/p>\n<p style=\"text-align: left;\">Questo susseguirsi di stratificazioni culturali ha lasciato delle profonde tracce nelle espressioni animiche di questo territorio, legato per la sua stessa natura ai culti inerenti il Sacro Femminile. L&#8217;esperienza spirituale per cui l&#8217;Umbria \u00e8 sicuramente pi\u00f9 nota \u00e8 costituita senz&#8217;altro dalla vicenda francescana. Il fondatore di Umbria Esoterica, Giuseppe Schippa, venuto a conoscenza in modo inatteso e rocambolesco di particolari poco noti proprio circa il\u00a0 movimento innovatore\u00a0 condensatosi attorno alle figure di Chiara e Francesco d&#8217;Assisi, si dedica da anni alla possibile ricostruzione di vicende del tutto ignote e sorprendenti che potrebbero aver interessato la regione, tra Assisi appunto, la Valnerina, i Monti Sibillini e la Valle Reatina. Nell&#8217;immagine che abbiamo proposto, figura il Monte Subasio innevato, visto da Montefalco.\u00a0 Anche nella toponomastica questa terra racchiude i segreti di una storia bellissima, di amore e libert\u00e0.<\/p>\n<p style=\"text-align: left;\"><!--more--><\/p>\n","protected":false},"excerpt":{"rendered":"<p>&nbsp; \u00a0L&#8217;Umbria appare come una piccola regione incastonata tra i monti dell&#8217;Appennino Centrale, costellata di antichi borghi spesso in lotta tra loro.\u00a0 Nel corso dei secoli ha visto avvicendarsi la presenza di Umbri, Celti, Etruschi, Romani,&#46;&#46;&#46;<\/p>\n","protected":false},"author":55,"featured_media":2309,"comment_status":"open","ping_status":"closed","sticky":false,"template":"","format":"image","meta":{"footnotes":""},"categories":[6],"tags":[265],"class_list":["post-2315","post","type-post","status-publish","format-image","has-post-thumbnail","hentry","category-attualita","tag-umbria-esoterica","post_format-post-format-image"],"_links":{"self":[{"href":"https:\/\/lbcomunicazione.org\/index.php\/wp-json\/wp\/v2\/posts\/2315","targetHints":{"allow":["GET"]}}],"collection":[{"href":"https:\/\/lbcomunicazione.org\/index.php\/wp-json\/wp\/v2\/posts"}],"about":[{"href":"https:\/\/lbcomunicazione.org\/index.php\/wp-json\/wp\/v2\/types\/post"}],"author":[{"embeddable":true,"href":"https:\/\/lbcomunicazione.org\/index.php\/wp-json\/wp\/v2\/users\/55"}],"replies":[{"embeddable":true,"href":"https:\/\/lbcomunicazione.org\/index.php\/wp-json\/wp\/v2\/comments?post=2315"}],"version-history":[{"count":0,"href":"https:\/\/lbcomunicazione.org\/index.php\/wp-json\/wp\/v2\/posts\/2315\/revisions"}],"wp:featuredmedia":[{"embeddable":true,"href":"https:\/\/lbcomunicazione.org\/index.php\/wp-json\/wp\/v2\/media\/2309"}],"wp:attachment":[{"href":"https:\/\/lbcomunicazione.org\/index.php\/wp-json\/wp\/v2\/media?parent=2315"}],"wp:term":[{"taxonomy":"category","embeddable":true,"href":"https:\/\/lbcomunicazione.org\/index.php\/wp-json\/wp\/v2\/categories?post=2315"},{"taxonomy":"post_tag","embeddable":true,"href":"https:\/\/lbcomunicazione.org\/index.php\/wp-json\/wp\/v2\/tags?post=2315"}],"curies":[{"name":"wp","href":"https:\/\/api.w.org\/{rel}","templated":true}]}}