{"id":2205,"date":"2020-01-16T11:45:43","date_gmt":"2020-01-16T10:45:43","guid":{"rendered":"http:\/\/lbcomunicazione.org\/?p=2205"},"modified":"2020-01-16T12:00:51","modified_gmt":"2020-01-16T11:00:51","slug":"menzogna-e-verita","status":"publish","type":"post","link":"https:\/\/lbcomunicazione.org\/index.php\/2020\/01\/16\/menzogna-e-verita\/","title":{"rendered":"Menzogna E Verita&#8217;&#8230;"},"content":{"rendered":"<div class=\"video-container\"><iframe loading=\"lazy\" title=\"blog TG24 la comunicazione : &quot;  Menzogna E Verit\u00e0... &quot;\" width=\"500\" height=\"281\" src=\"https:\/\/www.youtube.com\/embed\/IOEqr6mKAQc?feature=oembed&#038;wmode=opaque\" frameborder=\"0\" allow=\"accelerometer; autoplay; clipboard-write; encrypted-media; gyroscope; picture-in-picture; web-share\" referrerpolicy=\"strict-origin-when-cross-origin\" allowfullscreen><\/iframe><\/div>\n<p>&nbsp;<\/p>\n<p>\u201c<em><strong>La leggenda vuole che un giorno la verit\u00e0 e la menzogna si siano incrociate.<\/strong><\/em>\u201d<!--more--><\/p>\n<p><strong>Desidero raccontarvi questa leggenda e riflettere insieme a voi<\/strong>:<\/p>\n<div id=\"attachment_2209\" style=\"width: 310px\" class=\"wp-caption alignleft\"><img loading=\"lazy\" decoding=\"async\" aria-describedby=\"caption-attachment-2209\" class=\"wp-image-2209 size-medium\" src=\"https:\/\/lbcomunicazione.org\/wp-content\/uploads\/2020\/01\/angel-749625_1920-300x170.jpg\" alt=\"\" width=\"300\" height=\"170\" srcset=\"https:\/\/lbcomunicazione.org\/wp-content\/uploads\/2020\/01\/angel-749625_1920-300x170.jpg 300w, https:\/\/lbcomunicazione.org\/wp-content\/uploads\/2020\/01\/angel-749625_1920-1024x581.jpg 1024w, https:\/\/lbcomunicazione.org\/wp-content\/uploads\/2020\/01\/angel-749625_1920-768x436.jpg 768w, https:\/\/lbcomunicazione.org\/wp-content\/uploads\/2020\/01\/angel-749625_1920-1536x871.jpg 1536w, https:\/\/lbcomunicazione.org\/wp-content\/uploads\/2020\/01\/angel-749625_1920-520x295.jpg 520w, https:\/\/lbcomunicazione.org\/wp-content\/uploads\/2020\/01\/angel-749625_1920.jpg 1920w\" sizes=\"auto, (max-width: 300px) 100vw, 300px\" \/><p id=\"caption-attachment-2209\" class=\"wp-caption-text\">La Verit\u00e0 si fid\u00f2 della menzogna&#8230;<\/p><\/div>\n<p>&#8220;-<em>Buongiorno. Disse la menzogna.\u2028 <\/em><\/p>\n<p><em>-Buongiorno. Rispose la verit\u00e0.\u2028<\/em><\/p>\n<p><em>-Bella giornata. Disse la menzogna.\u2028<\/em><\/p>\n<p><em>Quindi la verit\u00e0 si sporse per vedere se era vero. Lo era.\u2028<\/em><\/p>\n<p><em>-Bella giornata. Disse allora la verit\u00e0.\u2028<\/em><\/p>\n<div id=\"attachment_2210\" style=\"width: 310px\" class=\"wp-caption alignright\"><img loading=\"lazy\" decoding=\"async\" aria-describedby=\"caption-attachment-2210\" class=\"wp-image-2210 size-medium\" src=\"https:\/\/lbcomunicazione.org\/wp-content\/uploads\/2020\/01\/angel-1284369_1920-300x198.jpg\" alt=\"\" width=\"300\" height=\"198\" srcset=\"https:\/\/lbcomunicazione.org\/wp-content\/uploads\/2020\/01\/angel-1284369_1920-300x198.jpg 300w, https:\/\/lbcomunicazione.org\/wp-content\/uploads\/2020\/01\/angel-1284369_1920-1024x676.jpg 1024w, https:\/\/lbcomunicazione.org\/wp-content\/uploads\/2020\/01\/angel-1284369_1920-768x507.jpg 768w, https:\/\/lbcomunicazione.org\/wp-content\/uploads\/2020\/01\/angel-1284369_1920-1536x1014.jpg 1536w, https:\/\/lbcomunicazione.org\/wp-content\/uploads\/2020\/01\/angel-1284369_1920-520x343.jpg 520w, https:\/\/lbcomunicazione.org\/wp-content\/uploads\/2020\/01\/angel-1284369_1920.jpg 1920w\" sizes=\"auto, (max-width: 300px) 100vw, 300px\" \/><p id=\"caption-attachment-2210\" class=\"wp-caption-text\">La menzogna si vest\u00ec con gli abiti della Verit\u00e0&#8230;<\/p><\/div>\n<p><em>-Il lago \u00e8 ancora pi\u00f9 bello. Rispose la menzogna.\u2028<\/em><\/p>\n<p><em>La verit\u00e0 guard\u00f2 verso il lago e vide che la menzogna diceva il vero e annu\u00ec.\u2028<\/em><\/p>\n<p><em>La menzogna disse: \u2028-L&#8217;acqua \u00e8 ancora pi\u00f9 bella. Nuotiamo.\u2028<\/em><\/p>\n<p><em>La verit\u00e0 sfior\u00f2 l&#8217;acqua con le dita ed era davvero bella e si fid\u00f2 della menzogna.<\/em><\/p>\n<p><em>\u00a0\u00a0\u00a0\u00a0\u00a0\u00a0\u00a0\u00a0\u00a0\u00a0\u00a0\u00a0\u00a0\u00a0\u00a0\u00a0\u00a0\u00a0\u00a0\u00a0\u00a0\u00a0\u00a0\u00a0\u00a0\u00a0\u00a0\u00a0\u00a0\u00a0\u00a0\u00a0\u00a0\u00a0\u00a0\u00a0\u00a0\u00a0\u00a0\u00a0\u00a0\u00a0\u00a0\u00a0\u00a0\u00a0\u00a0\u00a0\u00a0\u00a0\u00a0\u00a0\u00a0\u00a0\u00a0\u00a0\u00a0\u00a0\u00a0\u00a0\u00a0\u00a0\u00a0\u00a0\u00a0\u00a0\u00a0\u00a0\u00a0\u00a0\u00a0\u00a0\u00a0\u00a0\u00a0\u00a0\u00a0\u00a0\u00a0\u00a0\u00a0\u00a0\u00a0\u00a0\u00a0\u00a0\u00a0\u00a0\u00a0\u00a0\u00a0\u00a0\u00a0\u00a0\u00a0\u00a0\u00a0\u00a0\u00a0\u00a0\u00a0\u00a0\u00a0\u00a0\u00a0\u00a0\u00a0\u00a0\u00a0\u00a0\u00a0\u00a0\u00a0\u00a0\u00a0\u00a0\u00a0\u00a0\u00a0\u00a0\u00a0 <strong>Entrambe si spogliarono e nuotarono tranquille.\u2028<\/strong><\/em><\/p>\n<div id=\"attachment_2211\" style=\"width: 310px\" class=\"wp-caption alignleft\"><img loading=\"lazy\" decoding=\"async\" aria-describedby=\"caption-attachment-2211\" class=\"wp-image-2211 size-medium\" src=\"https:\/\/lbcomunicazione.org\/wp-content\/uploads\/2020\/01\/beauty-1721060_1920-300x200.jpg\" alt=\"\" width=\"300\" height=\"200\" srcset=\"https:\/\/lbcomunicazione.org\/wp-content\/uploads\/2020\/01\/beauty-1721060_1920-300x200.jpg 300w, https:\/\/lbcomunicazione.org\/wp-content\/uploads\/2020\/01\/beauty-1721060_1920-1024x681.jpg 1024w, https:\/\/lbcomunicazione.org\/wp-content\/uploads\/2020\/01\/beauty-1721060_1920-768x511.jpg 768w, https:\/\/lbcomunicazione.org\/wp-content\/uploads\/2020\/01\/beauty-1721060_1920-1536x1022.jpg 1536w, https:\/\/lbcomunicazione.org\/wp-content\/uploads\/2020\/01\/beauty-1721060_1920-520x346.jpg 520w, https:\/\/lbcomunicazione.org\/wp-content\/uploads\/2020\/01\/beauty-1721060_1920.jpg 1920w\" sizes=\"auto, (max-width: 300px) 100vw, 300px\" \/><p id=\"caption-attachment-2211\" class=\"wp-caption-text\">La nudit\u00e0 della Verit\u00e0&#8230;Questa storia mi fa pensare&#8230;<\/p><\/div>\n<p><em>Qualche tempo dopo la menzogna usc\u00ec, si vest\u00ec con gli abiti della verit\u00e0 e se ne and\u00f2.\u2028<\/em><\/p>\n<p><em>La verit\u00e0, incapace di vestire i panni della menzogna, cominci\u00f2 a camminare senza vestiti e tutti erano inorriditi nel vederla cos\u00ec.<\/em><\/p>\n<p><em><strong>Questo \u00e8 il modo in cui ancora oggi le persone preferiscono accettare la menzogna camuffata come verit\u00e0 e non la nuda verit\u00e0<\/strong>.<\/em><\/p>\n<p>Questa storia mi fa pensare, in particolare, alla \u201c<em>nudit\u00e0<\/em>\u201d della<strong> verit\u00e0<\/strong>, e alla reazione delle persone di fronte alla \u201c<em>nudit\u00e0<\/em>\u201d.<\/p>\n<div id=\"attachment_2212\" style=\"width: 310px\" class=\"wp-caption alignright\"><img loading=\"lazy\" decoding=\"async\" aria-describedby=\"caption-attachment-2212\" class=\"wp-image-2212 size-medium\" src=\"https:\/\/lbcomunicazione.org\/wp-content\/uploads\/2020\/01\/fantasy-4655368_1920-300x138.jpg\" alt=\"\" width=\"300\" height=\"138\" srcset=\"https:\/\/lbcomunicazione.org\/wp-content\/uploads\/2020\/01\/fantasy-4655368_1920-300x138.jpg 300w, https:\/\/lbcomunicazione.org\/wp-content\/uploads\/2020\/01\/fantasy-4655368_1920-1024x470.jpg 1024w, https:\/\/lbcomunicazione.org\/wp-content\/uploads\/2020\/01\/fantasy-4655368_1920-768x353.jpg 768w, https:\/\/lbcomunicazione.org\/wp-content\/uploads\/2020\/01\/fantasy-4655368_1920-1536x706.jpg 1536w, https:\/\/lbcomunicazione.org\/wp-content\/uploads\/2020\/01\/fantasy-4655368_1920-980x450.jpg 980w, https:\/\/lbcomunicazione.org\/wp-content\/uploads\/2020\/01\/fantasy-4655368_1920-520x239.jpg 520w, https:\/\/lbcomunicazione.org\/wp-content\/uploads\/2020\/01\/fantasy-4655368_1920.jpg 1920w\" sizes=\"auto, (max-width: 300px) 100vw, 300px\" \/><p id=\"caption-attachment-2212\" class=\"wp-caption-text\">Tutto era alla luce del sole&#8230;ed era perfetto&#8230;<\/p><\/div>\n<p>Tutto questo mi riporta ad una storia nella <em>Genesi<\/em> della <em>Bibbia<\/em>, quando\u00a0 l\u2019uomo e la donna caddero nella tentazione e si ribellarono al loro <em>Creatore, <\/em>rifiutando di seguire i Suoi amati consigli, e si ritrovarono nudi e si vergognarono.<\/p>\n<p><em>Non che prima non fossero nudi, anzi\u2026.. ma per loro era naturale, erano alla luce del sole e tutto era perfetto.<\/em><\/p>\n<h3>Siamo ancora alla ricerca dell&#8217;equilibrio perfetto&#8230;<\/h3>\n<div id=\"attachment_2213\" style=\"width: 310px\" class=\"wp-caption alignleft\"><img loading=\"lazy\" decoding=\"async\" aria-describedby=\"caption-attachment-2213\" class=\"wp-image-2213 size-medium\" src=\"https:\/\/lbcomunicazione.org\/wp-content\/uploads\/2020\/01\/book-2929646_1920-300x176.jpg\" alt=\"\" width=\"300\" height=\"176\" srcset=\"https:\/\/lbcomunicazione.org\/wp-content\/uploads\/2020\/01\/book-2929646_1920-300x176.jpg 300w, https:\/\/lbcomunicazione.org\/wp-content\/uploads\/2020\/01\/book-2929646_1920-1024x601.jpg 1024w, https:\/\/lbcomunicazione.org\/wp-content\/uploads\/2020\/01\/book-2929646_1920-768x450.jpg 768w, https:\/\/lbcomunicazione.org\/wp-content\/uploads\/2020\/01\/book-2929646_1920-1536x901.jpg 1536w, https:\/\/lbcomunicazione.org\/wp-content\/uploads\/2020\/01\/book-2929646_1920-520x305.jpg 520w, https:\/\/lbcomunicazione.org\/wp-content\/uploads\/2020\/01\/book-2929646_1920.jpg 1920w\" sizes=\"auto, (max-width: 300px) 100vw, 300px\" \/><p id=\"caption-attachment-2213\" class=\"wp-caption-text\">Siamo ancora alla ricerca dell&#8217;equilibrio perfetto&#8230;<\/p><\/div>\n<p>Dopo, invece, tutto aveva preso una percezione completamente diversa, come se qualcosa di \u201c<em>poco chiaro<\/em>\u201d si fosse innescato in questo meccanismo di equilibrio perfetto e lo avesse scosso in maniera tale da non riuscire pi\u00f9 a ritrovarlo.<\/p>\n<p><em>E ancora oggi ne siamo alla ricerca.<\/em><\/p>\n<p><em><strong>Quell\u2019Equilibrio di Perfezione si \u00e8 dissolto, o semplicemente, noi ci siamo allontanati, ci siamo persi.<\/strong><\/em><\/p>\n<p><em>La <strong>Verit\u00e0<\/strong>, in questa leggenda, si \u00e8 ritrovata a dover rimanere nuda, non potendo rivestire i panni della <strong>menzogna.<\/strong><\/em><\/p>\n<h3>La <strong>menzogna<\/strong> si traveste da verit\u00e0&#8230;<\/h3>\n<p>Molto spesso la <strong>menzogna<\/strong> si traveste da verit\u00e0, e ci incanta con i suoi abbagli&#8230;<\/p>\n<div id=\"attachment_2214\" style=\"width: 310px\" class=\"wp-caption alignright\"><img loading=\"lazy\" decoding=\"async\" aria-describedby=\"caption-attachment-2214\" class=\"wp-image-2214 size-medium\" src=\"https:\/\/lbcomunicazione.org\/wp-content\/uploads\/2020\/01\/animal-4741740_1920-300x203.jpg\" alt=\"\" width=\"300\" height=\"203\" srcset=\"https:\/\/lbcomunicazione.org\/wp-content\/uploads\/2020\/01\/animal-4741740_1920-300x203.jpg 300w, https:\/\/lbcomunicazione.org\/wp-content\/uploads\/2020\/01\/animal-4741740_1920-1024x692.jpg 1024w, https:\/\/lbcomunicazione.org\/wp-content\/uploads\/2020\/01\/animal-4741740_1920-768x519.jpg 768w, https:\/\/lbcomunicazione.org\/wp-content\/uploads\/2020\/01\/animal-4741740_1920-1536x1038.jpg 1536w, https:\/\/lbcomunicazione.org\/wp-content\/uploads\/2020\/01\/animal-4741740_1920-520x351.jpg 520w, https:\/\/lbcomunicazione.org\/wp-content\/uploads\/2020\/01\/animal-4741740_1920.jpg 1920w\" sizes=\"auto, (max-width: 300px) 100vw, 300px\" \/><p id=\"caption-attachment-2214\" class=\"wp-caption-text\">L&#8217;equilibrio che riveste la Verit\u00e0, non \u00e8 mai scomparso&#8230;<\/p><\/div>\n<p><em>Non \u00e8 la nudit\u00e0 che porta vergogna, ma \u00e8 la <strong>menzogna <\/strong>che risiede nell\u2019intimo di tutti noi che ci fa vergognare della nudit\u00e0 della <strong>Verit\u00e0<\/strong>.<\/em><\/p>\n<p><strong>L\u2019Equilibrio che riveste la Verit\u00e0 \u00e8 sempre l\u00ec, non \u00e8 mai scomparso.<\/strong><\/p>\n<p>Il cammino di crescita che ognuno di noi sta vivendo , \u00e8 un cammino fondamentale che serve a spogliarci delle vesti della <strong>menzogna<\/strong>, per avere il coraggio di mostrare la propria &#8220;nudit\u00e0&#8221; alla luce del sole, e non provare vergogna.<\/p>\n<h3><strong>Verit\u00e0<\/strong> significa essere Veri&#8230; Autentici&#8230;<\/h3>\n<div id=\"attachment_2216\" style=\"width: 310px\" class=\"wp-caption alignleft\"><img loading=\"lazy\" decoding=\"async\" aria-describedby=\"caption-attachment-2216\" class=\"wp-image-2216 size-medium\" src=\"https:\/\/lbcomunicazione.org\/wp-content\/uploads\/2020\/01\/girl-2131400_1920-300x261.jpg\" alt=\"\" width=\"300\" height=\"261\" srcset=\"https:\/\/lbcomunicazione.org\/wp-content\/uploads\/2020\/01\/girl-2131400_1920-300x261.jpg 300w, https:\/\/lbcomunicazione.org\/wp-content\/uploads\/2020\/01\/girl-2131400_1920-1024x892.jpg 1024w, https:\/\/lbcomunicazione.org\/wp-content\/uploads\/2020\/01\/girl-2131400_1920-768x669.jpg 768w, https:\/\/lbcomunicazione.org\/wp-content\/uploads\/2020\/01\/girl-2131400_1920-1536x1338.jpg 1536w, https:\/\/lbcomunicazione.org\/wp-content\/uploads\/2020\/01\/girl-2131400_1920-520x453.jpg 520w, https:\/\/lbcomunicazione.org\/wp-content\/uploads\/2020\/01\/girl-2131400_1920.jpg 1920w\" sizes=\"auto, (max-width: 300px) 100vw, 300px\" \/><p id=\"caption-attachment-2216\" class=\"wp-caption-text\">Nasconderci a noi stessi d\u00e0 valore alla menzogna&#8230;<\/p><\/div>\n<p><em>Del resto lo dice la parola stessa: <strong>Verit\u00e0<\/strong> significa essere Veri! Autentici!<\/em><\/p>\n<p>Nascondersi, in particolar modo a noi stessi, \u00e8 una selle strategie che d\u00e0 valore alla <strong>menzogna<\/strong> del nostro modo di vivere, cammuffandoci in ci\u00f2 che non siamo, costruendoci un personaggio, un&#8217;etichetta, da portare a mostrare ad altri individui che fanno lo stesso gioco.<\/p>\n<p>Essere &#8220;Veri&#8221; non \u00e8 facile, ma per percorrere la strada che porta al <em>Cambiamento<\/em> Interiore, \u00e8 essenziale vivere del tempo prezioso scoprendo, giorno dopo giorno, l\u2019essenza del nostro <em>Cuore,<\/em> risvegliandoci da quel \u201c<em>sonno<\/em>\u201d o \u201c<em>incantesimo<\/em>\u201d che da troppo tempo ha allontanato l\u2019essere umano dalla luce della <strong>&#8220;Verit\u00e0&#8221;<\/strong>!<\/p>\n<p>Il mio invito \u00e8 di non rifiutare questo <em>Cambiamento<\/em><strong>, <\/strong>iniziando a spogliarci di ci\u00f2 che non siamo e riconoscendo ci\u00f2 che siamo realmente.<\/p>\n<p>&nbsp;<\/p>\n<p>Se ti \u00e8 piaciuto l&#8217;articolo e ne vuoi condividere altri, clicca qui:<\/p>\n<p><a href=\"https:\/\/lbcomunicazione.org\/index.php\/author\/maria\/\">https:\/\/lbcomunicazione.org\/index.php\/author\/maria\/<\/a><\/p>\n","protected":false},"excerpt":{"rendered":"<p>&nbsp; \u201cLa leggenda vuole che un giorno la verit\u00e0 e la menzogna si siano incrociate.\u201d<\/p>\n","protected":false},"author":12,"featured_media":2208,"comment_status":"open","ping_status":"closed","sticky":false,"template":"","format":"image","meta":{"footnotes":""},"categories":[181],"tags":[255,254],"class_list":["post-2205","post","type-post","status-publish","format-image","has-post-thumbnail","hentry","category-riflessioni","tag-menzogna","tag-verita","post_format-post-format-image"],"_links":{"self":[{"href":"https:\/\/lbcomunicazione.org\/index.php\/wp-json\/wp\/v2\/posts\/2205","targetHints":{"allow":["GET"]}}],"collection":[{"href":"https:\/\/lbcomunicazione.org\/index.php\/wp-json\/wp\/v2\/posts"}],"about":[{"href":"https:\/\/lbcomunicazione.org\/index.php\/wp-json\/wp\/v2\/types\/post"}],"author":[{"embeddable":true,"href":"https:\/\/lbcomunicazione.org\/index.php\/wp-json\/wp\/v2\/users\/12"}],"replies":[{"embeddable":true,"href":"https:\/\/lbcomunicazione.org\/index.php\/wp-json\/wp\/v2\/comments?post=2205"}],"version-history":[{"count":0,"href":"https:\/\/lbcomunicazione.org\/index.php\/wp-json\/wp\/v2\/posts\/2205\/revisions"}],"wp:featuredmedia":[{"embeddable":true,"href":"https:\/\/lbcomunicazione.org\/index.php\/wp-json\/wp\/v2\/media\/2208"}],"wp:attachment":[{"href":"https:\/\/lbcomunicazione.org\/index.php\/wp-json\/wp\/v2\/media?parent=2205"}],"wp:term":[{"taxonomy":"category","embeddable":true,"href":"https:\/\/lbcomunicazione.org\/index.php\/wp-json\/wp\/v2\/categories?post=2205"},{"taxonomy":"post_tag","embeddable":true,"href":"https:\/\/lbcomunicazione.org\/index.php\/wp-json\/wp\/v2\/tags?post=2205"}],"curies":[{"name":"wp","href":"https:\/\/api.w.org\/{rel}","templated":true}]}}