{"id":2090,"date":"2020-01-08T18:45:30","date_gmt":"2020-01-08T17:45:30","guid":{"rendered":"http:\/\/lbcomunicazione.org\/?p=2090"},"modified":"2020-01-08T18:45:30","modified_gmt":"2020-01-08T17:45:30","slug":"lavoro-otto-ore-invece-di-quattro-una-soluzione-esiste","status":"publish","type":"post","link":"https:\/\/lbcomunicazione.org\/index.php\/2020\/01\/08\/lavoro-otto-ore-invece-di-quattro-una-soluzione-esiste\/","title":{"rendered":"Lavoro: otto ore invece di quattro? Una soluzione esiste!"},"content":{"rendered":"<p>di <strong><span style=\"font-family: arial, helvetica, sans-serif;\">Cristina Berti<\/span><\/strong><\/p>\n<p>Cerchi lavoro? Ma non lo trovi. Hai un&#8217;occupazione, mi auguro per te ben retribuita, ma che ti porta via cos\u00ec tanto tempo da non aver pi\u00f9 un minuto libero da dedicare a te stesso, agli altri e alle attivit\u00e0 che ti piacciono&#8230; In entrambi i casi qualcosa non quadra nella tua vita.<\/p>\n<p><!--more--><\/p>\n<div id=\"attachment_2117\" style=\"width: 310px\" class=\"wp-caption alignleft\"><a href=\"https:\/\/lbcomunicazione.org\/wp-content\/uploads\/2020\/01\/lavoro-1.jpg\"><img loading=\"lazy\" decoding=\"async\" aria-describedby=\"caption-attachment-2117\" class=\"wp-image-2117 size-medium\" src=\"https:\/\/lbcomunicazione.org\/wp-content\/uploads\/2020\/01\/lavoro-1-300x200.jpg\" alt=\"\" width=\"300\" height=\"200\" \/><\/a><p id=\"caption-attachment-2117\" class=\"wp-caption-text\">Il lavoro \u00e8 fondamentale, ma anche vivere<\/p><\/div>\n<p>&#8220;Non \u00e8 facile far capire a una societ\u00e0 che \u00e8 possibile lavorare solo 4 ore al giorno a parit\u00e0 di stipendio. La maggior parte delle persone ti potrebbe rispondere &#8220;<em>sarebbe bello ma&#8230; NON funzionerebbe<\/em> &#8221; oppure &#8211; in maniera meno diplomatica &#8220;<em>ma in che mondo vivi? Vivi nel mondo delle favole?<\/em>&#8220;.<\/p>\n<p><strong>Ma non \u00e8 cos\u00ec&#8230; niente favole! <\/strong>\u00c8 fattibile lavorare unicamente ore pur\u00a0&#8220;&gt;guadagnando lo stesso salario e &#8211; in questo modo &#8211; non solo potresti agevolare un disoccupato, non solo avresti pi\u00f9 tempo per te stesso e per le attivit\u00e0 che pi\u00f9 ti piacciono ma &#8211; che a causa del poco tempo a tua disposizione &#8211; non puoi fare. <strong>Oggi siamo tutti schiavi di un sistema che guadagna per noi lasciando nelle nostre tasche tante briciole di consolazione per farci stare zitti<\/strong>.<\/p>\n<blockquote><p><span style=\"font-family: arial, helvetica, sans-serif;\">Tu cosa vuoi scegli? Continuare essere SCHIAVO!<\/span><\/p><\/blockquote>\n<h2>Pi\u00f9 tempo per godersi la vita<\/h2>\n<div id=\"attachment_2118\" style=\"width: 310px\" class=\"wp-caption alignright\"><a href=\"https:\/\/lbcomunicazione.org\/wp-content\/uploads\/2020\/01\/lavoro-2.jpg\"><img loading=\"lazy\" decoding=\"async\" aria-describedby=\"caption-attachment-2118\" class=\"wp-image-2118 size-medium\" src=\"https:\/\/lbcomunicazione.org\/wp-content\/uploads\/2020\/01\/lavoro-2-300x200.jpg\" alt=\"\" width=\"300\" height=\"200\" \/><\/a><p id=\"caption-attachment-2118\" class=\"wp-caption-text\">Non sarebbe fantastico lavorare solo 4 ore a parit\u00e0 di stipendio?<\/p><\/div>\n<p>Qualcuno sostiene che 4 ore di lavoro al giorno possano essere una soluzione: si chiama <strong>Maurizio Sarlo<\/strong> &#8211; fondatore del Progetto COEMM &#8211; e oggi Segretario Nazionale del PVU (<em>Partito Valore Umano<\/em>).<\/p>\n<p>Riportiamo qui alcune sue affermazioni &#8211; pronunciate il 21 febbraio 2019 &#8211; che vale la pena rileggere:<\/p>\n<blockquote><p>&#8220;8 ore di lavoro? Noi diciamo 4!<\/p><\/blockquote>\n<p>Il nostro etico e solidale \u201cProgramma Politico\u201d, anche per gli imprenditori agricoli e pastori, guarda a una serie di grandi riforme strutturali: fra le prime c\u2019\u00e8 <strong>la riforma del lavoro<\/strong>!<\/p>\n<p>Il lavoro, per noi, va riformato prima possibile, ma con un cambio di paradigma totale. Si deve giungere a convincere la maggioranza degli Italiani, che l\u2019attuale paradigma economico e sociale \u00e8 al collasso! Cos\u00ec come stanno le cose, la crisi diventer\u00e0 sempre pi\u00f9 drammatica! Altro che fandonie del solito politichese.<\/p>\n<h2>La nostra originale idea, in sintesi, \u00e8 la seguente:<\/h2>\n<div id=\"attachment_2120\" style=\"width: 310px\" class=\"wp-caption alignright\"><a href=\"https:\/\/lbcomunicazione.org\/wp-content\/uploads\/2020\/01\/lavoro-4.jpg\"><img loading=\"lazy\" decoding=\"async\" aria-describedby=\"caption-attachment-2120\" class=\"wp-image-2120 size-medium\" src=\"https:\/\/lbcomunicazione.org\/wp-content\/uploads\/2020\/01\/lavoro-4-300x200.jpg\" alt=\"\" width=\"300\" height=\"200\" \/><\/a><p id=\"caption-attachment-2120\" class=\"wp-caption-text\">Il programma del PVU ha la soluzione giusta per riequilibrare i costi della riduzione dell&#8217;orario di lavoro<\/p><\/div>\n<p><span style=\"color: #ff0000;\"><strong>1.<\/strong> <\/span>L\u2019orario di lavoro dipendente passi da 8 ore giornaliere a 4 per turno. Ma con lo stesso stipendio delle 8 ore di adesso!<\/p>\n<p><span style=\"color: #ff0000;\"><strong>2.<\/strong> <\/span>Passare dai due turni per alcuni lavori classici, a tre, quattro o pi\u00f9 turni per quei lavori che presuppongono orari di apertura prolungati e cicli continui.<\/p>\n<p><span style=\"color: #ff0000;\"><strong>3.<\/strong> <\/span>All&#8217;imprenditore &#8211; per riequilibrare i costi che l\u2019impresa avrebbe con tale riforma -si dovrebbero garantire incentivi etico e valoriali. L\u2019innovazione sarebbe quella di premiare l&#8217;azienda con un salario di un dipendente pagato dallo stato saggio, per ognuno dei dipendente assunti. In tal modo, grazie alla lungimiranza e professionalit\u00e0 dell&#8217;impresa stessa, lo Stato saggio avrebbe un modello economico basato su una libera impresa moderna e votata alla miglior qualit\u00e0 del lavoro e non solo del profitto (a scapito della dignit\u00e0 umana).<\/p>\n<div id=\"attachment_2119\" style=\"width: 310px\" class=\"wp-caption alignleft\"><a href=\"https:\/\/lbcomunicazione.org\/wp-content\/uploads\/2020\/01\/lavoro-3.jpg\"><img loading=\"lazy\" decoding=\"async\" aria-describedby=\"caption-attachment-2119\" class=\"wp-image-2119 size-medium\" src=\"https:\/\/lbcomunicazione.org\/wp-content\/uploads\/2020\/01\/lavoro-3-300x200.jpg\" alt=\"\" width=\"300\" height=\"200\" \/><\/a><p id=\"caption-attachment-2119\" class=\"wp-caption-text\">Una riforma del lavoro che accontenterebbe tutti: lavoratori, aziende e disoccupati<\/p><\/div>\n<p><span style=\"color: #ff0000;\"><strong>4.<\/strong> <\/span>All&#8217;impresa virtuosa andrebbero, altres\u00ec, altri tipi di incentivi da parte dello Stato saggio pensato dal Programma PVU, ovvero: energia elettrica gratuita e zero costi di \u201cgabelle\u201d varie. Quello che occorre \u00e8, infatti, ridurre i costi generali che gravano su imprese e consumatori e non falsi aumenti di questo o quel prodotto che poi si abbattono su tutti. Regolando, saggiamente, con disincentivi di tassazione, chi non si attenga alle norme etiche pianificate. E non come avviene ora, che si tassa chi \u00e8 virtuoso, costringendolo a pensare di \u201csfuggire\u201d a un fisco ingiusto anche de-localizzando all&#8217;estero.<\/p>\n<p><span style=\"color: #ff0000;\"><strong>5.<\/strong> <\/span>Quanto sopra sarebbe fattibilissimo, in virt\u00f9 dell&#8217;emissione a credito &#8211; per infrastrutture e servizi strategici &#8211; di quella moneta parallela all\u2019Euro che noi facciamo partire dalla \u201c<em>StatoNota<\/em>\u201d.<\/p>\n<p><strong>Tutti gli articoli di Cristina Berti<\/strong>: clicca <a href=\"https:\/\/lbcomunicazione.org\/index.php\/author\/cristina\/\">QUI<\/a><\/p>\n","protected":false},"excerpt":{"rendered":"<p>Cerchi lavoro? Ma non lo trovi. Hai un&#8217;occupazione, ma ti divora la vita. Cosa fare? La soluzione esiste!<\/p>\n","protected":false},"author":3,"featured_media":0,"comment_status":"open","ping_status":"closed","sticky":false,"template":"","format":"image","meta":{"footnotes":""},"categories":[18],"tags":[248,36,128],"class_list":["post-2090","post","type-post","status-publish","format-image","hentry","category-politica","tag-lavoro","tag-maurizio-sarlo","tag-veneto","post_format-post-format-image"],"_links":{"self":[{"href":"https:\/\/lbcomunicazione.org\/index.php\/wp-json\/wp\/v2\/posts\/2090","targetHints":{"allow":["GET"]}}],"collection":[{"href":"https:\/\/lbcomunicazione.org\/index.php\/wp-json\/wp\/v2\/posts"}],"about":[{"href":"https:\/\/lbcomunicazione.org\/index.php\/wp-json\/wp\/v2\/types\/post"}],"author":[{"embeddable":true,"href":"https:\/\/lbcomunicazione.org\/index.php\/wp-json\/wp\/v2\/users\/3"}],"replies":[{"embeddable":true,"href":"https:\/\/lbcomunicazione.org\/index.php\/wp-json\/wp\/v2\/comments?post=2090"}],"version-history":[{"count":0,"href":"https:\/\/lbcomunicazione.org\/index.php\/wp-json\/wp\/v2\/posts\/2090\/revisions"}],"wp:attachment":[{"href":"https:\/\/lbcomunicazione.org\/index.php\/wp-json\/wp\/v2\/media?parent=2090"}],"wp:term":[{"taxonomy":"category","embeddable":true,"href":"https:\/\/lbcomunicazione.org\/index.php\/wp-json\/wp\/v2\/categories?post=2090"},{"taxonomy":"post_tag","embeddable":true,"href":"https:\/\/lbcomunicazione.org\/index.php\/wp-json\/wp\/v2\/tags?post=2090"}],"curies":[{"name":"wp","href":"https:\/\/api.w.org\/{rel}","templated":true}]}}