{"id":2052,"date":"2020-01-13T11:49:12","date_gmt":"2020-01-13T10:49:12","guid":{"rendered":"http:\/\/lbcomunicazione.org\/?p=2052"},"modified":"2020-01-13T11:49:12","modified_gmt":"2020-01-13T10:49:12","slug":"il-cuore-un-fiume-che-scorre","status":"publish","type":"post","link":"https:\/\/lbcomunicazione.org\/index.php\/2020\/01\/13\/il-cuore-un-fiume-che-scorre\/","title":{"rendered":"Il Cuore: Un Fiume Che Scorre"},"content":{"rendered":"<div class=\"video-container\"><iframe loading=\"lazy\" title=\"blog TG24 la comunicazione  : &quot; Il Cuore: Un Fiume Che Scorre &quot;\" width=\"500\" height=\"281\" src=\"https:\/\/www.youtube.com\/embed\/B-SvVYNifKw?feature=oembed&#038;wmode=opaque\" frameborder=\"0\" allow=\"accelerometer; autoplay; clipboard-write; encrypted-media; gyroscope; picture-in-picture; web-share\" referrerpolicy=\"strict-origin-when-cross-origin\" allowfullscreen><\/iframe><\/div>\n<p>&nbsp;<\/p>\n<p>di <strong>Maria Diana<\/strong><\/p>\n<p>\u201cLa nostra mente \u00e8 una spugna, il nostro cuore \u00e8 un fiume.<br \/>\nNon \u00e8 strano che molti di noi preferiscano assorbire piuttosto che scorrere\u201d.<br \/>\n(Khalil Gibran)<!--more--><\/p>\n<h3>La frequenza del cuore<\/h3>\n<div id=\"attachment_2098\" style=\"width: 233px\" class=\"wp-caption alignleft\"><img loading=\"lazy\" decoding=\"async\" aria-describedby=\"caption-attachment-2098\" class=\"wp-image-2098 size-medium\" src=\"https:\/\/lbcomunicazione.org\/wp-content\/uploads\/2020\/01\/photo_2018-12-02_21-53-51-copia-223x300.jpg\" alt=\"\" width=\"223\" height=\"300\" srcset=\"https:\/\/lbcomunicazione.org\/wp-content\/uploads\/2020\/01\/photo_2018-12-02_21-53-51-copia-223x300.jpg 223w, https:\/\/lbcomunicazione.org\/wp-content\/uploads\/2020\/01\/photo_2018-12-02_21-53-51-copia-520x701.jpg 520w, https:\/\/lbcomunicazione.org\/wp-content\/uploads\/2020\/01\/photo_2018-12-02_21-53-51-copia.jpg 712w\" sizes=\"auto, (max-width: 223px) 100vw, 223px\" \/><p id=\"caption-attachment-2098\" class=\"wp-caption-text\">E&#8217; un peccato che il cuore non riesca ad aprirsi, a fiorire&#8230;<\/p><\/div>\n<p><em>E&#8217; un peccato che il Cuore difficilmente riesca, in una situazione di \u201cassorbimento\u201d, ad aprirsi e fiorire come invece dovrebbe essere per ognuno di noi.<\/em><\/p>\n<p>Ci sono in continuazione situazioni conflittuali dovute proprio a questo continuo \u201c<em>assorbimento<\/em>\u201d in particolare della mente, e questo fa s\u00ec che vivere una vita adagiata in situazioni che danno per scontato il nostro stile di vita, ci porta a chiudere il cuore e a farne poco uso se non in rari momenti.<\/p>\n<p>La spugna \u00e8 uno strumento pericoloso, perch\u00e9 assorbendo pu\u00f2 bloccare l\u2019energia vitale, mentre lo scorrere del fiume, il cuore, \u00e8 una vera e propria liberazione, una ricarica, un\u2019ossigenazione, una rinascita dell\u2019essere<strong>.<\/strong><\/p>\n<div id=\"attachment_2099\" style=\"width: 310px\" class=\"wp-caption alignright\"><img loading=\"lazy\" decoding=\"async\" aria-describedby=\"caption-attachment-2099\" class=\"wp-image-2099 size-medium\" src=\"https:\/\/lbcomunicazione.org\/wp-content\/uploads\/2020\/01\/fantasy-3000308_1920-300x150.jpg\" alt=\"\" width=\"300\" height=\"150\" srcset=\"https:\/\/lbcomunicazione.org\/wp-content\/uploads\/2020\/01\/fantasy-3000308_1920-300x150.jpg 300w, https:\/\/lbcomunicazione.org\/wp-content\/uploads\/2020\/01\/fantasy-3000308_1920-1024x512.jpg 1024w, https:\/\/lbcomunicazione.org\/wp-content\/uploads\/2020\/01\/fantasy-3000308_1920-768x384.jpg 768w, https:\/\/lbcomunicazione.org\/wp-content\/uploads\/2020\/01\/fantasy-3000308_1920-1536x768.jpg 1536w, https:\/\/lbcomunicazione.org\/wp-content\/uploads\/2020\/01\/fantasy-3000308_1920-520x260.jpg 520w, https:\/\/lbcomunicazione.org\/wp-content\/uploads\/2020\/01\/fantasy-3000308_1920.jpg 1920w\" sizes=\"auto, (max-width: 300px) 100vw, 300px\" \/><p id=\"caption-attachment-2099\" class=\"wp-caption-text\">La mente si riflette come elemento equilibrante per la propria sicurezza&#8230;<\/p><\/div>\n<p><strong> Questa rinascita \u00e8 uno sconvolgimento che porta a vivere la potenzialit\u00e0 del cuore, e stimola la mente ad assumere il ruolo di una spugna,\u00a0 riflettendosi come un elemento equilibrante per riuscire a controllare tutto, per la propria sicurezza, per il proprio senso di \u201c<em>protezione<\/em>\u201d.<\/strong><\/p>\n<p><em>Lasciarsi andare comporta responsabilit\u00e0, e comporta soprattutto fiducia. Ma la fiducia non sempre si riesce a viverla.<\/em><\/p>\n<p>Quindi, cosa manca perch\u00e9 si possa mettere da parte la spugna, e si cominci ad entrare nell\u2019acqua?<\/p>\n<p><em><strong> La fiducia<\/strong><\/em>, questo elemento che si fa tanta fatica a riconoscere, a coltivare.<\/p>\n<h3>Essere come bambini&#8230;<\/h3>\n<div id=\"attachment_2100\" style=\"width: 310px\" class=\"wp-caption alignleft\"><img loading=\"lazy\" decoding=\"async\" aria-describedby=\"caption-attachment-2100\" class=\"wp-image-2100 size-medium\" src=\"https:\/\/lbcomunicazione.org\/wp-content\/uploads\/2020\/01\/human-1177413_1920-300x150.jpg\" alt=\"\" width=\"300\" height=\"150\" data-wp-editing=\"1\" srcset=\"https:\/\/lbcomunicazione.org\/wp-content\/uploads\/2020\/01\/human-1177413_1920-300x150.jpg 300w, https:\/\/lbcomunicazione.org\/wp-content\/uploads\/2020\/01\/human-1177413_1920-1024x512.jpg 1024w, https:\/\/lbcomunicazione.org\/wp-content\/uploads\/2020\/01\/human-1177413_1920-768x384.jpg 768w, https:\/\/lbcomunicazione.org\/wp-content\/uploads\/2020\/01\/human-1177413_1920-1536x768.jpg 1536w, https:\/\/lbcomunicazione.org\/wp-content\/uploads\/2020\/01\/human-1177413_1920-520x260.jpg 520w, https:\/\/lbcomunicazione.org\/wp-content\/uploads\/2020\/01\/human-1177413_1920.jpg 1920w\" sizes=\"auto, (max-width: 300px) 100vw, 300px\" \/><p id=\"caption-attachment-2100\" class=\"wp-caption-text\">Se non tornerete ad essere come bambini&#8230;<\/p><\/div>\n<p>A questo punto voglio riflettere con voi su un&#8217; affermazione di Ges\u00f9: <strong>&#8220;<em>Se non tornerete ad essere come bambini, non entrerete nel Regno dei Cieli<\/em>&#8220;!<\/strong><\/p>\n<p>Un bambino, quando ti prende per mano, ti d\u00e0 la fiducia;\u00a0 quando ti d\u00e0 la fiducia, la sua mente, che non \u00e8 ancora \u201c<em>allenata<\/em>\u201d come la nostra, non interferisce con quella fiducia, perch\u00e9 il bambino si lascia trasportare da questo fiume del Cuore, senza riserve mentali, e senza paura.<\/p>\n<div id=\"attachment_2101\" style=\"width: 310px\" class=\"wp-caption alignright\"><img loading=\"lazy\" decoding=\"async\" aria-describedby=\"caption-attachment-2101\" class=\"wp-image-2101 size-medium\" src=\"https:\/\/lbcomunicazione.org\/wp-content\/uploads\/2020\/01\/brain-2146167_1920-300x154.jpg\" alt=\"\" width=\"300\" height=\"154\" srcset=\"https:\/\/lbcomunicazione.org\/wp-content\/uploads\/2020\/01\/brain-2146167_1920-300x154.jpg 300w, https:\/\/lbcomunicazione.org\/wp-content\/uploads\/2020\/01\/brain-2146167_1920-1024x526.jpg 1024w, https:\/\/lbcomunicazione.org\/wp-content\/uploads\/2020\/01\/brain-2146167_1920-768x395.jpg 768w, https:\/\/lbcomunicazione.org\/wp-content\/uploads\/2020\/01\/brain-2146167_1920-1536x790.jpg 1536w, https:\/\/lbcomunicazione.org\/wp-content\/uploads\/2020\/01\/brain-2146167_1920-520x267.jpg 520w, https:\/\/lbcomunicazione.org\/wp-content\/uploads\/2020\/01\/brain-2146167_1920.jpg 1920w\" sizes=\"auto, (max-width: 300px) 100vw, 300px\" \/><p id=\"caption-attachment-2101\" class=\"wp-caption-text\">L&#8217;amore non \u00e8 cos\u00ec semplice da vivere, anzi&#8230;.<\/p><\/div>\n<p><em><strong>Si parla tanto di Amore, con la A maiuscola\u2026\u2026ma si parla solo, e quando si prova a vivere questa frequenza del Cuore, l\u2019Amore non \u00e8 pi\u00f9 cos\u00ec semplice da vivere\u2026.Anzi!!!<\/strong><\/em><\/p>\n<p>Ci si accorge che con la mente, cio\u00e8 la nostra amata spugna, questo \u00e8 difficile da vivere.<\/p>\n<p><strong>Il Cuore \u00e8 ben altro: \u00e8 Consapevolezza, Coscienza, Connessione.<\/strong><\/p>\n<p><em>Mentre la mente fa fatica a comprendere determinati comportamenti, per il Cuore tutto questo \u00e8 normale, perch\u00e9 \u00e8 vita.<\/em><\/p>\n<p>Le montagne che devono essere rimosse sono quelle mentali, di questa spugna che da sempre prende spesso e volentieri il sopravvento.<\/p>\n<h3>La pietra nel cuore<\/h3>\n<div id=\"attachment_2102\" style=\"width: 310px\" class=\"wp-caption alignleft\"><img loading=\"lazy\" decoding=\"async\" aria-describedby=\"caption-attachment-2102\" class=\"wp-image-2102 size-medium\" src=\"https:\/\/lbcomunicazione.org\/wp-content\/uploads\/2020\/01\/face-622904_1920-300x200.jpg\" alt=\"\" width=\"300\" height=\"200\" srcset=\"https:\/\/lbcomunicazione.org\/wp-content\/uploads\/2020\/01\/face-622904_1920-300x200.jpg 300w, https:\/\/lbcomunicazione.org\/wp-content\/uploads\/2020\/01\/face-622904_1920-1024x683.jpg 1024w, https:\/\/lbcomunicazione.org\/wp-content\/uploads\/2020\/01\/face-622904_1920-768x512.jpg 768w, https:\/\/lbcomunicazione.org\/wp-content\/uploads\/2020\/01\/face-622904_1920-1536x1024.jpg 1536w, https:\/\/lbcomunicazione.org\/wp-content\/uploads\/2020\/01\/face-622904_1920-520x347.jpg 520w, https:\/\/lbcomunicazione.org\/wp-content\/uploads\/2020\/01\/face-622904_1920.jpg 1920w\" sizes=\"auto, (max-width: 300px) 100vw, 300px\" \/><p id=\"caption-attachment-2102\" class=\"wp-caption-text\">Le montagne che devono essere rimosse sono quelle mentali&#8230;<\/p><\/div>\n<p>Questo \u00e8 un punto importante: che ognuno di noi riconosca l\u2019importanza di non lasciare trasformare in una pietra il proprio cuore.<\/p>\n<p>La pietra che va a bloccare l\u2019azione del cuore, \u00e8 una vera e propria montagna, soprattutto se la si lascia l\u00ec per molto tempo, perch\u00e9 poi quello stile di vita diventer\u00e0 uno stile di vita abitudinario (<em>altra montagna da dover rimuovere<\/em>), con conseguenze piuttosto letali a livello di Risveglio!<\/p>\n<h3>Il momento \u00e8 maturo&#8230;<\/h3>\n<div id=\"attachment_2103\" style=\"width: 310px\" class=\"wp-caption alignright\"><img loading=\"lazy\" decoding=\"async\" aria-describedby=\"caption-attachment-2103\" class=\"wp-image-2103 size-medium\" src=\"https:\/\/lbcomunicazione.org\/wp-content\/uploads\/2020\/01\/adult-1846428_1920-300x200.jpg\" alt=\"\" width=\"300\" height=\"200\" srcset=\"https:\/\/lbcomunicazione.org\/wp-content\/uploads\/2020\/01\/adult-1846428_1920-300x200.jpg 300w, https:\/\/lbcomunicazione.org\/wp-content\/uploads\/2020\/01\/adult-1846428_1920-1024x683.jpg 1024w, https:\/\/lbcomunicazione.org\/wp-content\/uploads\/2020\/01\/adult-1846428_1920-768x512.jpg 768w, https:\/\/lbcomunicazione.org\/wp-content\/uploads\/2020\/01\/adult-1846428_1920-1536x1024.jpg 1536w, https:\/\/lbcomunicazione.org\/wp-content\/uploads\/2020\/01\/adult-1846428_1920-520x347.jpg 520w, https:\/\/lbcomunicazione.org\/wp-content\/uploads\/2020\/01\/adult-1846428_1920.jpg 1920w\" sizes=\"auto, (max-width: 300px) 100vw, 300px\" \/><p id=\"caption-attachment-2103\" class=\"wp-caption-text\">Nel vivere questo risveglio possiamo veramente condividere il meglio di noi stessi&#8230;<\/p><\/div>\n<p><em>Stiamo vivendo un periodo magico, un periodo dove le frequenze sono pronte per essere accolte nei nostri cuori, dove ci\u00f2 che \u00e8 nascosto torna a galla, dove tutto ci\u00f2 che accade ha un perch\u00e9, bench\u00e9 molte cose che stanno accadendo non siano cos\u00ec piacevoli da vedere n\u00e9 da sentire. E&#8217; un periodo di purificazione, di liberazione, di risveglio.<\/em><\/p>\n<p>Mai come oggi si pu\u00f2 veramente dare fiducia a questo Cuore, e lasciarsi trasportare da queste magiche acque senza avere riserve di paura, di dubbi.<\/p>\n<p><strong><em>Il momento \u00e8 maturo perch\u00e9 ognuno di noi possa vivere questo Risveglio in atto, lasciando da parte ogni blocco che potrebbe ritorcersi contro, non facendo fluire il momento presente.<\/em><\/strong><\/p>\n<p>Nel vivere questo <strong>Risveglio<\/strong>, possiamo veramente arricchirci e condividere il meglio di noi stessi.<\/p>\n<p>Cogliamo questa grande opportunit\u00e0 di ritrovarci e di condividere i nostri talenti, le nostre potenzialit\u00e0, perch\u00e9 \u00e8 questa la vera frequenza del <strong>Cuore<\/strong>.<\/p>\n<p>Se ti \u00e8 piaciuto l&#8217;articolo e ne vuoi condividere altri, clicca qui:<\/p>\n<p><a href=\"https:\/\/lbcomunicazione.org\/index.php\/author\/maria\/\">https:\/\/lbcomunicazione.org\/index.php\/author\/maria\/<\/a><\/p>\n<p>&nbsp;<\/p>\n<p>&nbsp;<\/p>\n<p>&nbsp;<\/p>\n","protected":false},"excerpt":{"rendered":"<p>&nbsp; di Maria Diana \u201cLa nostra mente \u00e8 una spugna, il nostro cuore \u00e8 un fiume. Non \u00e8 strano che molti di noi preferiscano assorbire piuttosto che scorrere\u201d. (Khalil Gibran)<\/p>\n","protected":false},"author":12,"featured_media":2097,"comment_status":"open","ping_status":"closed","sticky":false,"template":"","format":"image","meta":{"footnotes":""},"categories":[181],"tags":[240,241],"class_list":["post-2052","post","type-post","status-publish","format-image","has-post-thumbnail","hentry","category-riflessioni","tag-cuore","tag-mente","post_format-post-format-image"],"_links":{"self":[{"href":"https:\/\/lbcomunicazione.org\/index.php\/wp-json\/wp\/v2\/posts\/2052","targetHints":{"allow":["GET"]}}],"collection":[{"href":"https:\/\/lbcomunicazione.org\/index.php\/wp-json\/wp\/v2\/posts"}],"about":[{"href":"https:\/\/lbcomunicazione.org\/index.php\/wp-json\/wp\/v2\/types\/post"}],"author":[{"embeddable":true,"href":"https:\/\/lbcomunicazione.org\/index.php\/wp-json\/wp\/v2\/users\/12"}],"replies":[{"embeddable":true,"href":"https:\/\/lbcomunicazione.org\/index.php\/wp-json\/wp\/v2\/comments?post=2052"}],"version-history":[{"count":0,"href":"https:\/\/lbcomunicazione.org\/index.php\/wp-json\/wp\/v2\/posts\/2052\/revisions"}],"wp:featuredmedia":[{"embeddable":true,"href":"https:\/\/lbcomunicazione.org\/index.php\/wp-json\/wp\/v2\/media\/2097"}],"wp:attachment":[{"href":"https:\/\/lbcomunicazione.org\/index.php\/wp-json\/wp\/v2\/media?parent=2052"}],"wp:term":[{"taxonomy":"category","embeddable":true,"href":"https:\/\/lbcomunicazione.org\/index.php\/wp-json\/wp\/v2\/categories?post=2052"},{"taxonomy":"post_tag","embeddable":true,"href":"https:\/\/lbcomunicazione.org\/index.php\/wp-json\/wp\/v2\/tags?post=2052"}],"curies":[{"name":"wp","href":"https:\/\/api.w.org\/{rel}","templated":true}]}}