{"id":2048,"date":"2020-02-02T20:12:47","date_gmt":"2020-02-02T19:12:47","guid":{"rendered":"http:\/\/lbcomunicazione.org\/?p=2048"},"modified":"2020-02-02T20:12:47","modified_gmt":"2020-02-02T19:12:47","slug":"il-vuoto-che-unisce-e-vita","status":"publish","type":"post","link":"https:\/\/lbcomunicazione.org\/index.php\/2020\/02\/02\/il-vuoto-che-unisce-e-vita\/","title":{"rendered":"Il Vuoto Che Unisce \u00e8 Vita&#8230;"},"content":{"rendered":"<div class=\"video-container\"><iframe loading=\"lazy\" title=\"blog TG24 la comunicazione : &quot;  Il Vuoto Che Unisce E&#039; Vita... &quot;\" width=\"500\" height=\"281\" src=\"https:\/\/www.youtube.com\/embed\/xNOCH5xQGEg?feature=oembed&#038;wmode=opaque\" frameborder=\"0\" allow=\"accelerometer; autoplay; clipboard-write; encrypted-media; gyroscope; picture-in-picture; web-share\" referrerpolicy=\"strict-origin-when-cross-origin\" allowfullscreen><\/iframe><\/div>\n<p>&nbsp;<\/p>\n<p>Di <strong>Maria Diana<\/strong><\/p>\n<p>\u201cSe apriamo le mani, possiamo ricevere ogni cosa. Se siamo vuoti, possiamo contenere l\u2019Universo\u201d:<br \/>\n(Buddha)<!--more--><\/p>\n<h2>Se siamo vuoti, possiamo contenere l&#8217;Universo&#8230;<\/h2>\n<div id=\"attachment_2800\" style=\"width: 310px\" class=\"wp-caption alignleft\"><img loading=\"lazy\" decoding=\"async\" aria-describedby=\"caption-attachment-2800\" class=\"wp-image-2800 size-medium\" src=\"https:\/\/lbcomunicazione.org\/wp-content\/uploads\/2020\/01\/planets-1497200_1920-300x183.jpg\" alt=\"\" width=\"300\" height=\"183\" srcset=\"https:\/\/lbcomunicazione.org\/wp-content\/uploads\/2020\/01\/planets-1497200_1920-300x183.jpg 300w, https:\/\/lbcomunicazione.org\/wp-content\/uploads\/2020\/01\/planets-1497200_1920-1024x626.jpg 1024w, https:\/\/lbcomunicazione.org\/wp-content\/uploads\/2020\/01\/planets-1497200_1920-768x469.jpg 768w, https:\/\/lbcomunicazione.org\/wp-content\/uploads\/2020\/01\/planets-1497200_1920-1536x938.jpg 1536w, https:\/\/lbcomunicazione.org\/wp-content\/uploads\/2020\/01\/planets-1497200_1920-520x318.jpg 520w, https:\/\/lbcomunicazione.org\/wp-content\/uploads\/2020\/01\/planets-1497200_1920.jpg 1920w\" sizes=\"auto, (max-width: 300px) 100vw, 300px\" \/><p id=\"caption-attachment-2800\" class=\"wp-caption-text\">Ci\u00f2 che \u00e8 troppo compresso, alla fine esplode&#8230;<\/p><\/div>\n<p>\u201c<em>In principio era il <strong>vuoto.<\/strong> Poi il vuoto si \u00e8 contratto, \u00e8 diventato pi\u00f9 piccolo di una capocchia di spillo. E\u2019 stata una sua volont\u00e0 o qualcosa l\u2019ha costretto? Nessuno pu\u00f2 saperlo, ci\u00f2 che \u00e8 troppo compresso alla fine esplode, con rabbia, con furore. Dal vuoto \u00e8 nato un intollerabile bagliore, si \u00e8 sparso nello <strong>spazio,<\/strong> non c\u2019era pi\u00f9 buio lass\u00f9, ma la luce. Dalla luce \u00e8 scaturito l\u2019universo, schegge impazzite di energia proiettate nello <strong>spazio<\/strong> e nel tempo. Correndo e correndo, hanno formato le stelle e i pianeti. Il fuoco e la materia. Sarebbe potuto bastare questo, eppure non \u00e8 bastato<\/em>\u201d. (Susanna Tamaro)<\/p>\n<h2>Un pensiero sullo spazio che unisce&#8230;<\/h2>\n<div id=\"attachment_2803\" style=\"width: 310px\" class=\"wp-caption alignright\"><img loading=\"lazy\" decoding=\"async\" aria-describedby=\"caption-attachment-2803\" class=\"wp-image-2803 size-medium\" src=\"https:\/\/lbcomunicazione.org\/wp-content\/uploads\/2020\/01\/soul-623424_1920-1-300x212.jpg\" alt=\"\" width=\"300\" height=\"212\" srcset=\"https:\/\/lbcomunicazione.org\/wp-content\/uploads\/2020\/01\/soul-623424_1920-1-300x212.jpg 300w, https:\/\/lbcomunicazione.org\/wp-content\/uploads\/2020\/01\/soul-623424_1920-1-1024x724.jpg 1024w, https:\/\/lbcomunicazione.org\/wp-content\/uploads\/2020\/01\/soul-623424_1920-1-768x543.jpg 768w, https:\/\/lbcomunicazione.org\/wp-content\/uploads\/2020\/01\/soul-623424_1920-1-1536x1086.jpg 1536w, https:\/\/lbcomunicazione.org\/wp-content\/uploads\/2020\/01\/soul-623424_1920-1-520x368.jpg 520w, https:\/\/lbcomunicazione.org\/wp-content\/uploads\/2020\/01\/soul-623424_1920-1.jpg 1920w\" sizes=\"auto, (max-width: 300px) 100vw, 300px\" \/><p id=\"caption-attachment-2803\" class=\"wp-caption-text\">Si fatica a vedere ci\u00f2 che non ha forma&#8230;<\/p><\/div>\n<p>Ho voluto postare questo pensiero di Susanna Tamaro non tanto per entrare nell\u2019argomento della creazione, ma per condividere con voi un pensiero sul <strong>vuoto<\/strong>, sullo <strong>spazio<\/strong> che unisce, fondamentale per comprendere qualcosa che, spesso e volentieri, ci dimentichiamo di prestare attenzione proprio perch\u00e9 \u201c<em>non si vede<\/em>\u201d.<\/p>\n<p>Ci\u00f2 che viene rivestito dal nostro corpo, non ha forma, perch\u00e8 i nostri occhi fanno fatica a vederlo, possono solo percepirne l&#8217;esistenza, e lo stesso accade anche al di fuori di noi, in un certo senso.<\/p>\n<h2>Esiste la vita sotto molte forme&#8230;<\/h2>\n<div id=\"attachment_2804\" style=\"width: 310px\" class=\"wp-caption alignleft\"><img loading=\"lazy\" decoding=\"async\" aria-describedby=\"caption-attachment-2804\" class=\"wp-image-2804 size-medium\" src=\"https:\/\/lbcomunicazione.org\/wp-content\/uploads\/2020\/01\/be-511555_1920-300x232.jpg\" alt=\"\" width=\"300\" height=\"232\" srcset=\"https:\/\/lbcomunicazione.org\/wp-content\/uploads\/2020\/01\/be-511555_1920-300x232.jpg 300w, https:\/\/lbcomunicazione.org\/wp-content\/uploads\/2020\/01\/be-511555_1920-1024x791.jpg 1024w, https:\/\/lbcomunicazione.org\/wp-content\/uploads\/2020\/01\/be-511555_1920-768x593.jpg 768w, https:\/\/lbcomunicazione.org\/wp-content\/uploads\/2020\/01\/be-511555_1920-1536x1186.jpg 1536w, https:\/\/lbcomunicazione.org\/wp-content\/uploads\/2020\/01\/be-511555_1920-520x402.jpg 520w, https:\/\/lbcomunicazione.org\/wp-content\/uploads\/2020\/01\/be-511555_1920.jpg 1920w\" sizes=\"auto, (max-width: 300px) 100vw, 300px\" \/><p id=\"caption-attachment-2804\" class=\"wp-caption-text\">Le emozioni e i sentimenti non hanno forma, ma sono vivi&#8230;<\/p><\/div>\n<p>Esiste la vita sotto molte forme, ed \u00e8 energia e questo \u00e8 l&#8217;aspetto pi\u00f9 importante che c&#8217;\u00e8.<\/p>\n<p style=\"text-align: left\">Questo vuoto ,apparente non \u00e8 assolutamente da vederlo\u00a0\u00a0\u00a0\u00a0\u00a0 come tale.<\/p>\n<p>Viviamo emozioni, sentimenti, che fanno sussultare il nostro cuore, eppure non sono cose banali, tutt&#8217;altro: hanno il potere di cambiare la nostra stessa vita, lavorando in noi come aspetti energetici che non si possono appunto contenere, ma sono vivi&#8230;<\/p>\n<p>La superficialit\u00e0, nella nostra vita, prende spesso il sopravvento, portandoci ad evidenziare \u201c<em>problemi<\/em>\u201d che non avrebbero senso di esistere, e spesso a concentrarci su cose senza vita.<\/p>\n<h2>La vita non \u00e8 complessa&#8230;<\/h2>\n<h3>La vita, in realt\u00e0, non \u00e8 complessa, ed \u00e8 un dono stupendo nel momento stesso che riusciamo a coglierne l\u2019essenza.<\/h3>\n<div id=\"attachment_2801\" style=\"width: 310px\" class=\"wp-caption alignright\"><img loading=\"lazy\" decoding=\"async\" aria-describedby=\"caption-attachment-2801\" class=\"wp-image-2801 size-medium\" src=\"https:\/\/lbcomunicazione.org\/wp-content\/uploads\/2020\/01\/human-1177413_1920-1-300x150.jpg\" alt=\"\" width=\"300\" height=\"150\" srcset=\"https:\/\/lbcomunicazione.org\/wp-content\/uploads\/2020\/01\/human-1177413_1920-1-300x150.jpg 300w, https:\/\/lbcomunicazione.org\/wp-content\/uploads\/2020\/01\/human-1177413_1920-1-1024x512.jpg 1024w, https:\/\/lbcomunicazione.org\/wp-content\/uploads\/2020\/01\/human-1177413_1920-1-768x384.jpg 768w, https:\/\/lbcomunicazione.org\/wp-content\/uploads\/2020\/01\/human-1177413_1920-1-1536x768.jpg 1536w, https:\/\/lbcomunicazione.org\/wp-content\/uploads\/2020\/01\/human-1177413_1920-1-520x260.jpg 520w, https:\/\/lbcomunicazione.org\/wp-content\/uploads\/2020\/01\/human-1177413_1920-1.jpg 1920w\" sizes=\"auto, (max-width: 300px) 100vw, 300px\" \/><p id=\"caption-attachment-2801\" class=\"wp-caption-text\">Quando siamo abituati a contrarre, \u00e8 difficile lasciar fluire&#8230;<\/p><\/div>\n<p>Molte volte ho accennato all\u2019importanza del <em>saper fluire<\/em> in questo corso vitale che ci \u00e8 stato donato, probabilmente, anche per imparare semplicemente questo: <em>saper fluire, lasciar scorrere, evitare intasamenti e, quindi, blocchi di qualsiasi natura essi siano.<\/em><\/p>\n<p>Un modo di vivere di questo tipo risulta sicuramente molto strano alla maggior parte di noi.<\/p>\n<p>Siamo abituati a <em>contrarre<\/em>, <em>bloccare<\/em>, <em>sovraccaricare<\/em>, come se senza questo non ci si sentisse vivi.<\/p>\n<h2>Quale vuoto vuoi vivere?&#8230;<\/h2>\n<div id=\"attachment_2805\" style=\"width: 275px\" class=\"wp-caption alignleft\"><img loading=\"lazy\" decoding=\"async\" aria-describedby=\"caption-attachment-2805\" class=\"wp-image-2805 size-medium\" src=\"https:\/\/lbcomunicazione.org\/wp-content\/uploads\/2020\/01\/dancer-3123307_1920-265x300.jpg\" alt=\"\" width=\"265\" height=\"300\" srcset=\"https:\/\/lbcomunicazione.org\/wp-content\/uploads\/2020\/01\/dancer-3123307_1920-265x300.jpg 265w, https:\/\/lbcomunicazione.org\/wp-content\/uploads\/2020\/01\/dancer-3123307_1920-903x1024.jpg 903w, https:\/\/lbcomunicazione.org\/wp-content\/uploads\/2020\/01\/dancer-3123307_1920-768x870.jpg 768w, https:\/\/lbcomunicazione.org\/wp-content\/uploads\/2020\/01\/dancer-3123307_1920-1355x1536.jpg 1355w, https:\/\/lbcomunicazione.org\/wp-content\/uploads\/2020\/01\/dancer-3123307_1920-520x589.jpg 520w, https:\/\/lbcomunicazione.org\/wp-content\/uploads\/2020\/01\/dancer-3123307_1920.jpg 1694w\" sizes=\"auto, (max-width: 265px) 100vw, 265px\" \/><p id=\"caption-attachment-2805\" class=\"wp-caption-text\">L&#8217;universo inizia a danzare insieme a te&#8230;<\/p><\/div>\n<h3>Ed \u00e8\u00a0 proprio questo modo di essere che, invece di riconoscere il vuoto, lo spazio che ti circonda, quello che unisce, ti porta a vivere un senso di vuoto dentro, quello che ti fa sentire solo, triste e inutile.<\/h3>\n<p>In realt\u00e0, se si inizia un collegamento con quello <strong>spazio<\/strong> che \u00e8 tutto intorno a noi, quello <strong>spazio<\/strong> che unisce, quello <strong>spazio<\/strong> che riempie, la sensazione di <strong>vuoto<\/strong> che alberga in noi cambia completamente, e scaturisce una grande sensazione di Unit\u00e0 che genera gioia e pienezza.<\/p>\n<p><em>E\u2019 come se tutto l\u2019Universo iniziasse a danzare insieme a te, in uno stato di benessere e di consapevolezza mai conosciuti prima.<\/em><\/p>\n<p><em>Il tuo cuore trabocca di gioia, e tutto quello che fino a poco fa ti creava problemi, scompare, non c\u2019\u00e8 pi\u00f9.<\/em><\/p>\n<h2>Sembra di vivere in una favola&#8230;<\/h2>\n<h3>Sembra d vivere in una favola, \u00e8 vero.<\/h3>\n<div id=\"attachment_2802\" style=\"width: 310px\" class=\"wp-caption alignright\"><img loading=\"lazy\" decoding=\"async\" aria-describedby=\"caption-attachment-2802\" class=\"wp-image-2802 size-medium\" src=\"https:\/\/lbcomunicazione.org\/wp-content\/uploads\/2020\/01\/woman-2188033_1920-300x170.jpg\" alt=\"\" width=\"300\" height=\"170\" srcset=\"https:\/\/lbcomunicazione.org\/wp-content\/uploads\/2020\/01\/woman-2188033_1920-300x170.jpg 300w, https:\/\/lbcomunicazione.org\/wp-content\/uploads\/2020\/01\/woman-2188033_1920-1024x580.jpg 1024w, https:\/\/lbcomunicazione.org\/wp-content\/uploads\/2020\/01\/woman-2188033_1920-768x435.jpg 768w, https:\/\/lbcomunicazione.org\/wp-content\/uploads\/2020\/01\/woman-2188033_1920-1536x870.jpg 1536w, https:\/\/lbcomunicazione.org\/wp-content\/uploads\/2020\/01\/woman-2188033_1920-520x294.jpg 520w, https:\/\/lbcomunicazione.org\/wp-content\/uploads\/2020\/01\/woman-2188033_1920.jpg 1920w\" sizes=\"auto, (max-width: 300px) 100vw, 300px\" \/><p id=\"caption-attachment-2802\" class=\"wp-caption-text\">Il vuoto che unisce \u00e8 vita&#8230;<\/p><\/div>\n<p><strong>Sembra che io mi sia fatta chiss\u00e0 di quale sostanza, ma non \u00e8 cos\u00ec.<\/strong><\/p>\n<p>La vita \u00e8 piena di sorprese, da conoscere ogni giorno di pi\u00f9, ed \u00e8 per questo che, per qualsiasi motivo ti senti amareggiato, triste, con un grande <strong>vuoto<\/strong> dentro che sembra impossibile da colmare, entra in contatto con il <strong>vuoto<\/strong>, lo <strong>spazio<\/strong> intorno a te che unisce, perch\u00e9 \u00e8 proprio in questo<strong> spazio<\/strong> che accadono le cose migliori, che la vita torna a risplendere nella sua vera luce, che il tuo essere inizia a celebrare la vita!<\/p>\n<p>Se ti \u00e8 piaciuto l\u2019articolo puoi condividerne altri a questi link:<\/p>\n<p><a href=\"https:\/\/lbcomunicazione.org\/index.php\/author\/maria\/\">https:\/\/lbcomunicazione.org\/index.php\/author\/maria\/\u00a0\u00a0\u00a0\u00a0\u00a0\u00a0\u00a0<\/a><br \/>\n<a href=\"https:\/\/lbcomunicazione.org\/index.php\/pittricediparole\/\">https:\/\/lbcomunicazione.org\/index.php\/pittricediparole\/<\/a><\/p>\n","protected":false},"excerpt":{"rendered":"<p>&nbsp; Di Maria Diana \u201cSe apriamo le mani, possiamo ricevere ogni cosa. Se siamo vuoti, possiamo contenere l\u2019Universo\u201d: (Buddha)<\/p>\n","protected":false},"author":12,"featured_media":2799,"comment_status":"open","ping_status":"closed","sticky":false,"template":"","format":"image","meta":{"footnotes":""},"categories":[181],"tags":[301,204],"class_list":["post-2048","post","type-post","status-publish","format-image","has-post-thumbnail","hentry","category-riflessioni","tag-spazio","tag-vuoto","post_format-post-format-image"],"_links":{"self":[{"href":"https:\/\/lbcomunicazione.org\/index.php\/wp-json\/wp\/v2\/posts\/2048","targetHints":{"allow":["GET"]}}],"collection":[{"href":"https:\/\/lbcomunicazione.org\/index.php\/wp-json\/wp\/v2\/posts"}],"about":[{"href":"https:\/\/lbcomunicazione.org\/index.php\/wp-json\/wp\/v2\/types\/post"}],"author":[{"embeddable":true,"href":"https:\/\/lbcomunicazione.org\/index.php\/wp-json\/wp\/v2\/users\/12"}],"replies":[{"embeddable":true,"href":"https:\/\/lbcomunicazione.org\/index.php\/wp-json\/wp\/v2\/comments?post=2048"}],"version-history":[{"count":0,"href":"https:\/\/lbcomunicazione.org\/index.php\/wp-json\/wp\/v2\/posts\/2048\/revisions"}],"wp:featuredmedia":[{"embeddable":true,"href":"https:\/\/lbcomunicazione.org\/index.php\/wp-json\/wp\/v2\/media\/2799"}],"wp:attachment":[{"href":"https:\/\/lbcomunicazione.org\/index.php\/wp-json\/wp\/v2\/media?parent=2048"}],"wp:term":[{"taxonomy":"category","embeddable":true,"href":"https:\/\/lbcomunicazione.org\/index.php\/wp-json\/wp\/v2\/categories?post=2048"},{"taxonomy":"post_tag","embeddable":true,"href":"https:\/\/lbcomunicazione.org\/index.php\/wp-json\/wp\/v2\/tags?post=2048"}],"curies":[{"name":"wp","href":"https:\/\/api.w.org\/{rel}","templated":true}]}}