{"id":1681,"date":"2019-12-19T13:45:12","date_gmt":"2019-12-19T12:45:12","guid":{"rendered":"http:\/\/lbcomunicazione.org\/?p=1681"},"modified":"2019-12-19T13:45:12","modified_gmt":"2019-12-19T12:45:12","slug":"disabili-o-persone-speciali-risponde-maurizio-sarlo","status":"publish","type":"post","link":"https:\/\/lbcomunicazione.org\/index.php\/2019\/12\/19\/disabili-o-persone-speciali-risponde-maurizio-sarlo\/","title":{"rendered":"&#8220;Disabili o Persone speciali: Risponde Maurizio Sarlo&#8221;"},"content":{"rendered":"<p>&nbsp;<\/p>\n<p><img loading=\"lazy\" decoding=\"async\" class=\"alignnone wp-image-1682\" src=\"https:\/\/lbcomunicazione.org\/wp-content\/uploads\/2019\/12\/d1-300x222.jpeg\" alt=\"\" width=\"126\" height=\"93\" srcset=\"https:\/\/lbcomunicazione.org\/wp-content\/uploads\/2019\/12\/d1-300x222.jpeg 300w, https:\/\/lbcomunicazione.org\/wp-content\/uploads\/2019\/12\/d1.jpeg 474w\" sizes=\"auto, (max-width: 126px) 100vw, 126px\" \/>\u00a0<img loading=\"lazy\" decoding=\"async\" class=\"alignnone wp-image-1684\" src=\"https:\/\/lbcomunicazione.org\/wp-content\/uploads\/2019\/12\/d3.jpeg\" alt=\"\" width=\"103\" height=\"159\" \/><img loading=\"lazy\" decoding=\"async\" class=\"alignnone wp-image-1683\" src=\"https:\/\/lbcomunicazione.org\/wp-content\/uploads\/2019\/12\/d4-300x184.jpeg\" alt=\"\" width=\"152\" height=\"93\" srcset=\"https:\/\/lbcomunicazione.org\/wp-content\/uploads\/2019\/12\/d4-300x184.jpeg 300w, https:\/\/lbcomunicazione.org\/wp-content\/uploads\/2019\/12\/d4.jpeg 472w\" sizes=\"auto, (max-width: 152px) 100vw, 152px\" \/>\u00a0<img loading=\"lazy\" decoding=\"async\" class=\"alignnone wp-image-1685\" src=\"https:\/\/lbcomunicazione.org\/wp-content\/uploads\/2019\/12\/d2-300x226.jpeg\" alt=\"\" width=\"208\" height=\"157\" srcset=\"https:\/\/lbcomunicazione.org\/wp-content\/uploads\/2019\/12\/d2-300x226.jpeg 300w, https:\/\/lbcomunicazione.org\/wp-content\/uploads\/2019\/12\/d2.jpeg 474w\" sizes=\"auto, (max-width: 208px) 100vw, 208px\" \/><img loading=\"lazy\" decoding=\"async\" class=\"alignnone wp-image-1692\" src=\"https:\/\/lbcomunicazione.org\/wp-content\/uploads\/2019\/12\/d5-300x169.jpeg\" alt=\"\" width=\"201\" height=\"113\" srcset=\"https:\/\/lbcomunicazione.org\/wp-content\/uploads\/2019\/12\/d5-300x169.jpeg 300w, https:\/\/lbcomunicazione.org\/wp-content\/uploads\/2019\/12\/d5.jpeg 473w\" sizes=\"auto, (max-width: 201px) 100vw, 201px\" \/><\/p>\n<p><img loading=\"lazy\" decoding=\"async\" class=\" wp-image-1616 alignright\" src=\"https:\/\/lbcomunicazione.org\/wp-content\/uploads\/2019\/12\/image_2019-12-11_16-43-42-210x300.png\" alt=\"\" width=\"319\" height=\"456\" srcset=\"https:\/\/lbcomunicazione.org\/wp-content\/uploads\/2019\/12\/image_2019-12-11_16-43-42-210x300.png 210w, https:\/\/lbcomunicazione.org\/wp-content\/uploads\/2019\/12\/image_2019-12-11_16-43-42-716x1024.png 716w, https:\/\/lbcomunicazione.org\/wp-content\/uploads\/2019\/12\/image_2019-12-11_16-43-42-768x1098.png 768w, https:\/\/lbcomunicazione.org\/wp-content\/uploads\/2019\/12\/image_2019-12-11_16-43-42-520x744.png 520w, https:\/\/lbcomunicazione.org\/wp-content\/uploads\/2019\/12\/image_2019-12-11_16-43-42.png 895w\" sizes=\"auto, (max-width: 319px) 100vw, 319px\" \/><\/p>\n<div class=\"page\" title=\"Page 1\">\n<div class=\"layoutArea\">\n<div class=\"column\">\n<p>Se \u00e8 vero come \u00e8 vero che la realt\u00e0 funziona in base alla \u201clegge dello specchio\u201d, e che le strutture politiche e giuridiche sono il riverbero della societ\u00e0 che le costruisce, mi chiedo quale idea di inclusione e di disabilit\u00e0 abbiamo come societ\u00e0 o abbiano coloro del &#8220;politichese&#8221;che hanno pensato a questo? In altre parole, se abbiamo bisogno di un Ministero speciale, non sar\u00e0 forse un segno di <strong>quanto siamo ancora lontani da una vera inclusione?<\/strong><\/p>\n<p>&#8230;quindi vorremmo sapere da Lei che \u00e8 il segretario generale del Partito Valore Umano se ha un programma di intervento in merito al grave problema della disabilita\u0300, che in Italia purtroppo conta ben 3 milioni di persone e relative famiglie, che al momento sono poco o per nulla sostenute dallo Stato.<\/p>\n<p>La risposta \u00e8 in questo Video-Intervista rilasciata gentilmente da Maurizio Sarlo durante l&#8217;evento&#8221;Equilibrio tra Impresa e Sociale&#8221; il 14 dicembre 2019.<\/p>\n<p>Buona visione<\/p>\n<p>Arrivederci.<\/p>\n<p>Andrea Cimenti<\/p>\n<\/div>\n<div class=\"video-container\"><iframe loading=\"lazy\" title=\"blog TG24 la comunicazione : &quot; &quot;Disabili o Persone speciali? &quot;\" width=\"500\" height=\"281\" src=\"https:\/\/www.youtube.com\/embed\/BkFGIbbvHfU?feature=oembed&#038;wmode=opaque\" frameborder=\"0\" allow=\"accelerometer; autoplay; clipboard-write; encrypted-media; gyroscope; picture-in-picture; web-share\" referrerpolicy=\"strict-origin-when-cross-origin\" allowfullscreen><\/iframe><\/div>\n<\/div>\n<\/div>\n","protected":false},"excerpt":{"rendered":"<p>&nbsp; \u00a0\u00a0 Se \u00e8 vero come \u00e8 vero che la realt\u00e0 funziona in base alla \u201clegge dello specchio\u201d, e che le strutture politiche e giuridiche sono il riverbero della societ\u00e0 che le costruisce, mi chiedo quale&#46;&#46;&#46;<\/p>\n","protected":false},"author":22,"featured_media":1738,"comment_status":"open","ping_status":"closed","sticky":false,"template":"","format":"image","meta":{"footnotes":""},"categories":[18],"tags":[216,211,212],"class_list":["post-1681","post","type-post","status-publish","format-image","has-post-thumbnail","hentry","category-politica","tag-bussolengo","tag-disabilita-mauriziosarlo-andreacimenti","tag-partitovaloreumano","post_format-post-format-image"],"_links":{"self":[{"href":"https:\/\/lbcomunicazione.org\/index.php\/wp-json\/wp\/v2\/posts\/1681","targetHints":{"allow":["GET"]}}],"collection":[{"href":"https:\/\/lbcomunicazione.org\/index.php\/wp-json\/wp\/v2\/posts"}],"about":[{"href":"https:\/\/lbcomunicazione.org\/index.php\/wp-json\/wp\/v2\/types\/post"}],"author":[{"embeddable":true,"href":"https:\/\/lbcomunicazione.org\/index.php\/wp-json\/wp\/v2\/users\/22"}],"replies":[{"embeddable":true,"href":"https:\/\/lbcomunicazione.org\/index.php\/wp-json\/wp\/v2\/comments?post=1681"}],"version-history":[{"count":0,"href":"https:\/\/lbcomunicazione.org\/index.php\/wp-json\/wp\/v2\/posts\/1681\/revisions"}],"wp:featuredmedia":[{"embeddable":true,"href":"https:\/\/lbcomunicazione.org\/index.php\/wp-json\/wp\/v2\/media\/1738"}],"wp:attachment":[{"href":"https:\/\/lbcomunicazione.org\/index.php\/wp-json\/wp\/v2\/media?parent=1681"}],"wp:term":[{"taxonomy":"category","embeddable":true,"href":"https:\/\/lbcomunicazione.org\/index.php\/wp-json\/wp\/v2\/categories?post=1681"},{"taxonomy":"post_tag","embeddable":true,"href":"https:\/\/lbcomunicazione.org\/index.php\/wp-json\/wp\/v2\/tags?post=1681"}],"curies":[{"name":"wp","href":"https:\/\/api.w.org\/{rel}","templated":true}]}}