{"id":1614,"date":"2019-12-16T10:53:13","date_gmt":"2019-12-16T09:53:13","guid":{"rendered":"http:\/\/lbcomunicazione.org\/?p=1614"},"modified":"2019-12-16T11:08:32","modified_gmt":"2019-12-16T10:08:32","slug":"considerazioni-sulla-strada-prov-n9-che-attraversa-il-comune-di-castelnovo-bariano","status":"publish","type":"post","link":"https:\/\/lbcomunicazione.org\/index.php\/2019\/12\/16\/considerazioni-sulla-strada-prov-n9-che-attraversa-il-comune-di-castelnovo-bariano\/","title":{"rendered":"CONSIDERAZIONI SULLA STRADA PROV. N\u00b09  CHE ATTRAVERSA IL COMUNE DI CASTELNOVO BARIANO"},"content":{"rendered":"<h3><\/h3>\n<p><strong>&#x270d;&#x270d; Cristina Berti &#x270d;&#x270d;<\/strong><\/p>\n<h3><\/h3>\n<h3>Si legge spesso in questi giorni sui giornali che Il sindaco di Castelnovo Bariano minaccia di chiudere la strada Provinciale\u00a0 n\u00b0 9 che porta a Torretta un collegamento molto importante per la gente che si deve spostare.<\/h3>\n<p>Conoscendo il sindaco suppongo sia solo una \u201cProvocazione\u201d, perch\u00e9 per risolvere i problemi non credo che queste siano le soluzioni. Come non \u00e8 interessante leggere io farei io farei io farei. Perch\u00e9 il problema non \u00e8 &#8220;io farei&#8221; ma dobbiamo fare. Forse lottando tutti insieme (senza usare una triste soluzione come quella di chiudere la strada), si possono inviare lettere a chi di dovere (magari anche a flotte) per far capire quanto importante siano non solo la strada di torretta, ma le strade che ci permettono di spostarci.<br \/>\nUn anno fa ho provato ad addentrarmi nella <em>via Cavo Bentivoglio,<\/em> altra piaga del paese, ma nessuno fa nulla e in quella via ci abitano famiglie, di conseguenza sono solo loro a lamentarsi, perch\u00e9 ovviamente, la maggioranza dei cittadini non vive quel disagio; ma anche li, unendo le forze si potrebbe fare la differenza&#8230; poi abbiamo la <em>via Arella<\/em> che ha problemi e anche li solo alcuni si lamentano.<br \/>\nFacile lamentarsi solo quando noi siamo calpestati ben pi\u00f9 difficile unire le forze e agire insieme e pensare che solo uniti si ottengono le cose\u2026. A volte bisogna seppellire l&#8217;ascia di guerra e iniziare a collaborare insieme invece di continuare ad incolparsi a vicenda. Il bene comune \u00e8 sempre la cosa pi\u00f9 giusta da fare .\u00a0 Tutti abbiamo un cuore, tutti abbiamo un dolore, tutti abbiamo qualcuno da perdonare. Forse se iniziassimo a guardare il prossimo come persona che ha un cuore, un dolore e a perdonare il nostro paese sarebbe un esempio per tanti e sono convinta che\u00a0 \u00e8 cos\u00ec.<\/p>\n<p><strong>Castelnovo Bariano e San Pietro Polesine<\/strong> sono nel cuore di tutti i compaesani uniamo le forze e insieme per una volta agiamo!<\/p>\n<p>&nbsp;<\/p>\n<p>Tutti gli articoli di Cristina Berti; clicca <a href=\"https:\/\/lbcomunicazione.org\/index.php\/author\/cristina\/\">QUI<\/a><\/p>\n<p>&nbsp;<\/p>\n","protected":false},"excerpt":{"rendered":"<p>&#x270d;&#x270d; Cristina Berti &#x270d;&#x270d; Si legge spesso in questi giorni sui giornali che Il sindaco di Castelnovo Bariano minaccia di chiudere la strada Provinciale\u00a0 n\u00b0 9 che porta a Torretta un collegamento molto importante per la&#46;&#46;&#46;<\/p>\n","protected":false},"author":3,"featured_media":1621,"comment_status":"open","ping_status":"closed","sticky":false,"template":"","format":"image","meta":{"footnotes":""},"categories":[6],"tags":[178,208,128],"class_list":["post-1614","post","type-post","status-publish","format-image","has-post-thumbnail","hentry","category-attualita","tag-castelnovo-bariano","tag-provincia","tag-veneto","post_format-post-format-image"],"_links":{"self":[{"href":"https:\/\/lbcomunicazione.org\/index.php\/wp-json\/wp\/v2\/posts\/1614","targetHints":{"allow":["GET"]}}],"collection":[{"href":"https:\/\/lbcomunicazione.org\/index.php\/wp-json\/wp\/v2\/posts"}],"about":[{"href":"https:\/\/lbcomunicazione.org\/index.php\/wp-json\/wp\/v2\/types\/post"}],"author":[{"embeddable":true,"href":"https:\/\/lbcomunicazione.org\/index.php\/wp-json\/wp\/v2\/users\/3"}],"replies":[{"embeddable":true,"href":"https:\/\/lbcomunicazione.org\/index.php\/wp-json\/wp\/v2\/comments?post=1614"}],"version-history":[{"count":0,"href":"https:\/\/lbcomunicazione.org\/index.php\/wp-json\/wp\/v2\/posts\/1614\/revisions"}],"wp:featuredmedia":[{"embeddable":true,"href":"https:\/\/lbcomunicazione.org\/index.php\/wp-json\/wp\/v2\/media\/1621"}],"wp:attachment":[{"href":"https:\/\/lbcomunicazione.org\/index.php\/wp-json\/wp\/v2\/media?parent=1614"}],"wp:term":[{"taxonomy":"category","embeddable":true,"href":"https:\/\/lbcomunicazione.org\/index.php\/wp-json\/wp\/v2\/categories?post=1614"},{"taxonomy":"post_tag","embeddable":true,"href":"https:\/\/lbcomunicazione.org\/index.php\/wp-json\/wp\/v2\/tags?post=1614"}],"curies":[{"name":"wp","href":"https:\/\/api.w.org\/{rel}","templated":true}]}}