{"id":1567,"date":"2019-12-15T21:45:55","date_gmt":"2019-12-15T20:45:55","guid":{"rendered":"http:\/\/lbcomunicazione.org\/?p=1567"},"modified":"2020-01-19T01:23:59","modified_gmt":"2020-01-19T00:23:59","slug":"con-si-istruzioni-per-luso","status":"publish","type":"post","link":"https:\/\/lbcomunicazione.org\/index.php\/2019\/12\/15\/con-si-istruzioni-per-luso\/","title":{"rendered":"CON-S\u00ec: Istruzioni per l&#8217;uso"},"content":{"rendered":"<div class=\"video-container\"><iframe loading=\"lazy\" title=\"blog TG24 la comunicazione : &quot;  CON-Si - istruzioni per l\u2019uso &quot;\" width=\"500\" height=\"281\" src=\"https:\/\/www.youtube.com\/embed\/SconHOhn3NE?feature=oembed&#038;wmode=opaque\" frameborder=\"0\" allow=\"accelerometer; autoplay; clipboard-write; encrypted-media; gyroscope; picture-in-picture; web-share\" referrerpolicy=\"strict-origin-when-cross-origin\" allowfullscreen><\/iframe><\/div>\n<h3><img loading=\"lazy\" decoding=\"async\" class=\"wp-image-1500 aligncenter\" src=\"https:\/\/lbcomunicazione.org\/wp-content\/uploads\/2019\/12\/photo_2019-12-11_20-52-06-300x254.jpg\" alt=\"\" width=\"288\" height=\"244\" srcset=\"https:\/\/lbcomunicazione.org\/wp-content\/uploads\/2019\/12\/photo_2019-12-11_20-52-06-300x254.jpg 300w, https:\/\/lbcomunicazione.org\/wp-content\/uploads\/2019\/12\/photo_2019-12-11_20-52-06-520x441.jpg 520w, https:\/\/lbcomunicazione.org\/wp-content\/uploads\/2019\/12\/photo_2019-12-11_20-52-06.jpg 586w\" sizes=\"auto, (max-width: 288px) 100vw, 288px\" \/><\/h3>\n<h3><\/h3>\n<h3><strong>Che cosa sono i CON-S\u00ec? Di che cosa si occupano, quali le modalit\u00e0 di adesione? A queste e ad altre domande risponde Sem Galbiati, Presidente CON-S\u00ec Lombardia e membro della Confederazione\u00a0 CON-S\u00ec Nazionale<\/strong><\/h3>\n<p><img loading=\"lazy\" decoding=\"async\" class=\"alignnone wp-image-1501\" src=\"https:\/\/lbcomunicazione.org\/wp-content\/uploads\/2019\/12\/Logo-Clemm-Lombardia-300x300.jpg\" alt=\"\" width=\"204\" height=\"204\" srcset=\"https:\/\/lbcomunicazione.org\/wp-content\/uploads\/2019\/12\/Logo-Clemm-Lombardia-300x300.jpg 300w, https:\/\/lbcomunicazione.org\/wp-content\/uploads\/2019\/12\/Logo-Clemm-Lombardia-150x150.jpg 150w, https:\/\/lbcomunicazione.org\/wp-content\/uploads\/2019\/12\/Logo-Clemm-Lombardia-160x160.jpg 160w, https:\/\/lbcomunicazione.org\/wp-content\/uploads\/2019\/12\/Logo-Clemm-Lombardia-320x320.jpg 320w, https:\/\/lbcomunicazione.org\/wp-content\/uploads\/2019\/12\/Logo-Clemm-Lombardia-520x520.jpg 520w, https:\/\/lbcomunicazione.org\/wp-content\/uploads\/2019\/12\/Logo-Clemm-Lombardia.jpg 640w\" sizes=\"auto, (max-width: 204px) 100vw, 204px\" \/><\/p>\n<p>&nbsp;<\/p>\n<p>&nbsp;<\/p>\n","protected":false},"excerpt":{"rendered":"<p>Che cosa sono i CON-S\u00ec? Di che cosa si occupano, quali le modalit\u00e0 di adesione? A queste e ad altre domande risponde Sem Galbiati, Presidente CON-S\u00ec Lombardia e membro della Confederazione\u00a0 CON-S\u00ec Nazionale &nbsp; &nbsp;<\/p>\n","protected":false},"author":26,"featured_media":1571,"comment_status":"open","ping_status":"closed","sticky":false,"template":"","format":"image","meta":{"footnotes":""},"categories":[6,268],"tags":[167,75,207],"class_list":["post-1567","post","type-post","status-publish","format-image","has-post-thumbnail","hentry","category-attualita","category-consi","tag-consi","tag-lombardia","tag-sem-galbiati","post_format-post-format-image"],"_links":{"self":[{"href":"https:\/\/lbcomunicazione.org\/index.php\/wp-json\/wp\/v2\/posts\/1567","targetHints":{"allow":["GET"]}}],"collection":[{"href":"https:\/\/lbcomunicazione.org\/index.php\/wp-json\/wp\/v2\/posts"}],"about":[{"href":"https:\/\/lbcomunicazione.org\/index.php\/wp-json\/wp\/v2\/types\/post"}],"author":[{"embeddable":true,"href":"https:\/\/lbcomunicazione.org\/index.php\/wp-json\/wp\/v2\/users\/26"}],"replies":[{"embeddable":true,"href":"https:\/\/lbcomunicazione.org\/index.php\/wp-json\/wp\/v2\/comments?post=1567"}],"version-history":[{"count":0,"href":"https:\/\/lbcomunicazione.org\/index.php\/wp-json\/wp\/v2\/posts\/1567\/revisions"}],"wp:featuredmedia":[{"embeddable":true,"href":"https:\/\/lbcomunicazione.org\/index.php\/wp-json\/wp\/v2\/media\/1571"}],"wp:attachment":[{"href":"https:\/\/lbcomunicazione.org\/index.php\/wp-json\/wp\/v2\/media?parent=1567"}],"wp:term":[{"taxonomy":"category","embeddable":true,"href":"https:\/\/lbcomunicazione.org\/index.php\/wp-json\/wp\/v2\/categories?post=1567"},{"taxonomy":"post_tag","embeddable":true,"href":"https:\/\/lbcomunicazione.org\/index.php\/wp-json\/wp\/v2\/tags?post=1567"}],"curies":[{"name":"wp","href":"https:\/\/api.w.org\/{rel}","templated":true}]}}