{"id":1545,"date":"2019-12-15T19:24:41","date_gmt":"2019-12-15T18:24:41","guid":{"rendered":"http:\/\/lbcomunicazione.org\/?p=1545"},"modified":"2020-01-19T01:23:08","modified_gmt":"2020-01-19T00:23:08","slug":"anche-il-friuli-venezia-giulia-e-supportato-dal-consi","status":"publish","type":"post","link":"https:\/\/lbcomunicazione.org\/index.php\/2019\/12\/15\/anche-il-friuli-venezia-giulia-e-supportato-dal-consi\/","title":{"rendered":"Anche il Friuli Venezia Giulia \u00e8 supportato dal ConS\u00ec"},"content":{"rendered":"<p>&#x270d;&#x270d;Anche il Friuli Venezia Giulia \u00e8 supportato dal ConS\u00ec&#x270d;&#x270d; Articolo di Stefano Cargnelutti &#x270d;&#x270d; Gorizia&#x270d;&#x270d;<\/p>\n<p>&nbsp;<\/p>\n<h2><strong>Dal 6 dicembre 2019 anche il Friuli Venezia Giulia si \u00e8 arricchito si uno strumento secondo me molto importante, il ConS\u00ec FVG.<\/strong><\/h2>\n<p>Il <a href=\"https:\/\/con-si.it\">ConS\u00ec<\/a>, ossia il <em>Consorzio Sicuro<\/em>, \u00e8 una rete di associazioni filantropiche con finalit\u00e0 di natura umanitaria.<br \/>\nLa rete del <a href=\"https:\/\/con-si.it\">ConS\u00ec<\/a> \u00e8 strutturata secondo uno schema confederativo, perci\u00f2 \u00e8 previsto un livello nazionale, 20 livelli regionali e 110 provinciali.<br \/>\nLa sua struttura conter\u00e0 quindi 131 Associazioni <a href=\"https:\/\/con-si.it\">ConS\u00ec<\/a>.<\/p>\n<p><strong>La finalit\u00e0<\/strong>, riportata nello statuto del <a href=\"https:\/\/con-si.it\">ConS\u00ec<\/a>, \u00e8 dare vita alla parte economico ed imprenditoriale del progetto <a href=\"https:\/\/www.coemm.org\/\">Coemm<\/a>.<\/p>\n<p>Brevemente, ho potuto comprendere che tra le finalit\u00e0 sono incluse l&#8217;obiettivo di facilitare il passaggio da una sistema economico da debito a credito e di permettere agli associati di migliorare il proprio stato economico per poter dedicare le proprie energie, non come accade oggi per pensare a vivere, bens\u00ec per poter sviluppare i propri talenti e progetti.<br \/>\nTra le finalit\u00e0 c&#8217;\u00e8 il progetto del Microcredito, ma anche di avere un potere contrattuale maggiore, per poter permettere agli associati migliori condizioni ad esempio per l&#8217;acquisto di gas, cibo, assicurazioni, energia elettrica, ecc.<\/p>\n<p>Il <a href=\"https:\/\/con-si.it\">ConS\u00ec<\/a> non si rivolge solamente all&#8217;imprenditoria, ma a tutte le persone, perch\u00e9 l&#8217;economia si costruisce coinvolgento tutti.<\/p>\n<p>Il <a href=\"https:\/\/con-si.it\">ConS\u00ec<\/a> prevede infatti tutta una serie di eventi formativi atti a cambiare il paradigma sociale.<\/p>\n<p>&nbsp;<\/p>\n<h2><strong>Il 6 dicembre 2019, per me cela un momento storico per il Friuli Venezia Giulia<\/strong><\/h2>\n<p>Da tale data infatti, risultano fondati sia il <strong><a href=\"https:\/\/con-si.it\">ConS\u00ec<\/a> Regionale FVG<\/strong>, che i <strong><a href=\"https:\/\/con-si.it\">ConS\u00ec<\/a> provinciali di Gorizia, Pordenone, Udine e Trieste<\/strong>.<\/p>\n<p>&nbsp;<\/p>\n<div id=\"attachment_1547\" style=\"width: 1034px\" class=\"wp-caption alignnone\"><img loading=\"lazy\" decoding=\"async\" aria-describedby=\"caption-attachment-1547\" class=\"size-large wp-image-1547\" src=\"https:\/\/lbcomunicazione.org\/wp-content\/uploads\/2019\/12\/cons\u00ec-friuli-venezia-giulia-1024x576.jpg\" alt=\"\" width=\"1024\" height=\"576\" srcset=\"https:\/\/lbcomunicazione.org\/wp-content\/uploads\/2019\/12\/cons\u00ec-friuli-venezia-giulia-1024x576.jpg 1024w, https:\/\/lbcomunicazione.org\/wp-content\/uploads\/2019\/12\/cons\u00ec-friuli-venezia-giulia-300x169.jpg 300w, https:\/\/lbcomunicazione.org\/wp-content\/uploads\/2019\/12\/cons\u00ec-friuli-venezia-giulia-768x432.jpg 768w, https:\/\/lbcomunicazione.org\/wp-content\/uploads\/2019\/12\/cons\u00ec-friuli-venezia-giulia-520x292.jpg 520w, https:\/\/lbcomunicazione.org\/wp-content\/uploads\/2019\/12\/cons\u00ec-friuli-venezia-giulia.jpg 1366w\" sizes=\"auto, (max-width: 1024px) 100vw, 1024px\" \/><p id=\"caption-attachment-1547\" class=\"wp-caption-text\"><em>Da sinistra, Tatiana Vartic, Angela Celentano, Patrizia Al\u00ec Linuzzi, Loris Londero, Marco D&#8217;Agostina.<\/em><\/p><\/div>\n<p>&nbsp;<\/p>\n<p>&nbsp;<\/p>\n<h3><strong>Vi lascio questo breve ma emozionante video che cela gli attimi della fondazione del <a href=\"https:\/\/con-si.it\">Cons\u00ec<\/a> FVG<\/strong><\/h3>\n<div class=\"video-container\"><iframe loading=\"lazy\" title=\"CON SI\u2019 FVG\" width=\"500\" height=\"281\" src=\"https:\/\/www.youtube.com\/embed\/_2s9cf_dtIc?feature=oembed&#038;wmode=opaque\" frameborder=\"0\" allow=\"accelerometer; autoplay; clipboard-write; encrypted-media; gyroscope; picture-in-picture; web-share\" referrerpolicy=\"strict-origin-when-cross-origin\" allowfullscreen><\/iframe><\/div>\n<p>&nbsp;<\/p>\n<p>Altri articoli di Stefano Cargnelutti; clicca\u00a0<a href=\"https:\/\/lbcomunicazione.org\/index.php\/author\/stefano\/\">QUI<\/a><\/p>\n","protected":false},"excerpt":{"rendered":"<p>Il ConS\u00ec per Il Friuli Venezia Giulia. Il ConS\u00ec, ossia il Consorzio Sicuro, \u00e8 una rete di associazioni filantropiche con finalit\u00e0 di natura umanitaria.<\/p>\n","protected":false},"author":5,"featured_media":1548,"comment_status":"open","ping_status":"closed","sticky":false,"template":"","format":"image","meta":{"footnotes":""},"categories":[6,268],"tags":[167,127],"class_list":["post-1545","post","type-post","status-publish","format-image","has-post-thumbnail","hentry","category-attualita","category-consi","tag-consi","tag-microcredito","post_format-post-format-image"],"_links":{"self":[{"href":"https:\/\/lbcomunicazione.org\/index.php\/wp-json\/wp\/v2\/posts\/1545","targetHints":{"allow":["GET"]}}],"collection":[{"href":"https:\/\/lbcomunicazione.org\/index.php\/wp-json\/wp\/v2\/posts"}],"about":[{"href":"https:\/\/lbcomunicazione.org\/index.php\/wp-json\/wp\/v2\/types\/post"}],"author":[{"embeddable":true,"href":"https:\/\/lbcomunicazione.org\/index.php\/wp-json\/wp\/v2\/users\/5"}],"replies":[{"embeddable":true,"href":"https:\/\/lbcomunicazione.org\/index.php\/wp-json\/wp\/v2\/comments?post=1545"}],"version-history":[{"count":0,"href":"https:\/\/lbcomunicazione.org\/index.php\/wp-json\/wp\/v2\/posts\/1545\/revisions"}],"wp:featuredmedia":[{"embeddable":true,"href":"https:\/\/lbcomunicazione.org\/index.php\/wp-json\/wp\/v2\/media\/1548"}],"wp:attachment":[{"href":"https:\/\/lbcomunicazione.org\/index.php\/wp-json\/wp\/v2\/media?parent=1545"}],"wp:term":[{"taxonomy":"category","embeddable":true,"href":"https:\/\/lbcomunicazione.org\/index.php\/wp-json\/wp\/v2\/categories?post=1545"},{"taxonomy":"post_tag","embeddable":true,"href":"https:\/\/lbcomunicazione.org\/index.php\/wp-json\/wp\/v2\/tags?post=1545"}],"curies":[{"name":"wp","href":"https:\/\/api.w.org\/{rel}","templated":true}]}}