{"id":1530,"date":"2019-12-15T13:33:36","date_gmt":"2019-12-15T12:33:36","guid":{"rendered":"http:\/\/lbcomunicazione.org\/?p=1530"},"modified":"2020-01-11T19:03:02","modified_gmt":"2020-01-11T18:03:02","slug":"progetto-scuola-risponde-lassociazione-culturale-lou-thel-il-tiglio","status":"publish","type":"post","link":"https:\/\/lbcomunicazione.org\/index.php\/2019\/12\/15\/progetto-scuola-risponde-lassociazione-culturale-lou-thel-il-tiglio\/","title":{"rendered":"Progetto scuola: risponde l&#8217;Associazione culturale Lou Th\u00e8l"},"content":{"rendered":"&#x270d;&#x270d; Progetto scuola: risponde l&#8217;Associazione culturale Lou Th\u00e8l &#x270d;&#x270d; Cristina Berti &#x270d;&#x270d;\r\n\r\n&nbsp;\r\n<h4><span style=\"color: #ff0000;\"><em><strong>Un Progetto nato per caso con una semplice domanda \u201c Cosa ti aspetti dal Natale\u201d<\/strong><\/em><\/span><\/h4>\r\n&nbsp;\r\n<h1><strong>Progetto scuola: risponde l&#8217;Associazione culturale Lou Th\u00e8l (il tiglio), del Piemonte<\/strong><\/h1>\r\n&nbsp;\r\n<h3><strong>Una scuola particolare ma lo lasciamo dire alla sua insegnante\u00a0 Bruna Salvai:<\/strong><\/h3>\r\n<div dir=\"auto\"><em>&#8220;Da molti anni mi occupo della ricerca e divulgazione delle tradizioni popolari Occitane (erbe, medicamenti, cucina, abiti, mestieri, canti e balli).<\/em><\/div>\r\n<div dir=\"auto\"><em>Insegno ballo popolare da oltre 36 anni e quest&#8217;anno con l&#8217;Unitre di Pinerolo abbiamo registrato un breve video&#8230;<\/em><\/div>\r\n<div dir=\"auto\"><\/div>\r\n<div dir=\"auto\"><em>Alla domanda &#8220;cosa ti aspetti dal Natale per in mondo migliore&#8221; ho ricevuto parecchie risposte:<\/em><\/div>\r\n<div dir=\"auto\"><em>Salute, serenit\u00e0 in famiglia, qualche soldino in pi\u00f9, invecchiare con gli amici pi\u00f9 chiari, una politica sana&#8230;. ma la risposta pi\u00f9 frequente \u00e8 stata: TEMPO<\/em><\/div>\r\n<div dir=\"auto\"><em>Tempo per leggere, tempo per stare con i nipotini, tempo per passeggiare, tempo per ridere, tempo per BALLARE&#8230;<\/em><\/div>\r\n<div dir=\"auto\"><\/div>\r\n<div dir=\"auto\"><em>e noi balliamo!\u00a0<\/em><\/div>\r\n<div dir=\"auto\"><\/div>\r\n<div dir=\"auto\">Nel video sottostante, vi presentiamo due balli:<\/div>\r\n<div><strong><em>LA COURENTA D&#8217;LA\u00a0 ROCHO<\/em><\/strong><\/div>\r\n<div><em>(corenta della roccia) \u00e8 un ballo tipico della val Maira (Cn)<\/em><\/div>\r\n<div><\/div>\r\n<div><strong><em>LA STERN POLKA\u00a0<\/em><\/strong><\/div>\r\n<div><em>Originaria della Germania \u00e8 una danza popolare della Boemia, diffusa anche in Baviera ed in Austria.<\/em><\/div>\r\n<div><em>In tedesco &#8220;Stern Polka&#8221; significa polka della stella.&#8221;<\/em><\/div>\r\n<div><\/div>\r\n<div><iframe loading=\"lazy\" src=\"https:\/\/www.youtube.com\/embed\/G1a-vNXgQ_c\" width=\"700\" height=\"400\" frameborder=\"0\" allowfullscreen=\"allowfullscreen\"><span data-mce-type=\"bookmark\" style=\"display: inline-block; width: 0px; overflow: hidden; line-height: 0;\" class=\"mce_SELRES_start\">\ufeff<\/span><span data-mce-type=\"bookmark\" style=\"display: inline-block; width: 0px; overflow: hidden; line-height: 0;\" class=\"mce_SELRES_start\">\ufeff<\/span><\/iframe><\/div>\r\n<div><\/div>\r\n<div><\/div>\r\n<div>Tutti gli articoli di Cristina Berti; clicca <a href=\"https:\/\/lbcomunicazione.org\/index.php\/author\/cristina\/\">QUI<\/a><\/div>\r\n<!-- \/wp:post-content -->","protected":false},"excerpt":{"rendered":"<p>&#x270d;&#x270d; Progetto scuola: risponde l&#8217;Associazione culturale Lou Th\u00e8l &#x270d;&#x270d; Cristina Berti &#x270d;&#x270d; &nbsp; Un Progetto nato per caso con una semplice domanda \u201c Cosa ti aspetti dal Natale\u201d &nbsp; Progetto scuola: risponde l&#8217;Associazione culturale Lou Th\u00e8l&#46;&#46;&#46;<\/p>\n","protected":false},"author":3,"featured_media":1534,"comment_status":"open","ping_status":"closed","sticky":false,"template":"","format":"image","meta":{"footnotes":""},"categories":[252,20],"tags":[206,205,194],"class_list":["post-1530","post","type-post","status-publish","format-image","has-post-thumbnail","hentry","category-progetto_scuola","category-scuola","tag-associazione-culturale","tag-piemonte","tag-progetto-scuola","post_format-post-format-image"],"_links":{"self":[{"href":"https:\/\/lbcomunicazione.org\/index.php\/wp-json\/wp\/v2\/posts\/1530","targetHints":{"allow":["GET"]}}],"collection":[{"href":"https:\/\/lbcomunicazione.org\/index.php\/wp-json\/wp\/v2\/posts"}],"about":[{"href":"https:\/\/lbcomunicazione.org\/index.php\/wp-json\/wp\/v2\/types\/post"}],"author":[{"embeddable":true,"href":"https:\/\/lbcomunicazione.org\/index.php\/wp-json\/wp\/v2\/users\/3"}],"replies":[{"embeddable":true,"href":"https:\/\/lbcomunicazione.org\/index.php\/wp-json\/wp\/v2\/comments?post=1530"}],"version-history":[{"count":0,"href":"https:\/\/lbcomunicazione.org\/index.php\/wp-json\/wp\/v2\/posts\/1530\/revisions"}],"wp:featuredmedia":[{"embeddable":true,"href":"https:\/\/lbcomunicazione.org\/index.php\/wp-json\/wp\/v2\/media\/1534"}],"wp:attachment":[{"href":"https:\/\/lbcomunicazione.org\/index.php\/wp-json\/wp\/v2\/media?parent=1530"}],"wp:term":[{"taxonomy":"category","embeddable":true,"href":"https:\/\/lbcomunicazione.org\/index.php\/wp-json\/wp\/v2\/categories?post=1530"},{"taxonomy":"post_tag","embeddable":true,"href":"https:\/\/lbcomunicazione.org\/index.php\/wp-json\/wp\/v2\/tags?post=1530"}],"curies":[{"name":"wp","href":"https:\/\/api.w.org\/{rel}","templated":true}]}}