{"id":1430,"date":"2019-12-13T18:14:47","date_gmt":"2019-12-13T17:14:47","guid":{"rendered":"http:\/\/lbcomunicazione.org\/?p=1430"},"modified":"2020-01-19T01:22:23","modified_gmt":"2020-01-19T00:22:23","slug":"prova-dorchestra-i-rappresentanti-dei-con-si-e-dei-salotti-sociali-della-lombardia-sincontrano","status":"publish","type":"post","link":"https:\/\/lbcomunicazione.org\/index.php\/2019\/12\/13\/prova-dorchestra-i-rappresentanti-dei-con-si-e-dei-salotti-sociali-della-lombardia-sincontrano\/","title":{"rendered":"Prova d\u2019orchestra &#8211; I rappresentanti dei Con-Si\u2019 e  dei Salotti sociali della Lombardia s\u2019incontrano"},"content":{"rendered":"<p><span style=\"font-size: large;\">Nello spirito del progetto C.O.E.M.M. un altro Primo Passo \u00e8 stato compiuto. Su invito del presidente del ConSi\u2019 Lombardia Sem Galbiati e del RR C.L.E.M.M. Dario Anticoni, che hanno ben compreso l\u2019anima collaborativa insita nel nostro progetto, sabato 7 dicembre, gli staff provinciali Sociali Clemm e i direttivi Con-Si\u2019 di tutta la regione si sono trovati <\/span><span style=\"font-size: large;\">per un primo incontro. <\/span><\/p>\n<p><img loading=\"lazy\" decoding=\"async\" class=\"alignnone size-medium wp-image-1431\" src=\"https:\/\/lbcomunicazione.org\/wp-content\/uploads\/2019\/12\/Logo-ConSi-300x254.jpg\" alt=\"\" width=\"300\" height=\"254\" srcset=\"https:\/\/lbcomunicazione.org\/wp-content\/uploads\/2019\/12\/Logo-ConSi-300x254.jpg 300w, https:\/\/lbcomunicazione.org\/wp-content\/uploads\/2019\/12\/Logo-ConSi-520x441.jpg 520w, https:\/\/lbcomunicazione.org\/wp-content\/uploads\/2019\/12\/Logo-ConSi.jpg 586w\" sizes=\"auto, (max-width: 300px) 100vw, 300px\" \/><\/p>\n<p><span style=\"font-size: large;\">12 province e relativi direttivi di due diverse strutture hanno permesso in un solo colpo che, con pi\u00f9 di 50 persone la platea fosse pi\u00f9 ricca anche numericamente. <\/span><\/p>\n<p><span style=\"font-size: large;\">Il pomeriggio si \u00e8 svolto prevalentemente sui temi riguardanti la parte tecnica dei prossimi passi dei Con-Si\u2019: Come iscriversi alla piattaforma, com\u2019\u00e8 organizzata la confederazione, quale sar\u00e0 l\u2019impegno dei Presidenti nella gestione delle iscrizioni, ponendo meticolosamente l\u2019accento sull\u2019importanza della collaborazione tra direttivi Con-Si\u2019 e Staff Provinciali Sociali, perch\u00e9 il fondamento del nostro progetto rimangono i Clemm. <\/span><\/p>\n<p><img loading=\"lazy\" decoding=\"async\" class=\"alignnone size-medium wp-image-1501\" src=\"https:\/\/lbcomunicazione.org\/wp-content\/uploads\/2019\/12\/Logo-Clemm-Lombardia-300x300.jpg\" alt=\"\" width=\"300\" height=\"300\" srcset=\"https:\/\/lbcomunicazione.org\/wp-content\/uploads\/2019\/12\/Logo-Clemm-Lombardia-300x300.jpg 300w, https:\/\/lbcomunicazione.org\/wp-content\/uploads\/2019\/12\/Logo-Clemm-Lombardia-150x150.jpg 150w, https:\/\/lbcomunicazione.org\/wp-content\/uploads\/2019\/12\/Logo-Clemm-Lombardia-160x160.jpg 160w, https:\/\/lbcomunicazione.org\/wp-content\/uploads\/2019\/12\/Logo-Clemm-Lombardia-320x320.jpg 320w, https:\/\/lbcomunicazione.org\/wp-content\/uploads\/2019\/12\/Logo-Clemm-Lombardia-520x520.jpg 520w, https:\/\/lbcomunicazione.org\/wp-content\/uploads\/2019\/12\/Logo-Clemm-Lombardia.jpg 640w\" sizes=\"auto, (max-width: 300px) 100vw, 300px\" \/><\/p>\n<p><span style=\"font-size: large;\">Salotti culturali in cui ognuno, in un clima accogliente e familiare, pu\u00f2 sentirsi libero di esprimere il proprio pensiero, in cui affrontare le tematiche suggerite mensilmente dal presidente del Coemm, in cui, come dice il nostro fondatore fin dal primo giorno: \u201cstudiare le vere cause di crisi e povert\u00e0\u201d, in cui snocciolare le problematiche del territorio, in cui formulare soluzioni che il valore di ognuno sapr\u00e0 mettere in campo, vero segnale di crescita culturale.<\/span><\/p>\n<p><span style=\"font-size: large;\">Durante lo spazio dedicato alle domande, ascolto i vari interventi osservo i relatori e mi guardo attorno, la percezione che siamo li tutti per un unico obiettivo si fa ancora pi forte.<\/span><\/p>\n<p><img loading=\"lazy\" decoding=\"async\" class=\"alignnone size-medium wp-image-1503\" src=\"https:\/\/lbcomunicazione.org\/wp-content\/uploads\/2019\/12\/Photo-sabato-7-300x225.jpg\" alt=\"\" width=\"300\" height=\"225\" srcset=\"https:\/\/lbcomunicazione.org\/wp-content\/uploads\/2019\/12\/Photo-sabato-7-300x225.jpg 300w, https:\/\/lbcomunicazione.org\/wp-content\/uploads\/2019\/12\/Photo-sabato-7-1024x768.jpg 1024w, https:\/\/lbcomunicazione.org\/wp-content\/uploads\/2019\/12\/Photo-sabato-7-768x576.jpg 768w, https:\/\/lbcomunicazione.org\/wp-content\/uploads\/2019\/12\/Photo-sabato-7-520x390.jpg 520w, https:\/\/lbcomunicazione.org\/wp-content\/uploads\/2019\/12\/Photo-sabato-7.jpg 1280w\" sizes=\"auto, (max-width: 300px) 100vw, 300px\" \/><\/p>\n<p><span style=\"font-size: large;\">Allora davanti a me non vedo solo una platea, ma una grande orchestra, in cui ogni strumento che la compone esiste con la propria natura, il proprio suono e che attraverso l\u2019espressione della propria unicit\u00e0 contribuir\u00e0 a far s\u00ec che l\u2019insieme dei suoni diventino un\u2019unica melodia. <\/span><\/p>\n<div class=\"video-container\"><iframe loading=\"lazy\" title=\"blog TG24 la comunicazione : &quot;I Con-Si\u2019 e i salotti della Lombardia s\u2019incontrano &quot;\" width=\"500\" height=\"281\" src=\"https:\/\/www.youtube.com\/embed\/UkAXYMNVv6Y?start=11&#038;feature=oembed&#038;wmode=opaque\" frameborder=\"0\" allow=\"accelerometer; autoplay; clipboard-write; encrypted-media; gyroscope; picture-in-picture; web-share\" referrerpolicy=\"strict-origin-when-cross-origin\" allowfullscreen><\/iframe><\/div>\n<p>&nbsp;<\/p>\n<p>#Con-SiLombardia<\/p>\n<p>&nbsp;<\/p>\n","protected":false},"excerpt":{"rendered":"<p>Nello spirito del progetto C.O.E.M.M. un altro Primo Passo \u00e8 stato compiuto. Su invito del presidente del ConSi\u2019 Lombardia Sem Galbiati e del RR C.L.E.M.M. Dario Anticoni, che hanno ben compreso l\u2019anima collaborativa insita nel nostro&#46;&#46;&#46;<\/p>\n","protected":false},"author":26,"featured_media":1498,"comment_status":"open","ping_status":"closed","sticky":false,"template":"","format":"image","meta":{"footnotes":""},"categories":[6,268],"tags":[],"class_list":["post-1430","post","type-post","status-publish","format-image","has-post-thumbnail","hentry","category-attualita","category-consi","post_format-post-format-image"],"_links":{"self":[{"href":"https:\/\/lbcomunicazione.org\/index.php\/wp-json\/wp\/v2\/posts\/1430","targetHints":{"allow":["GET"]}}],"collection":[{"href":"https:\/\/lbcomunicazione.org\/index.php\/wp-json\/wp\/v2\/posts"}],"about":[{"href":"https:\/\/lbcomunicazione.org\/index.php\/wp-json\/wp\/v2\/types\/post"}],"author":[{"embeddable":true,"href":"https:\/\/lbcomunicazione.org\/index.php\/wp-json\/wp\/v2\/users\/26"}],"replies":[{"embeddable":true,"href":"https:\/\/lbcomunicazione.org\/index.php\/wp-json\/wp\/v2\/comments?post=1430"}],"version-history":[{"count":0,"href":"https:\/\/lbcomunicazione.org\/index.php\/wp-json\/wp\/v2\/posts\/1430\/revisions"}],"wp:featuredmedia":[{"embeddable":true,"href":"https:\/\/lbcomunicazione.org\/index.php\/wp-json\/wp\/v2\/media\/1498"}],"wp:attachment":[{"href":"https:\/\/lbcomunicazione.org\/index.php\/wp-json\/wp\/v2\/media?parent=1430"}],"wp:term":[{"taxonomy":"category","embeddable":true,"href":"https:\/\/lbcomunicazione.org\/index.php\/wp-json\/wp\/v2\/categories?post=1430"},{"taxonomy":"post_tag","embeddable":true,"href":"https:\/\/lbcomunicazione.org\/index.php\/wp-json\/wp\/v2\/tags?post=1430"}],"curies":[{"name":"wp","href":"https:\/\/api.w.org\/{rel}","templated":true}]}}