{"id":1356,"date":"2019-12-07T10:27:25","date_gmt":"2019-12-07T09:27:25","guid":{"rendered":"http:\/\/lbcomunicazione.org\/?p=1356"},"modified":"2020-01-19T01:21:32","modified_gmt":"2020-01-19T00:21:32","slug":"consi-trentino-alto-adige","status":"publish","type":"post","link":"https:\/\/lbcomunicazione.org\/index.php\/2019\/12\/07\/consi-trentino-alto-adige\/","title":{"rendered":"ConS\u00ec Trentino Alto Adige"},"content":{"rendered":"<h2>Con S\u00ec ( Consorzi Sicuri) in Trentino Alto Adige..<!--more--><\/h2>\n<p><em><strong>Gioved\u00ec 5 dicembre si \u00e8 tenuta la serata informativa del Con S\u00ec (Consorzi Sicuri)\u00a0 del Trentino Alto Adige a Brunico.<\/strong><\/em><\/p>\n<p><em><strong>Norbert Klotz<\/strong>, presidente Regionale Con S\u00ec (Consorzi Sicuri) del Trentino Alto Adige, ci ha illustrato le funzioni del Con S\u00ec mettendo in luce lo scopo dei consorzi nella nostra regione e in tutta Italia.<\/em><\/p>\n<p><em><img loading=\"lazy\" decoding=\"async\" class=\"size-medium wp-image-1352 aligncenter\" src=\"https:\/\/lbcomunicazione.org\/wp-content\/uploads\/2019\/12\/photo_2019-12-06_15-38-53-300x225.jpg\" alt=\"\" width=\"300\" height=\"225\" srcset=\"https:\/\/lbcomunicazione.org\/wp-content\/uploads\/2019\/12\/photo_2019-12-06_15-38-53-300x225.jpg 300w, https:\/\/lbcomunicazione.org\/wp-content\/uploads\/2019\/12\/photo_2019-12-06_15-38-53-1024x767.jpg 1024w, https:\/\/lbcomunicazione.org\/wp-content\/uploads\/2019\/12\/photo_2019-12-06_15-38-53-768x575.jpg 768w, https:\/\/lbcomunicazione.org\/wp-content\/uploads\/2019\/12\/photo_2019-12-06_15-38-53-520x390.jpg 520w, https:\/\/lbcomunicazione.org\/wp-content\/uploads\/2019\/12\/photo_2019-12-06_15-38-53.jpg 1276w\" sizes=\"auto, (max-width: 300px) 100vw, 300px\" \/><\/em><\/p>\n<p>D: <strong>Che cosa ti ha spinto a rivestire questo ruolo di tale importanza e responsabilit\u00e0?<\/strong><\/p>\n<p>R: <strong><em>Mi trovo a collaborare con il Progetto Coemm Mondo Migliore da quattro anni, e l\u2019iniziativa di costituire un\u2019impresa sociale come il Con S\u00ec Confederazione fa s\u00ec che il Progetto Coemm Mondo Migliore possa essere sostenuto da una veste giuridica, legale, sicura, messa a disposizione per tutte le persone ospiti!<\/em><\/strong><\/p>\n<p>D: <strong>E quindi ne trarr\u00e0 beneficio anche l\u2019aspetto economico?<\/strong><\/p>\n<p>R: <em><strong>Sappiamo che il Progetto ha un aspetto culturale, sociale, economico e finanziario, e soprattutto per quanto riguarda l\u2019aspetto economico, dobbiamo essere certi di dare garanzia, di non essere attaccabili per nessun motivo, e quindi garantire al meglio questo famoso micro credito che \u00e8 parte integrante del Progetto!<\/strong><\/em><\/p>\n<p><em><strong><img loading=\"lazy\" decoding=\"async\" class=\"size-medium wp-image-1358 aligncenter\" src=\"https:\/\/lbcomunicazione.org\/wp-content\/uploads\/2019\/12\/photo_2019-12-06_15-38-52-300x225.jpg\" alt=\"\" width=\"300\" height=\"225\" srcset=\"https:\/\/lbcomunicazione.org\/wp-content\/uploads\/2019\/12\/photo_2019-12-06_15-38-52-300x225.jpg 300w, https:\/\/lbcomunicazione.org\/wp-content\/uploads\/2019\/12\/photo_2019-12-06_15-38-52-1024x767.jpg 1024w, https:\/\/lbcomunicazione.org\/wp-content\/uploads\/2019\/12\/photo_2019-12-06_15-38-52-768x575.jpg 768w, https:\/\/lbcomunicazione.org\/wp-content\/uploads\/2019\/12\/photo_2019-12-06_15-38-52-520x390.jpg 520w, https:\/\/lbcomunicazione.org\/wp-content\/uploads\/2019\/12\/photo_2019-12-06_15-38-52.jpg 1276w\" sizes=\"auto, (max-width: 300px) 100vw, 300px\" \/><\/strong><\/em><\/p>\n<p>D: <strong>Il rispetto del valore umano e la formazione dei consorzi sicuri, possono coincidere con la realizzazione di un mondo migliore? O potrebbe esserci il rischio che si rivelino un abbaglio?<\/strong><\/p>\n<p>R: <em><strong>Il valore umano rappresenta l\u2019 essenza assoluta per il progetto, ma soprattutto per tutti noi, che stiamo capendo e intervenendo ognuno nel suo piccolo, attraverso il proprio valore, il valore umano, e si cerca di cambiare, di trasformare questo paradigma che comunque fino ad oggi non sta funzionando nella dovuta maniera!<\/strong><\/em><\/p>\n<p><em><strong><img loading=\"lazy\" decoding=\"async\" class=\"size-medium wp-image-1353 aligncenter\" src=\"https:\/\/lbcomunicazione.org\/wp-content\/uploads\/2019\/12\/photo_2019-12-06_15-38-51-300x225.jpg\" alt=\"\" width=\"300\" height=\"225\" srcset=\"https:\/\/lbcomunicazione.org\/wp-content\/uploads\/2019\/12\/photo_2019-12-06_15-38-51-300x225.jpg 300w, https:\/\/lbcomunicazione.org\/wp-content\/uploads\/2019\/12\/photo_2019-12-06_15-38-51-1024x767.jpg 1024w, https:\/\/lbcomunicazione.org\/wp-content\/uploads\/2019\/12\/photo_2019-12-06_15-38-51-768x575.jpg 768w, https:\/\/lbcomunicazione.org\/wp-content\/uploads\/2019\/12\/photo_2019-12-06_15-38-51-520x390.jpg 520w, https:\/\/lbcomunicazione.org\/wp-content\/uploads\/2019\/12\/photo_2019-12-06_15-38-51.jpg 1276w\" sizes=\"auto, (max-width: 300px) 100vw, 300px\" \/><\/strong><\/em><\/p>\n<p>&nbsp;<\/p>\n<p>Un ringraziamento a <strong>Norbert Klotz<\/strong> per il suo impegno e il suo invito a prendere parte attiva in un progetto che ,con la realizzazione dei<strong><em> Consorzi Sicuri<\/em> <\/strong>anche nella nostra Regione, pu\u00f2 portare quella veste giuridica, sicura, e legale che viene messa a disposizione per chiunque ne voglia essere partecipe.<\/p>\n","protected":false},"excerpt":{"rendered":"<p>Con S\u00ec ( Consorzi Sicuri) in Trentino Alto Adige..<\/p>\n","protected":false},"author":12,"featured_media":1349,"comment_status":"open","ping_status":"closed","sticky":false,"template":"","format":"image","meta":{"footnotes":""},"categories":[6,268,31],"tags":[167,192],"class_list":["post-1356","post","type-post","status-publish","format-image","has-post-thumbnail","hentry","category-attualita","category-consi","category-sociale","tag-consi","tag-trentino-alto-adige","post_format-post-format-image"],"_links":{"self":[{"href":"https:\/\/lbcomunicazione.org\/index.php\/wp-json\/wp\/v2\/posts\/1356","targetHints":{"allow":["GET"]}}],"collection":[{"href":"https:\/\/lbcomunicazione.org\/index.php\/wp-json\/wp\/v2\/posts"}],"about":[{"href":"https:\/\/lbcomunicazione.org\/index.php\/wp-json\/wp\/v2\/types\/post"}],"author":[{"embeddable":true,"href":"https:\/\/lbcomunicazione.org\/index.php\/wp-json\/wp\/v2\/users\/12"}],"replies":[{"embeddable":true,"href":"https:\/\/lbcomunicazione.org\/index.php\/wp-json\/wp\/v2\/comments?post=1356"}],"version-history":[{"count":0,"href":"https:\/\/lbcomunicazione.org\/index.php\/wp-json\/wp\/v2\/posts\/1356\/revisions"}],"wp:featuredmedia":[{"embeddable":true,"href":"https:\/\/lbcomunicazione.org\/index.php\/wp-json\/wp\/v2\/media\/1349"}],"wp:attachment":[{"href":"https:\/\/lbcomunicazione.org\/index.php\/wp-json\/wp\/v2\/media?parent=1356"}],"wp:term":[{"taxonomy":"category","embeddable":true,"href":"https:\/\/lbcomunicazione.org\/index.php\/wp-json\/wp\/v2\/categories?post=1356"},{"taxonomy":"post_tag","embeddable":true,"href":"https:\/\/lbcomunicazione.org\/index.php\/wp-json\/wp\/v2\/tags?post=1356"}],"curies":[{"name":"wp","href":"https:\/\/api.w.org\/{rel}","templated":true}]}}