{"id":1200,"date":"2019-11-28T14:53:21","date_gmt":"2019-11-28T13:53:21","guid":{"rendered":"http:\/\/lbcomunicazione.org\/?p=1200"},"modified":"2019-12-07T12:21:31","modified_gmt":"2019-12-07T11:21:31","slug":"noventa-vicentina-si-veste-dautunno","status":"publish","type":"post","link":"https:\/\/lbcomunicazione.org\/index.php\/2019\/11\/28\/noventa-vicentina-si-veste-dautunno\/","title":{"rendered":"Noventa Vicentina si veste d&#8217;Autunno"},"content":{"rendered":"<div class=\"right-col\">\n<div id=\"MAIN_SECTION_CONTAINER\" class=\"main_section_container z-depth-bottom\">\n<section id=\"CHANNEL_PROFILE\" class=\"bordered is-own-channel NotInfoCard not-info-card\" data-jsobject=\"ChannelProfile\" data-href=\"profile\" data-page=\"blog\">\n<div class=\"channel-profile-wrapper vbox\">\n<div class=\"scrollable-container optiscroll\">\n<div class=\"scrollable-container-inner\">\n<div class=\"channel-profile-content ChannelProfileContent fill\">\n<div id=\"CHANNEL_PROFILE_NEWS_CONTAINER\" class=\"news-profile-sections\">\n<div id=\"POSTS_CHANNEL_NEWS\" class=\"scrollable-container posts-main-wrap optiscroll vtrack-on\">\n<div class=\"ScrollableContainer scrollable-container-inner\" data-scrolloffset=\"2000\">\n<div class=\"wrapper-posts WrapperPosts\">\n<div class=\"post-container PostContainerWrap\">\n<div class=\"post-container PostContainer\">\n<div class=\"post Post z-depth-1 OwnPost own-post NotEditablePost quick-post QuickPost\" data-pkey=\"PID14F854\" data-title=\"Andrea Cimenti\" data-href=\"andreacimenti1\/blog\/conoscere-noventa-vicentina-in-ottobre-alla-fiera\/PID14F854?shun=andreacimenti1\" data-picture=\"https:\/\/img.youtube.com\/vi\/PBcgsd8V_NY\/0.jpg\" data-picture-lr=\"https:\/\/img.youtube.com\/vi\/PBcgsd8V_NY\/0.jpg\" data-description=\"Conoscere Noventa Vicentina in Ottobre alla Fiera Autunnale. Noventa V.na ha ospitato la 33a Mostra Agroalimentare d'Autunno che di anno in anno con le sue specialit\u00e0 accompagna questo sereno Autunno in Citt\u00e0. Quindi un video spero piacevole che \u00e8 un ricordo, con quel ricordo che gli si addice. Devo pur dirvi che come autore del video, Noventa V.na mi ha fatto conoscere la vera amicizia, attraverso le persone che incontravo e che non si tiravano indietro alle richieste che gli facevo. Infatti lungo la strada incontri le altre vite, conoscerle e viverle dipende soltanto dalla scelta che fai in un attimo; anche se non lo sai, tra proseguire dritto o deviare, spesso pu\u00f2 giocarsi la tua esistenza, quella di chi ti sta vicino. Ecco allora qui, un piccolo video di otto minuti, sullo scorcio di quella giornata, intraprendendo un lungo viaggio dentro quegli infiniti sapori. A sera di quel giorno, quando a letto fissavo il soffitto, mi venivano in mente nell'estasi di rivederle le persone che ho conosciuto, ma in verit\u00e0 volevo non scordare lei, li con loro. La verit\u00e0 \u00e8 che volevo ritornare li con te dove eri stata. Sola con quell'aria di indifferenza, fidandomi di te. Mi piacerebbe ritornare in quei luoghi, essere l\u00ec, ammirarti mia cara sconosciuta.\" data-uri-name=\"andreacimenti1\" data-order-number=\"1374292\">\n<div class=\"data Data\">\n<div class=\"post-contents-wrap\">\n<div class=\"post-preview PostPreview\">\n<div class=\"post-text PostText\">\n<div class=\"post-text-content PostTextContent opened\" data-height=\"90\">\n<p><i>Conoscere Noventa Vicentina in Ottobre alla Fiera Autunnale.<span class=\"Apple-converted-space\">&nbsp;<\/span><\/i><\/p>\n<p><i>Noventa V.na ha ospitato la 33a Mostra Agroalimentare d&#8217;Autunno che di anno in anno con le sue specialit\u00e0&nbsp; accompagna questo sereno Autunno in Citt\u00e0.<span class=\"Apple-converted-space\">&nbsp;<\/span><\/i><\/p>\n<p><i>In allegato posto un video piacevole che rimarr\u00e0 un ricordo di quei momenti intraprendendo un viaggio dentro gli infiniti sapori.<span class=\"Apple-converted-space\">&nbsp;<\/span><\/i><\/p>\n<p><i>&#8230;.ma approfondirei anche un&#8217;altro aspetto, come autore del video, diverso del solito impatto visuale delle cose che a me apparivano come operatore video, ma anche la genuina amicizia, attraverso le persone incontrate.<\/i><\/p>\n<p><i><span class=\"Apple-converted-space\">&nbsp;<\/span><\/i><\/p>\n<p><i>Questo perch\u00e9 lungo la strada potresti<span class=\"Apple-converted-space\">&nbsp; <\/span>incontrare altre vite&#8230;puoi conoscerle e potresti anche viverle, ma questo dipende da noi, dalla nostra scelta che fai in un attimo.<\/i><\/p>\n<p><i>Perch\u00e9 anche se non lo sai, tra proseguire dritto o deviare, spesso potrebbe giocarsi la tua esistenza, quella infatti con chi ti sta vicino.<span class=\"Apple-converted-space\">&nbsp;<\/span><\/i><\/p>\n<p><i>A sera&#8230;., quando a letto fissai il soffitto, mi vennero in mente le persone incontrate, ma \u00e8 quella dolce signora sconosciuta, che mi hai letteralmente preso con quel sorriso soddisfacente e quegli occhi che non avevano fine. In tutto questo dov&#8217;ero&#8230;Forse perso per sempre&#8230;.<span class=\"Apple-converted-space\">&nbsp;<\/span><\/i><\/p>\n<p><i>Ogni tanto rimugino i tempi andati e quel rivolere ritornare in quei luoghi&#8230;..<\/i><i>essere ancora l\u00ec&#8230;ad ammirarti ancora<\/i>. <button class=\"plain-link-secondary\">Chiudi<\/button><\/p>\n<\/div>\n<\/div>\n<\/div>\n<div class=\"ArticleContents\"><\/div>\n<div class=\"read-close-area\">\n<div class=\"video-container\"><iframe loading=\"lazy\" title=\"Tesori d&#039;Italia : Noventa Vicentina (Vi) 4k\" width=\"500\" height=\"281\" src=\"https:\/\/www.youtube.com\/embed\/PBcgsd8V_NY?feature=oembed&#038;wmode=opaque\" frameborder=\"0\" allow=\"accelerometer; autoplay; clipboard-write; encrypted-media; gyroscope; picture-in-picture; web-share\" referrerpolicy=\"strict-origin-when-cross-origin\" allowfullscreen><\/iframe><\/div>\n<\/div>\n<div class=\"post-actions\">\n<div class=\"do-action plain-link-default btn-donation BtnSupport\"><i class=\"mdi mdi-heart-outline\"><\/i><span class=\"label-margin truncate\">SOSTIENI<\/span><\/div>\n<p><button class=\"do-action plain-link-default Comment\"><i class=\"mdi mdi-comment-outline\"><\/i><span class=\"label-margin truncate\">COMMENTA<\/span><\/button><button class=\"do-action plain-link-default SharePost\"><i class=\"mdi mdi-share-variant\"><\/i><span class=\"label-margin truncate\">CONDIVIDI<\/span><\/button><\/p>\n<\/div>\n<\/div>\n<\/div>\n<\/div>\n<\/div>\n<\/div>\n<\/div>\n<\/div>\n<\/div>\n<\/div>\n<\/div>\n<\/div>\n<\/div>\n<\/div>\n<\/section>\n<div id=\"TO_TOP_BUTTON\" class=\"return-to-top-wrapper\">\n<div class=\"ctv-btn outline small return-to-top\"><i class=\"mdi mdi-arrow-up\"><\/i><span class=\"text\">Torna su<\/span><\/div>\n<\/div>\n<\/div>\n<\/div>\n","protected":false},"excerpt":{"rendered":"<p>Conoscere Noventa Vicentina in Ottobre alla Fiera Autunnale.&nbsp; Noventa V.na ha ospitato la 33a Mostra Agroalimentare d&#8217;Autunno che di anno in anno con le sue specialit\u00e0&nbsp; accompagna questo sereno Autunno in Citt\u00e0.&nbsp; In allegato posto un&#46;&#46;&#46;<\/p>\n","protected":false},"author":22,"featured_media":0,"comment_status":"open","ping_status":"closed","sticky":false,"template":"","format":"video","meta":{"footnotes":""},"categories":[71],"tags":[],"class_list":["post-1200","post","type-post","status-publish","format-video","hentry","category-cultura","post_format-post-format-video"],"_links":{"self":[{"href":"https:\/\/lbcomunicazione.org\/index.php\/wp-json\/wp\/v2\/posts\/1200","targetHints":{"allow":["GET"]}}],"collection":[{"href":"https:\/\/lbcomunicazione.org\/index.php\/wp-json\/wp\/v2\/posts"}],"about":[{"href":"https:\/\/lbcomunicazione.org\/index.php\/wp-json\/wp\/v2\/types\/post"}],"author":[{"embeddable":true,"href":"https:\/\/lbcomunicazione.org\/index.php\/wp-json\/wp\/v2\/users\/22"}],"replies":[{"embeddable":true,"href":"https:\/\/lbcomunicazione.org\/index.php\/wp-json\/wp\/v2\/comments?post=1200"}],"version-history":[{"count":0,"href":"https:\/\/lbcomunicazione.org\/index.php\/wp-json\/wp\/v2\/posts\/1200\/revisions"}],"wp:attachment":[{"href":"https:\/\/lbcomunicazione.org\/index.php\/wp-json\/wp\/v2\/media?parent=1200"}],"wp:term":[{"taxonomy":"category","embeddable":true,"href":"https:\/\/lbcomunicazione.org\/index.php\/wp-json\/wp\/v2\/categories?post=1200"},{"taxonomy":"post_tag","embeddable":true,"href":"https:\/\/lbcomunicazione.org\/index.php\/wp-json\/wp\/v2\/tags?post=1200"}],"curies":[{"name":"wp","href":"https:\/\/api.w.org\/{rel}","templated":true}]}}