{"id":1143,"date":"2019-11-25T11:26:05","date_gmt":"2019-11-25T10:26:05","guid":{"rendered":"http:\/\/lbcomunicazione.org\/?p=1143"},"modified":"2020-01-28T01:55:03","modified_gmt":"2020-01-28T00:55:03","slug":"crema-pasticcera","status":"publish","type":"post","link":"https:\/\/lbcomunicazione.org\/index.php\/2019\/11\/25\/crema-pasticcera\/","title":{"rendered":"CREMA PASTICCERA"},"content":{"rendered":"<p dir=\"ltr\" style=\"text-align: center;\">CREMA PASTICCERA<\/p>\n<p dir=\"ltr\">Questa settimana invece di proporre una ricetta descriverei la preparazione della crema pasticcera che pu\u00f2 essere utilizzata per realizzarne tante altre.<br \/>\nLa raccomandazione \u00e8 di continuare a mescolarla, con una frusta, sul fuoco e di non abbandonarla per evitare che attacchi e non sappia di bruciato.<\/p>\n<p dir=\"ltr\">Categoria: dolci<br \/>\nTempo di realizzazione e di cottura: 30 minuti<br \/>\nDifficolt\u00e0: 2\/5<\/p>\n<p dir=\"ltr\">Ingredienti per 1 litro di latte:<\/p>\n<p id=\"yiv3154819329yMail_cursorElementTracker_1574288442937\" dir=\"ltr\">1 litro di latte<br \/>\n300 g di zucchero<br \/>\n8 tuorli d\u2019uovo<br \/>\n150 g di farina 00<br \/>\nUna bustina di vanillina<br \/>\nUn po&#8217;\u00a0 di scorza di un limone (circa 6\\7 cm)<\/p>\n<p id=\"yiv3154819329yMail_cursorElementTracker_1574288438684\" dir=\"ltr\">Preparazione:<\/p>\n<p dir=\"ltr\">Mettere a scaldare il latte sul fuoco con la scorza del limone in un tegame d&#8217;acciaio.<br \/>\nNel frattempo in una terrina sbattere i tuorli con lo zucchero. Questa \u00e8 la parte pi\u00f9 difficile ma fondamentale perch\u00e9 dovr\u00e0 risultare quasi bianca, ben amalgamata, spumosa e sar\u00e0 molto stancante. Aggiungere la farina al composto con le uova un poco alla volta e mescolando lentamente.<br \/>\nInfine metterci la vanillina e mescolare. Quando il latte bolle eliminare la scorza del limone e ritirarlo dal fuoco, incorporarvi bene l\u2019impasto preparato, utilizzando una frusta come aiuto e mescolare molto lentamente. Rimetterla sul fuoco (medio\/basso) fino all\u2019ebollizione, senza smettere di mescolare. Quando la crema bolle \u00e8 pronta perch\u00e9 la farina giunge a cottura. Ritirarla dal fuoco, trasferirla in un contenitore, lasciarla raffreddare e conservarla in frigorifero.<\/p>\n","protected":false},"excerpt":{"rendered":"<p>CREMA PASTICCERA Questa settimana invece di proporre una ricetta descriverei la preparazione della crema pasticcera che pu\u00f2 essere utilizzata per realizzarne tante altre. La raccomandazione \u00e8 di continuare a mescolarla, con una frusta, sul fuoco e&#46;&#46;&#46;<\/p>\n","protected":false},"author":14,"featured_media":1144,"comment_status":"open","ping_status":"closed","sticky":false,"template":"","format":"image","meta":{"footnotes":""},"categories":[145],"tags":[],"class_list":["post-1143","post","type-post","status-publish","format-image","has-post-thumbnail","hentry","category-cucina-e-ricette","post_format-post-format-image"],"_links":{"self":[{"href":"https:\/\/lbcomunicazione.org\/index.php\/wp-json\/wp\/v2\/posts\/1143","targetHints":{"allow":["GET"]}}],"collection":[{"href":"https:\/\/lbcomunicazione.org\/index.php\/wp-json\/wp\/v2\/posts"}],"about":[{"href":"https:\/\/lbcomunicazione.org\/index.php\/wp-json\/wp\/v2\/types\/post"}],"author":[{"embeddable":true,"href":"https:\/\/lbcomunicazione.org\/index.php\/wp-json\/wp\/v2\/users\/14"}],"replies":[{"embeddable":true,"href":"https:\/\/lbcomunicazione.org\/index.php\/wp-json\/wp\/v2\/comments?post=1143"}],"version-history":[{"count":0,"href":"https:\/\/lbcomunicazione.org\/index.php\/wp-json\/wp\/v2\/posts\/1143\/revisions"}],"wp:featuredmedia":[{"embeddable":true,"href":"https:\/\/lbcomunicazione.org\/index.php\/wp-json\/wp\/v2\/media\/1144"}],"wp:attachment":[{"href":"https:\/\/lbcomunicazione.org\/index.php\/wp-json\/wp\/v2\/media?parent=1143"}],"wp:term":[{"taxonomy":"category","embeddable":true,"href":"https:\/\/lbcomunicazione.org\/index.php\/wp-json\/wp\/v2\/categories?post=1143"},{"taxonomy":"post_tag","embeddable":true,"href":"https:\/\/lbcomunicazione.org\/index.php\/wp-json\/wp\/v2\/tags?post=1143"}],"curies":[{"name":"wp","href":"https:\/\/api.w.org\/{rel}","templated":true}]}}