{"id":109,"date":"2019-01-13T21:19:17","date_gmt":"2019-01-13T20:19:17","guid":{"rendered":"http:\/\/lbcomunicazione.org\/?p=109"},"modified":"2019-01-16T13:03:58","modified_gmt":"2019-01-16T12:03:58","slug":"11-motivi-per-cui-scelgo-di-comprare-nei-negozi-di-paese-bertonico","status":"publish","type":"post","link":"https:\/\/lbcomunicazione.org\/index.php\/2019\/01\/13\/11-motivi-per-cui-scelgo-di-comprare-nei-negozi-di-paese-bertonico\/","title":{"rendered":"11\u00a0motivi per cui scelgo di comprare nei negozi di paese"},"content":{"rendered":"<blockquote>\n<p><img decoding=\"async\" class=\"emoji jetpack-lazy-image jetpack-lazy-image--handled\" src=\"https:\/\/s.w.org\/images\/core\/emoji\/11\/svg\/270d-1f3fb.svg\" alt=\"&#x270d;&#x1f3fb;\" \/><img decoding=\"async\" class=\"emoji jetpack-lazy-image jetpack-lazy-image--handled\" src=\"https:\/\/s.w.org\/images\/core\/emoji\/11\/svg\/270d-1f3fb.svg\" alt=\"&#x270d;&#x1f3fb;\" \/>Maurizio Sarlo segretario del PVU\u2026\u00a0<img decoding=\"async\" class=\"emoji jetpack-lazy-image jetpack-lazy-image--handled\" src=\"https:\/\/s.w.org\/images\/core\/emoji\/11\/svg\/270d-1f3fb.svg\" alt=\"&#x270d;&#x1f3fb;\" \/><img decoding=\"async\" class=\"emoji jetpack-lazy-image jetpack-lazy-image--handled\" src=\"https:\/\/s.w.org\/images\/core\/emoji\/11\/svg\/270d-1f3fb.svg\" alt=\"&#x270d;&#x1f3fb;\" \/>\u00a0Articolo di\u00a0<a href=\"https:\/\/lbcomunicazione.org\/?s=cristina+berti\">Cristina Berti<\/a>\u00a0<img decoding=\"async\" class=\"emoji jetpack-lazy-image jetpack-lazy-image--handled\" src=\"https:\/\/s.w.org\/images\/core\/emoji\/11\/svg\/270d-1f3fb.svg\" alt=\"&#x270d;&#x1f3fb;\" \/><img decoding=\"async\" class=\"emoji jetpack-lazy-image jetpack-lazy-image--handled\" src=\"https:\/\/s.w.org\/images\/core\/emoji\/11\/svg\/270d-1f3fb.svg\" alt=\"&#x270d;&#x1f3fb;\" \/>\u00a0Bertonico<img decoding=\"async\" class=\"emoji jetpack-lazy-image jetpack-lazy-image--handled\" src=\"https:\/\/s.w.org\/images\/core\/emoji\/11\/svg\/270d-1f3fb.svg\" alt=\"&#x270d;&#x1f3fb;\" \/><\/p>\n<p>Perch\u00e9, anche se pago un po\u2019 di pi\u00f9 i prodotti, spendo meno<\/p>\n<p>Perch\u00e9 compro solo quello che mi serve<\/p>\n<p>Perch\u00e9 compro tutto fresco e non faccio scadere le scorte nel frigo<\/p>\n<p>Perch\u00e9 posso andarci anche a piedi e non mi perdo in parcheggi sterminati &#8230;<\/p>\n<\/blockquote>\n<p><em><a href=\"https:\/\/blogcq24.net\/bertonico\/2019\/01\/13\/11-motivi-per-cui-scelgo-di-comprare-nei-negozi-di-paese\/\">continua a leggere su blogcq24<\/a><\/em><\/p>\n\n\n<p class=\"wp-block-paragraph\"><\/p>\n","protected":false},"excerpt":{"rendered":"<p>Maurizio Sarlo segretario del PVU\u2026\u00a0\u00a0Articolo di\u00a0Cristina Berti\u00a0\u00a0Bertonico Perch\u00e9, anche se pago un po\u2019 di pi\u00f9 i prodotti, spendo meno Perch\u00e9 compro solo quello che mi serve Perch\u00e9 compro tutto fresco e non faccio scadere le scorte nel frigo Perch\u00e9 posso andarci anche a piedi e non mi perdo in parcheggi sterminati &#8230; continua a leggere su blogcq24<\/p>\n","protected":false},"author":1,"featured_media":110,"comment_status":"open","ping_status":"closed","sticky":false,"template":"","format":"standard","meta":{"_crdt_document":"","footnotes":""},"categories":[10],"tags":[36,35],"class_list":["post-109","post","type-post","status-publish","format-standard","has-post-thumbnail","hentry","category-economia","tag-maurizio-sarlo","tag-negozi-di-paese"],"yoast_head":"<!-- This site is optimized with the Yoast SEO plugin v26.9 - https:\/\/yoast.com\/product\/yoast-seo-wordpress\/ -->\n<title>11\u00a0motivi per cui scelgo di comprare nei negozi di paese - blog TG24 la comunicazione<\/title>\n<meta name=\"robots\" content=\"index, follow, max-snippet:-1, max-image-preview:large, max-video-preview:-1\" \/>\n<link rel=\"canonical\" href=\"https:\/\/lbcomunicazione.org\/index.php\/2019\/01\/13\/11-motivi-per-cui-scelgo-di-comprare-nei-negozi-di-paese-bertonico\/\" \/>\n<meta property=\"og:locale\" content=\"it_IT\" \/>\n<meta property=\"og:type\" content=\"article\" \/>\n<meta property=\"og:title\" content=\"11\u00a0motivi per cui scelgo di comprare nei negozi di paese - blog TG24 la comunicazione\" \/>\n<meta property=\"og:description\" content=\"Maurizio Sarlo segretario del PVU\u2026\u00a0\u00a0Articolo di\u00a0Cristina Berti\u00a0\u00a0Bertonico Perch\u00e9, anche se pago un po\u2019 di pi\u00f9 i prodotti, spendo meno Perch\u00e9 compro solo quello che mi serve Perch\u00e9 compro tutto fresco e non faccio scadere le scorte nel frigo Perch\u00e9 posso andarci anche a piedi e non mi perdo in parcheggi sterminati &#8230; continua a leggere su blogcq24\" \/>\n<meta property=\"og:url\" content=\"https:\/\/lbcomunicazione.org\/index.php\/2019\/01\/13\/11-motivi-per-cui-scelgo-di-comprare-nei-negozi-di-paese-bertonico\/\" \/>\n<meta property=\"og:site_name\" content=\"blog TG24 la comunicazione\" \/>\n<meta property=\"article:publisher\" content=\"https:\/\/www.facebook.com\/beezzup\/\" \/>\n<meta property=\"article:published_time\" content=\"2019-01-13T20:19:17+00:00\" \/>\n<meta property=\"article:modified_time\" content=\"2019-01-16T12:03:58+00:00\" \/>\n<meta property=\"og:image\" content=\"https:\/\/lbcomunicazione.org\/wp-content\/uploads\/2019\/01\/alimentari-dal-biondo.jpg\" \/>\n\t<meta property=\"og:image:width\" content=\"715\" \/>\n\t<meta property=\"og:image:height\" content=\"400\" \/>\n\t<meta property=\"og:image:type\" content=\"image\/jpeg\" \/>\n<meta name=\"author\" content=\"cu7HLsPdUh\" \/>\n<meta name=\"twitter:card\" content=\"summary_large_image\" \/>\n<meta name=\"twitter:creator\" content=\"@beezzup\" \/>\n<meta name=\"twitter:site\" content=\"@beezzup\" \/>\n<meta name=\"twitter:label1\" content=\"Scritto da\" \/>\n\t<meta name=\"twitter:data1\" content=\"cu7HLsPdUh\" \/>\n<script type=\"application\/ld+json\" class=\"yoast-schema-graph\">{\"@context\":\"https:\/\/schema.org\",\"@graph\":[{\"@type\":\"Article\",\"@id\":\"https:\/\/lbcomunicazione.org\/index.php\/2019\/01\/13\/11-motivi-per-cui-scelgo-di-comprare-nei-negozi-di-paese-bertonico\/#article\",\"isPartOf\":{\"@id\":\"https:\/\/lbcomunicazione.org\/index.php\/2019\/01\/13\/11-motivi-per-cui-scelgo-di-comprare-nei-negozi-di-paese-bertonico\/\"},\"author\":{\"name\":\"cu7HLsPdUh\",\"@id\":\"https:\/\/lbcomunicazione.org\/#\/schema\/person\/9bd75d761cf35435c5d27926cbd3503d\"},\"headline\":\"11\u00a0motivi per cui scelgo di comprare nei negozi di paese\",\"datePublished\":\"2019-01-13T20:19:17+00:00\",\"dateModified\":\"2019-01-16T12:03:58+00:00\",\"mainEntityOfPage\":{\"@id\":\"https:\/\/lbcomunicazione.org\/index.php\/2019\/01\/13\/11-motivi-per-cui-scelgo-di-comprare-nei-negozi-di-paese-bertonico\/\"},\"wordCount\":69,\"commentCount\":0,\"publisher\":{\"@id\":\"https:\/\/lbcomunicazione.org\/#organization\"},\"image\":{\"@id\":\"https:\/\/lbcomunicazione.org\/index.php\/2019\/01\/13\/11-motivi-per-cui-scelgo-di-comprare-nei-negozi-di-paese-bertonico\/#primaryimage\"},\"thumbnailUrl\":\"https:\/\/lbcomunicazione.org\/wp-content\/uploads\/2019\/01\/alimentari-dal-biondo.jpg\",\"keywords\":[\"maurizio sarlo\",\"negozi di paese\"],\"articleSection\":[\"economia\"],\"inLanguage\":\"it-IT\",\"potentialAction\":[{\"@type\":\"CommentAction\",\"name\":\"Comment\",\"target\":[\"https:\/\/lbcomunicazione.org\/index.php\/2019\/01\/13\/11-motivi-per-cui-scelgo-di-comprare-nei-negozi-di-paese-bertonico\/#respond\"]}]},{\"@type\":\"WebPage\",\"@id\":\"https:\/\/lbcomunicazione.org\/index.php\/2019\/01\/13\/11-motivi-per-cui-scelgo-di-comprare-nei-negozi-di-paese-bertonico\/\",\"url\":\"https:\/\/lbcomunicazione.org\/index.php\/2019\/01\/13\/11-motivi-per-cui-scelgo-di-comprare-nei-negozi-di-paese-bertonico\/\",\"name\":\"11\u00a0motivi per cui scelgo di comprare nei negozi di paese - blog TG24 la comunicazione\",\"isPartOf\":{\"@id\":\"https:\/\/lbcomunicazione.org\/#website\"},\"primaryImageOfPage\":{\"@id\":\"https:\/\/lbcomunicazione.org\/index.php\/2019\/01\/13\/11-motivi-per-cui-scelgo-di-comprare-nei-negozi-di-paese-bertonico\/#primaryimage\"},\"image\":{\"@id\":\"https:\/\/lbcomunicazione.org\/index.php\/2019\/01\/13\/11-motivi-per-cui-scelgo-di-comprare-nei-negozi-di-paese-bertonico\/#primaryimage\"},\"thumbnailUrl\":\"https:\/\/lbcomunicazione.org\/wp-content\/uploads\/2019\/01\/alimentari-dal-biondo.jpg\",\"datePublished\":\"2019-01-13T20:19:17+00:00\",\"dateModified\":\"2019-01-16T12:03:58+00:00\",\"breadcrumb\":{\"@id\":\"https:\/\/lbcomunicazione.org\/index.php\/2019\/01\/13\/11-motivi-per-cui-scelgo-di-comprare-nei-negozi-di-paese-bertonico\/#breadcrumb\"},\"inLanguage\":\"it-IT\",\"potentialAction\":[{\"@type\":\"ReadAction\",\"target\":[\"https:\/\/lbcomunicazione.org\/index.php\/2019\/01\/13\/11-motivi-per-cui-scelgo-di-comprare-nei-negozi-di-paese-bertonico\/\"]}]},{\"@type\":\"ImageObject\",\"inLanguage\":\"it-IT\",\"@id\":\"https:\/\/lbcomunicazione.org\/index.php\/2019\/01\/13\/11-motivi-per-cui-scelgo-di-comprare-nei-negozi-di-paese-bertonico\/#primaryimage\",\"url\":\"https:\/\/lbcomunicazione.org\/wp-content\/uploads\/2019\/01\/alimentari-dal-biondo.jpg\",\"contentUrl\":\"https:\/\/lbcomunicazione.org\/wp-content\/uploads\/2019\/01\/alimentari-dal-biondo.jpg\",\"width\":715,\"height\":400,\"caption\":\"11\u00a0motivi per cui scelgo di comprare nei negozi di paese\"},{\"@type\":\"BreadcrumbList\",\"@id\":\"https:\/\/lbcomunicazione.org\/index.php\/2019\/01\/13\/11-motivi-per-cui-scelgo-di-comprare-nei-negozi-di-paese-bertonico\/#breadcrumb\",\"itemListElement\":[{\"@type\":\"ListItem\",\"position\":1,\"name\":\"Home\",\"item\":\"https:\/\/lbcomunicazione.org\/\"},{\"@type\":\"ListItem\",\"position\":2,\"name\":\"11\u00a0motivi per cui scelgo di comprare nei negozi di paese\"}]},{\"@type\":\"WebSite\",\"@id\":\"https:\/\/lbcomunicazione.org\/#website\",\"url\":\"https:\/\/lbcomunicazione.org\/\",\"name\":\"blogTG24lacomunicazione.org\",\"description\":\"Siamo una squadra di blogger, che desiderano dare voce a quelle notizie, realt\u00e0, associazioni, che non sono divulgate dai giornali e media\",\"publisher\":{\"@id\":\"https:\/\/lbcomunicazione.org\/#organization\"},\"potentialAction\":[{\"@type\":\"SearchAction\",\"target\":{\"@type\":\"EntryPoint\",\"urlTemplate\":\"https:\/\/lbcomunicazione.org\/?s={search_term_string}\"},\"query-input\":{\"@type\":\"PropertyValueSpecification\",\"valueRequired\":true,\"valueName\":\"search_term_string\"}}],\"inLanguage\":\"it-IT\"},{\"@type\":\"Organization\",\"@id\":\"https:\/\/lbcomunicazione.org\/#organization\",\"name\":\"blogtg24lacomunicazione\",\"url\":\"https:\/\/lbcomunicazione.org\/\",\"logo\":{\"@type\":\"ImageObject\",\"inLanguage\":\"it-IT\",\"@id\":\"https:\/\/lbcomunicazione.org\/#\/schema\/logo\/image\/\",\"url\":\"https:\/\/lbcomunicazione.org\/wp-content\/uploads\/2019\/01\/logo-cfpblogger.jpg\",\"contentUrl\":\"https:\/\/lbcomunicazione.org\/wp-content\/uploads\/2019\/01\/logo-cfpblogger.jpg\",\"width\":680,\"height\":709,\"caption\":\"blogtg24lacomunicazione\"},\"image\":{\"@id\":\"https:\/\/lbcomunicazione.org\/#\/schema\/logo\/image\/\"},\"sameAs\":[\"https:\/\/www.facebook.com\/beezzup\/\",\"https:\/\/x.com\/beezzup\",\"https:\/\/www.instagram.com\/beezzup\/\",\"https:\/\/www.pinterest.it\/beezzup\/\",\"https:\/\/www.youtube.com\/channel\/UCPeEGg5tKdoyOPK--mGE5Yg\"]},{\"@type\":\"Person\",\"@id\":\"https:\/\/lbcomunicazione.org\/#\/schema\/person\/9bd75d761cf35435c5d27926cbd3503d\",\"name\":\"cu7HLsPdUh\",\"image\":{\"@type\":\"ImageObject\",\"inLanguage\":\"it-IT\",\"@id\":\"https:\/\/lbcomunicazione.org\/#\/schema\/person\/image\/\",\"url\":\"https:\/\/secure.gravatar.com\/avatar\/101113c815cf348e7d21e92cb7e0e8809900e3e5ec6f50e406dcd18ea84c860e?s=96&d=mm&r=g\",\"contentUrl\":\"https:\/\/secure.gravatar.com\/avatar\/101113c815cf348e7d21e92cb7e0e8809900e3e5ec6f50e406dcd18ea84c860e?s=96&d=mm&r=g\",\"caption\":\"cu7HLsPdUh\"},\"url\":\"https:\/\/lbcomunicazione.org\/index.php\/author\/cu7hlspduh\/\"}]}<\/script>\n<!-- \/ Yoast SEO plugin. -->","yoast_head_json":{"title":"11\u00a0motivi per cui scelgo di comprare nei negozi di paese - blog TG24 la comunicazione","robots":{"index":"index","follow":"follow","max-snippet":"max-snippet:-1","max-image-preview":"max-image-preview:large","max-video-preview":"max-video-preview:-1"},"canonical":"https:\/\/lbcomunicazione.org\/index.php\/2019\/01\/13\/11-motivi-per-cui-scelgo-di-comprare-nei-negozi-di-paese-bertonico\/","og_locale":"it_IT","og_type":"article","og_title":"11\u00a0motivi per cui scelgo di comprare nei negozi di paese - blog TG24 la comunicazione","og_description":"Maurizio Sarlo segretario del PVU\u2026\u00a0\u00a0Articolo di\u00a0Cristina Berti\u00a0\u00a0Bertonico Perch\u00e9, anche se pago un po\u2019 di pi\u00f9 i prodotti, spendo meno Perch\u00e9 compro solo quello che mi serve Perch\u00e9 compro tutto fresco e non faccio scadere le scorte nel frigo Perch\u00e9 posso andarci anche a piedi e non mi perdo in parcheggi sterminati &#8230; continua a leggere su blogcq24","og_url":"https:\/\/lbcomunicazione.org\/index.php\/2019\/01\/13\/11-motivi-per-cui-scelgo-di-comprare-nei-negozi-di-paese-bertonico\/","og_site_name":"blog TG24 la comunicazione","article_publisher":"https:\/\/www.facebook.com\/beezzup\/","article_published_time":"2019-01-13T20:19:17+00:00","article_modified_time":"2019-01-16T12:03:58+00:00","og_image":[{"width":715,"height":400,"url":"https:\/\/lbcomunicazione.org\/wp-content\/uploads\/2019\/01\/alimentari-dal-biondo.jpg","type":"image\/jpeg"}],"author":"cu7HLsPdUh","twitter_card":"summary_large_image","twitter_creator":"@beezzup","twitter_site":"@beezzup","twitter_misc":{"Scritto da":"cu7HLsPdUh"},"schema":{"@context":"https:\/\/schema.org","@graph":[{"@type":"Article","@id":"https:\/\/lbcomunicazione.org\/index.php\/2019\/01\/13\/11-motivi-per-cui-scelgo-di-comprare-nei-negozi-di-paese-bertonico\/#article","isPartOf":{"@id":"https:\/\/lbcomunicazione.org\/index.php\/2019\/01\/13\/11-motivi-per-cui-scelgo-di-comprare-nei-negozi-di-paese-bertonico\/"},"author":{"name":"cu7HLsPdUh","@id":"https:\/\/lbcomunicazione.org\/#\/schema\/person\/9bd75d761cf35435c5d27926cbd3503d"},"headline":"11\u00a0motivi per cui scelgo di comprare nei negozi di paese","datePublished":"2019-01-13T20:19:17+00:00","dateModified":"2019-01-16T12:03:58+00:00","mainEntityOfPage":{"@id":"https:\/\/lbcomunicazione.org\/index.php\/2019\/01\/13\/11-motivi-per-cui-scelgo-di-comprare-nei-negozi-di-paese-bertonico\/"},"wordCount":69,"commentCount":0,"publisher":{"@id":"https:\/\/lbcomunicazione.org\/#organization"},"image":{"@id":"https:\/\/lbcomunicazione.org\/index.php\/2019\/01\/13\/11-motivi-per-cui-scelgo-di-comprare-nei-negozi-di-paese-bertonico\/#primaryimage"},"thumbnailUrl":"https:\/\/lbcomunicazione.org\/wp-content\/uploads\/2019\/01\/alimentari-dal-biondo.jpg","keywords":["maurizio sarlo","negozi di paese"],"articleSection":["economia"],"inLanguage":"it-IT","potentialAction":[{"@type":"CommentAction","name":"Comment","target":["https:\/\/lbcomunicazione.org\/index.php\/2019\/01\/13\/11-motivi-per-cui-scelgo-di-comprare-nei-negozi-di-paese-bertonico\/#respond"]}]},{"@type":"WebPage","@id":"https:\/\/lbcomunicazione.org\/index.php\/2019\/01\/13\/11-motivi-per-cui-scelgo-di-comprare-nei-negozi-di-paese-bertonico\/","url":"https:\/\/lbcomunicazione.org\/index.php\/2019\/01\/13\/11-motivi-per-cui-scelgo-di-comprare-nei-negozi-di-paese-bertonico\/","name":"11\u00a0motivi per cui scelgo di comprare nei negozi di paese - blog TG24 la comunicazione","isPartOf":{"@id":"https:\/\/lbcomunicazione.org\/#website"},"primaryImageOfPage":{"@id":"https:\/\/lbcomunicazione.org\/index.php\/2019\/01\/13\/11-motivi-per-cui-scelgo-di-comprare-nei-negozi-di-paese-bertonico\/#primaryimage"},"image":{"@id":"https:\/\/lbcomunicazione.org\/index.php\/2019\/01\/13\/11-motivi-per-cui-scelgo-di-comprare-nei-negozi-di-paese-bertonico\/#primaryimage"},"thumbnailUrl":"https:\/\/lbcomunicazione.org\/wp-content\/uploads\/2019\/01\/alimentari-dal-biondo.jpg","datePublished":"2019-01-13T20:19:17+00:00","dateModified":"2019-01-16T12:03:58+00:00","breadcrumb":{"@id":"https:\/\/lbcomunicazione.org\/index.php\/2019\/01\/13\/11-motivi-per-cui-scelgo-di-comprare-nei-negozi-di-paese-bertonico\/#breadcrumb"},"inLanguage":"it-IT","potentialAction":[{"@type":"ReadAction","target":["https:\/\/lbcomunicazione.org\/index.php\/2019\/01\/13\/11-motivi-per-cui-scelgo-di-comprare-nei-negozi-di-paese-bertonico\/"]}]},{"@type":"ImageObject","inLanguage":"it-IT","@id":"https:\/\/lbcomunicazione.org\/index.php\/2019\/01\/13\/11-motivi-per-cui-scelgo-di-comprare-nei-negozi-di-paese-bertonico\/#primaryimage","url":"https:\/\/lbcomunicazione.org\/wp-content\/uploads\/2019\/01\/alimentari-dal-biondo.jpg","contentUrl":"https:\/\/lbcomunicazione.org\/wp-content\/uploads\/2019\/01\/alimentari-dal-biondo.jpg","width":715,"height":400,"caption":"11\u00a0motivi per cui scelgo di comprare nei negozi di paese"},{"@type":"BreadcrumbList","@id":"https:\/\/lbcomunicazione.org\/index.php\/2019\/01\/13\/11-motivi-per-cui-scelgo-di-comprare-nei-negozi-di-paese-bertonico\/#breadcrumb","itemListElement":[{"@type":"ListItem","position":1,"name":"Home","item":"https:\/\/lbcomunicazione.org\/"},{"@type":"ListItem","position":2,"name":"11\u00a0motivi per cui scelgo di comprare nei negozi di paese"}]},{"@type":"WebSite","@id":"https:\/\/lbcomunicazione.org\/#website","url":"https:\/\/lbcomunicazione.org\/","name":"blogTG24lacomunicazione.org","description":"Siamo una squadra di blogger, che desiderano dare voce a quelle notizie, realt\u00e0, associazioni, che non sono divulgate dai giornali e media","publisher":{"@id":"https:\/\/lbcomunicazione.org\/#organization"},"potentialAction":[{"@type":"SearchAction","target":{"@type":"EntryPoint","urlTemplate":"https:\/\/lbcomunicazione.org\/?s={search_term_string}"},"query-input":{"@type":"PropertyValueSpecification","valueRequired":true,"valueName":"search_term_string"}}],"inLanguage":"it-IT"},{"@type":"Organization","@id":"https:\/\/lbcomunicazione.org\/#organization","name":"blogtg24lacomunicazione","url":"https:\/\/lbcomunicazione.org\/","logo":{"@type":"ImageObject","inLanguage":"it-IT","@id":"https:\/\/lbcomunicazione.org\/#\/schema\/logo\/image\/","url":"https:\/\/lbcomunicazione.org\/wp-content\/uploads\/2019\/01\/logo-cfpblogger.jpg","contentUrl":"https:\/\/lbcomunicazione.org\/wp-content\/uploads\/2019\/01\/logo-cfpblogger.jpg","width":680,"height":709,"caption":"blogtg24lacomunicazione"},"image":{"@id":"https:\/\/lbcomunicazione.org\/#\/schema\/logo\/image\/"},"sameAs":["https:\/\/www.facebook.com\/beezzup\/","https:\/\/x.com\/beezzup","https:\/\/www.instagram.com\/beezzup\/","https:\/\/www.pinterest.it\/beezzup\/","https:\/\/www.youtube.com\/channel\/UCPeEGg5tKdoyOPK--mGE5Yg"]},{"@type":"Person","@id":"https:\/\/lbcomunicazione.org\/#\/schema\/person\/9bd75d761cf35435c5d27926cbd3503d","name":"cu7HLsPdUh","image":{"@type":"ImageObject","inLanguage":"it-IT","@id":"https:\/\/lbcomunicazione.org\/#\/schema\/person\/image\/","url":"https:\/\/secure.gravatar.com\/avatar\/101113c815cf348e7d21e92cb7e0e8809900e3e5ec6f50e406dcd18ea84c860e?s=96&d=mm&r=g","contentUrl":"https:\/\/secure.gravatar.com\/avatar\/101113c815cf348e7d21e92cb7e0e8809900e3e5ec6f50e406dcd18ea84c860e?s=96&d=mm&r=g","caption":"cu7HLsPdUh"},"url":"https:\/\/lbcomunicazione.org\/index.php\/author\/cu7hlspduh\/"}]}},"_links":{"self":[{"href":"https:\/\/lbcomunicazione.org\/index.php\/wp-json\/wp\/v2\/posts\/109","targetHints":{"allow":["GET"]}}],"collection":[{"href":"https:\/\/lbcomunicazione.org\/index.php\/wp-json\/wp\/v2\/posts"}],"about":[{"href":"https:\/\/lbcomunicazione.org\/index.php\/wp-json\/wp\/v2\/types\/post"}],"author":[{"embeddable":true,"href":"https:\/\/lbcomunicazione.org\/index.php\/wp-json\/wp\/v2\/users\/1"}],"replies":[{"embeddable":true,"href":"https:\/\/lbcomunicazione.org\/index.php\/wp-json\/wp\/v2\/comments?post=109"}],"version-history":[{"count":0,"href":"https:\/\/lbcomunicazione.org\/index.php\/wp-json\/wp\/v2\/posts\/109\/revisions"}],"wp:featuredmedia":[{"embeddable":true,"href":"https:\/\/lbcomunicazione.org\/index.php\/wp-json\/wp\/v2\/media\/110"}],"wp:attachment":[{"href":"https:\/\/lbcomunicazione.org\/index.php\/wp-json\/wp\/v2\/media?parent=109"}],"wp:term":[{"taxonomy":"category","embeddable":true,"href":"https:\/\/lbcomunicazione.org\/index.php\/wp-json\/wp\/v2\/categories?post=109"},{"taxonomy":"post_tag","embeddable":true,"href":"https:\/\/lbcomunicazione.org\/index.php\/wp-json\/wp\/v2\/tags?post=109"}],"curies":[{"name":"wp","href":"https:\/\/api.w.org\/{rel}","templated":true}]}}